{"id":9876,"date":"2024-09-27T10:00:53","date_gmt":"2024-09-27T07:00:53","guid":{"rendered":"https:\/\/musicmedia.fi\/?p=9876"},"modified":"2024-11-04T10:36:56","modified_gmt":"2024-11-04T08:36:56","slug":"tampereen-tahtikatu-sai-uusia-kirkkaita-tahtia","status":"publish","type":"post","link":"https:\/\/musicmedia.fi\/fi\/tampereen-tahtikatu-sai-uusia-kirkkaita-tahtia\/","title":{"rendered":"Tampereen T\u00e4htikatu sai uusia kirkkaita t\u00e4hti\u00e4"},"content":{"rendered":"<p>Viisi vuotta t\u00e4ytt\u00e4v\u00e4 Tampereen kansainv\u00e4lisen musiikin T\u00e4htikatu saa uusia t\u00e4htilaattoja j\u00e4lleen 27.9.2024. Tuolloin oman t\u00e4htens\u00e4 katuun saavat Kaj Chydenius, Pave Maijanen, PMMP, Aino Ackt\u00e9, Toivo K\u00e4rki, Jaakko Ryh\u00e4nen, Juhani Merimaa ja Virve &#8221;Vicky&#8221; Rosti.<\/p>\n<p>\u00c5kerlundinkadulla Tullin alueella sijaitseva T\u00e4htikatu juhlistaa ja kunnioittaa kotimaisen ja kansainv\u00e4lisen musiikkialan keskeisi\u00e4 toimijoita Manserockin syntysijoilla. Kadulle lis\u00e4t\u00e4\u00e4n vuosittain 3\u20138 uutta t\u00e4hte\u00e4 yleis\u00f6ehdotusten pohjalta. T\u00e4h\u00e4n menness\u00e4 katuun on ikuistettu kolmekymment\u00e4 musiikkialan merkkihenkil\u00f6\u00e4. Kiinnostus t\u00e4htien valintaan oli taas suurta, sill\u00e4 ehdotuksia tuli per\u00e4ti 1225 kappaletta.<\/p>\n<p>T\u00e4hti\u00e4 valittaessa on otettu huomioon niiden jakautuminen muun muassa eri sukupuolille, maantieteellisesti ja eri aikakausien edustajille. T\u00e4htien saajat edustavat musiikkia valtakunnallisesti, mutta ottavat my\u00f6s Tampereen perinn\u00f6n huomioon.<\/p>\n<p>&#8211; Kulttuuri ja vapaa-aikalautakunta k\u00e4vi ennen p\u00e4\u00e4t\u00f6st\u00e4 perusteellisen keskustelun ja oli yksimielisesti t\u00e4m\u00e4n monipuolisesti eri aikakaudet sek\u00e4 musiikkilajit esiin tuovan pohjaesityksen kannalla. T\u00e4htilaatat kunnioittavat huomioitavien taiteilijoiden ja musiikkivaikuttajien monella tapaa merkityksellisi\u00e4 uria, toteaa Tampereen sivistyspalveluista vastaava apulaispormestari <strong>Matti Helimo<\/strong>.<\/p>\n<p><strong>Vuoden 2024 t\u00e4hdet<\/strong><\/p>\n<p>S\u00e4velt\u00e4j\u00e4 <strong>Kaj Chydenius<\/strong> (1939\u20132024) nousi 1960\u201370-luvuilla poliittisen laululiikkeen ja n\u00e4ytt\u00e4m\u00f6musiikin merkitt\u00e4v\u00e4ksi vaikuttajaksi. H\u00e4nen tuotantonsa kattaa laajan kirjon musiikillisia tyylej\u00e4 ja genrej\u00e4: pop-kappaleita, poliittisia lauluja, teatteri- ja elokuvamusiikkia, lastenlauluja, kabaree-esityksi\u00e4, virsi\u00e4, kuoroteoksia, kamarimusiikkia ja oratorioita. Chydenius on palkittu merkitt\u00e4v\u00e4st\u00e4 panoksestaan suomalaiseen musiikkiin, kuten Pro Finlandia -mitalilla vuonna 1996 ja Taiteen valtionpalkinnolla vuonna 2006. H\u00e4nen vaikutuksensa suomalaiseen musiikkiin ja kulttuuriin on ollut pitk\u00e4aikainen ja merkitt\u00e4v\u00e4. Kaj Chydenius menehtyi 84-vuotiaana Helsingiss\u00e4 vuonna 2024. H\u00e4nen luomisty\u00f6ns\u00e4 j\u00e4tti ainutlaatuisen j\u00e4ljen suomalaiseen musiikkihistoriaan.<\/p>\n<p><strong>Pave Maijanen<\/strong> (1950\u20132021) oli yksi kotimaisen musiikkikent\u00e4n monipuolisimmista vaikuttajista, jonka vaikutus ulottui laajalle. H\u00e4n oli sek\u00e4 arvostettu muusikko ett\u00e4 tuottaja, ja h\u00e4net tunnettiin erityisesti 1980-luvulla yhten\u00e4 maan suosituimmista laulajista. Lis\u00e4ksi Pave Maijanen oli tunnettu monipuolisista musiikillisista kyvyist\u00e4\u00e4n ja rooleistaan monissa eri musiikkiprojekteissa. Pitk\u00e4n uran tehnyt Maijanen nousi suureen suosioon 1980-luvun hiteill\u00e4\u00e4n \u201cPid\u00e4 huolta\u201d, \u201cL\u00e4htisitk\u00f6\u201d ja \u201cJano\u201d. Pave Maijanen menehtyi Helsingiss\u00e4 vuonna 2021. Maijasen vaikutus suomalaiseen musiikkikentt\u00e4\u00e4n oli merkitt\u00e4v\u00e4 ja h\u00e4nen musiikkinsa j\u00e4tti pysyv\u00e4n j\u00e4ljen suomalaiseen musiikkikulttuuriin.<\/p>\n<p><strong>PMMP<\/strong> on yksi 2000-luvun merkitt\u00e4vimmist\u00e4 suomalaisista yhtyeist\u00e4. Laulajat <strong>Paula Vesala<\/strong> ja <strong>Mira Luoti<\/strong> perustivat yhtyeen vuonna 2003. Kymmenen vuoden aikana PMMP saavutti poikkeuksellisen menestyksen, voittaen yhdeks\u00e4n Emma-palkintoa ja julkaisten seitsem\u00e4n albumia, joita on myyty satoja tuhansia kappaleita. B\u00e4ndi tunnettiin hittiens\u00e4 lis\u00e4ksi energisist\u00e4 keikoistaan, jotka olivat loppuunmyytyj\u00e4 kiertue toisensa j\u00e4lkeen. PMMP tuli nopeasti tunnetuksi monipuolisesta musiikillisesta tyylist\u00e4\u00e4n, joka yhdisteli poppia, rockia ja punkia. Yhtyeen tunnetuimpia kappaleita ovat muun muassa &#8221;Rusketusraidat,&#8221; &#8221;Matkalaulu,&#8221; &#8221;Joutsenet,&#8221; ja &#8221;Lautturi.&#8221; Vuonna 2013 yhtye lopetti keikkailun, mutta ilmoitti vuonna 2023 tekev\u00e4ns\u00e4 paluun, esiintyen kahdessa loppuunmyydyss\u00e4 konsertissa Olympiastadionilla elokuussa 2024, sek\u00e4 muutamilla kes\u00e4n 2024 festivaaleilla.<\/p>\n<p><strong>Aino Ackt\u00e9<\/strong> (1876\u20131944) oli kansainv\u00e4linen oopperat\u00e4hti ja suomalaisen oopperan edist\u00e4j\u00e4, joka oli keskeinen Savonlinnan Oopperajuhlien k\u00e4ynnist\u00e4j\u00e4. H\u00e4n oli 1800- ja 1900-luvun taitteen merkitt\u00e4vin suomalainen laulaja, joka nousi Pariisin Suuren Oopperan lyyrisest\u00e4 sopraanosta eurooppalaisen draamaoopperan t\u00e4hdeksi. Ackt\u00e9 saavutti suurimmat kansainv\u00e4liset menestyksens\u00e4 Salomen roolissa, jossa h\u00e4n edusti aikansa modernismia. My\u00f6hemmin h\u00e4n suuntasi musikaalisuutensa ja ty\u00f6kykyns\u00e4 kotimaisen oopperan edist\u00e4miseen ja h\u00e4nest\u00e4 tuli 1900-luvun alun huomattava kulttuuripersoonallisuus.<\/p>\n<p><strong>Toivo K\u00e4rki<\/strong> (1915\u20131992) oli merkitt\u00e4v\u00e4 suomalainen s\u00e4velt\u00e4j\u00e4, pianisti ja kapellimestari, joka vaikutti suuresti sodanj\u00e4lkeisen iskelm\u00e4n kehitykseen. H\u00e4n teki yhteisty\u00f6t\u00e4 monien tunnettujen sanoittajien kanssa ja h\u00e4nt\u00e4 pidettiin alalla arvostettuna tuottajana. K\u00e4rjen s\u00e4vellyksi\u00e4 on levytetty noin 1330, ja monista tehtiin useita versioita. H\u00e4nen musiikkiaan kuultiin muun muassa n\u00e4ytelmiss\u00e4, elokuvissa, revyiss\u00e4 ja radio-ohjelmissa. Toivo K\u00e4rjen tunnetuimpia s\u00e4vellyksi\u00e4 ovat esimerkiksi kappaleet \u201dLent\u00e4v\u00e4 kalakukko\u201d, \u201dJos viel\u00e4 oot vapaa\u201d, \u201dVanha salakuljettaja Laitinen\u201d ja \u201dReppu ja reissumies\u201d. H\u00e4nen musiikillinen perint\u00f6ns\u00e4 el\u00e4\u00e4 edelleen vahvana suomalaisessa iskelm\u00e4- ja tangomusiikissa.<\/p>\n<p>Oopperalaulaja (1945 -&gt;) <strong>Jaakko Ryh\u00e4nen<\/strong> on yksi aikamme maineikkaimpia bassoja. H\u00e4nen uransa alkoi 1970-luvun alkupuolella, ja siit\u00e4 l\u00e4htien h\u00e4n on laulanut oopperakirjallisuuden suuria bassorooleja maailman t\u00e4rkeimmiss\u00e4 oopperataloissa. Ryh\u00e4nen on tehnyt merkitt\u00e4v\u00e4n kansainv\u00e4lisen konserttisolistin uran ja lukuisia levytyksi\u00e4, mink\u00e4 lis\u00e4ksi h\u00e4nell\u00e4 on ollut pitk\u00e4 ura laulupedagogina. H\u00e4n on my\u00f6s toiminut professorina Sibelius-Akatemiassa, sek\u00e4 professorina ja osaston johtajana Viron musiikki- ja teatteriakatemian lauluosastolla Tallinnassa. Ryh\u00e4nen on palkittu mm. Pro Finlandia -mitalilla (1988) sek\u00e4 Suomen Kulttuurirahaston Lea Piltti -palkinnolla (2024) menestyksekk\u00e4\u00e4st\u00e4 kansainv\u00e4lisest\u00e4 taiteilijan urasta.<\/p>\n<p><strong>Juhani Merimaa<\/strong> (1947 -&gt;) on ollut merkitt\u00e4v\u00e4 vaikuttajahahmo suomalaisessa musiikkibisneksess\u00e4 l\u00e4hes nelj\u00e4n vuosikymmenen ajan. H\u00e4n on toiminut Suomen legendaarisen rock-klubi Tavastian toimitusjohtajana vuodesta 1980 aina vuoteen 2023 asti, asti, jolloin h\u00e4n siirtyi ansaitulle el\u00e4kkeelle. Merimaa on ollut keskeisess\u00e4 roolissa my\u00f6s vet\u00e4m\u00e4ss\u00e4 Ankkarock- ja Ruisrock-festivaaleja ja h\u00e4nt\u00e4 pidet\u00e4\u00e4n miehen\u00e4, joka toi rock&#8217;n&#8217;rollin Suomeen. H\u00e4nen ty\u00f6panoksensa suomalaisen musiikkikent\u00e4n kehitt\u00e4misess\u00e4 ja edist\u00e4misess\u00e4 on ollut hyvin merkitt\u00e4v\u00e4. Merimaan aikana Tavastia on noussut kansainv\u00e4lisesti arvostetuksi live-klubiksi ja Ankkarock aikanaan, sek\u00e4 Ruisrock ovat vakiinnuttaneet asemansa Suomen suurimpina ja suosituimpina festivaaleina.<\/p>\n<p><strong>Virve &#8221;Vicky&#8221; Rosti<\/strong> (1958 -&gt;) on pitk\u00e4n ja menestyksekk\u00e4\u00e4n uran tehnyt palkittu artisti, joka on saanut muun muassa Iskelm\u00e4-Finlandian vuonna 2019 ja Erikois-Emman merkitt\u00e4v\u00e4st\u00e4 urastaan \u00e4\u00e4nitemusiikin saralla vuonna 2022. H\u00e4nen tunnetuimpia hittibiisej\u00e4\u00e4n ovat mm. &#8221;Kun Chicago kuoli&#8221;, &#8221;Tuolta saapuu Charlie Brown&#8221; ja &#8221;N\u00e4ink\u00f6 aina meille t\u00e4\u00e4ll\u00e4 k\u00e4y&#8221;. Rosti edusti Suomea Euroviisuissa vuonna 1987 Brysseliss\u00e4 kappaleella &#8221;Sata salamaa&#8221;. Virve Rosti tunnetaan my\u00f6s Menneisyyden vangit -yhtyeen solistina, ja h\u00e4n on esiintynyt yli 5 000 keikalla eri kokoonpanoilla ymp\u00e4ri Suomea. H\u00e4nen laaja-alainen musiikillinen tuotantonsa ja energinen esiintymisens\u00e4 ovat tehneet Rostista yhden Suomen rakastetuimmista ja tunnetuimmista artisteista.<\/p>\n<p>Suomen Musiikki &amp; Media-Tapahtumat S.M.M. Oy:n hallitus tekee vuosittain esityksen t\u00e4hdist\u00e4 Tampereen kulttuuri- ja vapaa-aikalautakunnalle, joka tekee lopullisen p\u00e4\u00e4t\u00f6ksen. Esityksen pohjana ovat yleis\u00f6n ehdotukset.<\/p>\n<p>T\u00e4htikadussa mukana ovat Tampereen kaupunki, Music x Media -tapahtuma, Tampere-talo ja Bauer Media.<\/p>\n<p>&nbsp;<\/p>\n<p><a href=\"https:\/\/www.tampere.fi\/kulttuuri-ja-museot\/kulttuurielamyksia-ja-tapahtumia\/tahtikatu-walk-fame-finland\">T\u00e4htikatu \u2013 Walk of Fame Finland [Tampereen kaupunki &#8211; Kulttuuri ja museot &#8211; Kulttuuriel\u00e4myksi\u00e4 ja tapahtumia]<\/a><\/p>\n<p>&nbsp;<\/p>\n<p><img fetchpriority=\"high\" decoding=\"async\" class=\"alignnone size-medium wp-image-9892\" src=\"https:\/\/musicmedia.fi\/wp-content\/uploads\/2024\/09\/20240925_Tahtikatu_0011_Laura_Happo-300x200.jpg\" alt=\"\" width=\"300\" height=\"200\" srcset=\"https:\/\/musicmedia.fi\/wp-content\/uploads\/2024\/09\/20240925_Tahtikatu_0011_Laura_Happo-300x200.jpg 300w, https:\/\/musicmedia.fi\/wp-content\/uploads\/2024\/09\/20240925_Tahtikatu_0011_Laura_Happo-1024x683.jpg 1024w, https:\/\/musicmedia.fi\/wp-content\/uploads\/2024\/09\/20240925_Tahtikatu_0011_Laura_Happo-768x512.jpg 768w, https:\/\/musicmedia.fi\/wp-content\/uploads\/2024\/09\/20240925_Tahtikatu_0011_Laura_Happo-1536x1024.jpg 1536w, https:\/\/musicmedia.fi\/wp-content\/uploads\/2024\/09\/20240925_Tahtikatu_0011_Laura_Happo-2048x1365.jpg 2048w, https:\/\/musicmedia.fi\/wp-content\/uploads\/2024\/09\/20240925_Tahtikatu_0011_Laura_Happo-18x12.jpg 18w\" sizes=\"(max-width: 300px) 100vw, 300px\" \/><img decoding=\"async\" class=\"alignnone size-medium wp-image-9895\" src=\"https:\/\/musicmedia.fi\/wp-content\/uploads\/2024\/09\/20240925_Tahtikatu_0001_Laura_Happo-300x200.jpg\" alt=\"\" width=\"300\" height=\"200\" srcset=\"https:\/\/musicmedia.fi\/wp-content\/uploads\/2024\/09\/20240925_Tahtikatu_0001_Laura_Happo-300x200.jpg 300w, https:\/\/musicmedia.fi\/wp-content\/uploads\/2024\/09\/20240925_Tahtikatu_0001_Laura_Happo-1024x683.jpg 1024w, https:\/\/musicmedia.fi\/wp-content\/uploads\/2024\/09\/20240925_Tahtikatu_0001_Laura_Happo-768x512.jpg 768w, https:\/\/musicmedia.fi\/wp-content\/uploads\/2024\/09\/20240925_Tahtikatu_0001_Laura_Happo-1536x1024.jpg 1536w, https:\/\/musicmedia.fi\/wp-content\/uploads\/2024\/09\/20240925_Tahtikatu_0001_Laura_Happo-2048x1365.jpg 2048w, https:\/\/musicmedia.fi\/wp-content\/uploads\/2024\/09\/20240925_Tahtikatu_0001_Laura_Happo-18x12.jpg 18w\" sizes=\"(max-width: 300px) 100vw, 300px\" \/><img decoding=\"async\" class=\"alignnone size-medium wp-image-9894\" src=\"https:\/\/musicmedia.fi\/wp-content\/uploads\/2024\/09\/20240925_Tahtikatu_0003_Laura_Happo-300x200.jpg\" alt=\"\" width=\"300\" height=\"200\" srcset=\"https:\/\/musicmedia.fi\/wp-content\/uploads\/2024\/09\/20240925_Tahtikatu_0003_Laura_Happo-300x200.jpg 300w, https:\/\/musicmedia.fi\/wp-content\/uploads\/2024\/09\/20240925_Tahtikatu_0003_Laura_Happo-1024x683.jpg 1024w, https:\/\/musicmedia.fi\/wp-content\/uploads\/2024\/09\/20240925_Tahtikatu_0003_Laura_Happo-768x512.jpg 768w, https:\/\/musicmedia.fi\/wp-content\/uploads\/2024\/09\/20240925_Tahtikatu_0003_Laura_Happo-1536x1024.jpg 1536w, https:\/\/musicmedia.fi\/wp-content\/uploads\/2024\/09\/20240925_Tahtikatu_0003_Laura_Happo-2048x1365.jpg 2048w, https:\/\/musicmedia.fi\/wp-content\/uploads\/2024\/09\/20240925_Tahtikatu_0003_Laura_Happo-18x12.jpg 18w\" sizes=\"(max-width: 300px) 100vw, 300px\" \/><img loading=\"lazy\" decoding=\"async\" class=\"alignnone size-medium wp-image-9893\" src=\"https:\/\/musicmedia.fi\/wp-content\/uploads\/2024\/09\/20240925_Tahtikatu_0007_Laura_Happo-1-300x200.jpg\" alt=\"\" width=\"300\" height=\"200\" srcset=\"https:\/\/musicmedia.fi\/wp-content\/uploads\/2024\/09\/20240925_Tahtikatu_0007_Laura_Happo-1-300x200.jpg 300w, https:\/\/musicmedia.fi\/wp-content\/uploads\/2024\/09\/20240925_Tahtikatu_0007_Laura_Happo-1-1024x683.jpg 1024w, https:\/\/musicmedia.fi\/wp-content\/uploads\/2024\/09\/20240925_Tahtikatu_0007_Laura_Happo-1-768x512.jpg 768w, https:\/\/musicmedia.fi\/wp-content\/uploads\/2024\/09\/20240925_Tahtikatu_0007_Laura_Happo-1-1536x1024.jpg 1536w, https:\/\/musicmedia.fi\/wp-content\/uploads\/2024\/09\/20240925_Tahtikatu_0007_Laura_Happo-1-2048x1365.jpg 2048w, https:\/\/musicmedia.fi\/wp-content\/uploads\/2024\/09\/20240925_Tahtikatu_0007_Laura_Happo-1-18x12.jpg 18w\" sizes=\"(max-width: 300px) 100vw, 300px\" \/><img loading=\"lazy\" decoding=\"async\" class=\"alignnone size-medium wp-image-9889\" src=\"https:\/\/musicmedia.fi\/wp-content\/uploads\/2024\/09\/20240925_Tahtikatu_0034_Laura_Happo-300x200.jpg\" alt=\"\" width=\"300\" height=\"200\" srcset=\"https:\/\/musicmedia.fi\/wp-content\/uploads\/2024\/09\/20240925_Tahtikatu_0034_Laura_Happo-300x200.jpg 300w, https:\/\/musicmedia.fi\/wp-content\/uploads\/2024\/09\/20240925_Tahtikatu_0034_Laura_Happo-1024x683.jpg 1024w, https:\/\/musicmedia.fi\/wp-content\/uploads\/2024\/09\/20240925_Tahtikatu_0034_Laura_Happo-768x512.jpg 768w, https:\/\/musicmedia.fi\/wp-content\/uploads\/2024\/09\/20240925_Tahtikatu_0034_Laura_Happo-1536x1024.jpg 1536w, https:\/\/musicmedia.fi\/wp-content\/uploads\/2024\/09\/20240925_Tahtikatu_0034_Laura_Happo-2048x1365.jpg 2048w, https:\/\/musicmedia.fi\/wp-content\/uploads\/2024\/09\/20240925_Tahtikatu_0034_Laura_Happo-18x12.jpg 18w\" sizes=\"(max-width: 300px) 100vw, 300px\" \/><img loading=\"lazy\" decoding=\"async\" class=\"alignnone size-medium wp-image-9890\" src=\"https:\/\/musicmedia.fi\/wp-content\/uploads\/2024\/09\/20240925_Tahtikatu_0027_Laura_Happo-300x200.jpg\" alt=\"\" width=\"300\" height=\"200\" srcset=\"https:\/\/musicmedia.fi\/wp-content\/uploads\/2024\/09\/20240925_Tahtikatu_0027_Laura_Happo-300x200.jpg 300w, https:\/\/musicmedia.fi\/wp-content\/uploads\/2024\/09\/20240925_Tahtikatu_0027_Laura_Happo-1024x683.jpg 1024w, https:\/\/musicmedia.fi\/wp-content\/uploads\/2024\/09\/20240925_Tahtikatu_0027_Laura_Happo-768x512.jpg 768w, https:\/\/musicmedia.fi\/wp-content\/uploads\/2024\/09\/20240925_Tahtikatu_0027_Laura_Happo-1536x1024.jpg 1536w, https:\/\/musicmedia.fi\/wp-content\/uploads\/2024\/09\/20240925_Tahtikatu_0027_Laura_Happo-2048x1365.jpg 2048w, https:\/\/musicmedia.fi\/wp-content\/uploads\/2024\/09\/20240925_Tahtikatu_0027_Laura_Happo-18x12.jpg 18w\" sizes=\"(max-width: 300px) 100vw, 300px\" \/><img loading=\"lazy\" decoding=\"async\" class=\"alignnone size-medium wp-image-9888\" src=\"https:\/\/musicmedia.fi\/wp-content\/uploads\/2024\/09\/20240925_Tahtikatu_0040_Laura_Happo-300x200.jpg\" alt=\"\" width=\"300\" height=\"200\" srcset=\"https:\/\/musicmedia.fi\/wp-content\/uploads\/2024\/09\/20240925_Tahtikatu_0040_Laura_Happo-300x200.jpg 300w, https:\/\/musicmedia.fi\/wp-content\/uploads\/2024\/09\/20240925_Tahtikatu_0040_Laura_Happo-1024x683.jpg 1024w, https:\/\/musicmedia.fi\/wp-content\/uploads\/2024\/09\/20240925_Tahtikatu_0040_Laura_Happo-768x512.jpg 768w, https:\/\/musicmedia.fi\/wp-content\/uploads\/2024\/09\/20240925_Tahtikatu_0040_Laura_Happo-1536x1024.jpg 1536w, https:\/\/musicmedia.fi\/wp-content\/uploads\/2024\/09\/20240925_Tahtikatu_0040_Laura_Happo-2048x1365.jpg 2048w, https:\/\/musicmedia.fi\/wp-content\/uploads\/2024\/09\/20240925_Tahtikatu_0040_Laura_Happo-18x12.jpg 18w\" sizes=\"(max-width: 300px) 100vw, 300px\" \/><img loading=\"lazy\" decoding=\"async\" class=\"alignnone size-medium wp-image-9891\" src=\"https:\/\/musicmedia.fi\/wp-content\/uploads\/2024\/09\/20240925_Tahtikatu_0019_Laura_Happo-300x200.jpg\" alt=\"\" width=\"300\" height=\"200\" srcset=\"https:\/\/musicmedia.fi\/wp-content\/uploads\/2024\/09\/20240925_Tahtikatu_0019_Laura_Happo-300x200.jpg 300w, https:\/\/musicmedia.fi\/wp-content\/uploads\/2024\/09\/20240925_Tahtikatu_0019_Laura_Happo-1024x683.jpg 1024w, https:\/\/musicmedia.fi\/wp-content\/uploads\/2024\/09\/20240925_Tahtikatu_0019_Laura_Happo-768x512.jpg 768w, https:\/\/musicmedia.fi\/wp-content\/uploads\/2024\/09\/20240925_Tahtikatu_0019_Laura_Happo-1536x1024.jpg 1536w, https:\/\/musicmedia.fi\/wp-content\/uploads\/2024\/09\/20240925_Tahtikatu_0019_Laura_Happo-2048x1365.jpg 2048w, https:\/\/musicmedia.fi\/wp-content\/uploads\/2024\/09\/20240925_Tahtikatu_0019_Laura_Happo-18x12.jpg 18w\" sizes=\"(max-width: 300px) 100vw, 300px\" \/><\/p>\n<p>Artikkelin kansikuva: Miikka Varila<\/p>\n<p>T\u00e4htikatukuvat: Laura Happo<\/p>\n","protected":false},"excerpt":{"rendered":"<p>Viisi vuotta t\u00e4ytt\u00e4v\u00e4 Tampereen kansainv\u00e4lisen musiikin T\u00e4htikatu saa uusia t\u00e4htilaattoja j\u00e4lleen 27.9.2024. Tuolloin oman t\u00e4htens\u00e4 katuun saavat Kaj Chydenius, Pave Maijanen, PMMP, Aino Ackt\u00e9, Toivo K\u00e4rki, Jaakko Ryh\u00e4nen, Juhani Merimaa ja Virve &#8221;Vicky&#8221; Rosti. \u00c5kerlundinkadulla Tullin alueella sijaitseva T\u00e4htikatu juhlistaa ja kunnioittaa kotimaisen ja kansainv\u00e4lisen musiikkialan keskeisi\u00e4 toimijoita Manserockin syntysijoilla. Kadulle lis\u00e4t\u00e4\u00e4n vuosittain 3\u20138 uutta [&hellip;]<\/p>\n","protected":false},"author":11,"featured_media":9877,"comment_status":"closed","ping_status":"open","sticky":false,"template":"","format":"standard","meta":{"_acf_changed":false,"inline_featured_image":false,"footnotes":""},"categories":[756],"tags":[],"class_list":["post-9876","post","type-post","status-publish","format-standard","has-post-thumbnail","hentry","category-vain-suomeksi"],"acf":[],"yoast_head":"<!-- This site is optimized with the Yoast SEO plugin v25.7 - https:\/\/yoast.com\/wordpress\/plugins\/seo\/ -->\n<title>Tampereen T\u00e4htikatu sai uusia kirkkaita t\u00e4hti\u00e4 - Music x Media<\/title>\n<meta name=\"robots\" content=\"index, follow, max-snippet:-1, max-image-preview:large, max-video-preview:-1\" \/>\n<link rel=\"canonical\" href=\"https:\/\/musicmedia.fi\/fi\/tampereen-tahtikatu-sai-uusia-kirkkaita-tahtia\/\" \/>\n<meta property=\"og:locale\" content=\"fi_FI\" \/>\n<meta property=\"og:type\" content=\"article\" \/>\n<meta property=\"og:title\" content=\"Tampereen T\u00e4htikatu sai uusia kirkkaita t\u00e4hti\u00e4 - Music x Media\" \/>\n<meta property=\"og:description\" content=\"Viisi vuotta t\u00e4ytt\u00e4v\u00e4 Tampereen kansainv\u00e4lisen musiikin T\u00e4htikatu saa uusia t\u00e4htilaattoja j\u00e4lleen 27.9.2024. Tuolloin oman t\u00e4htens\u00e4 katuun saavat Kaj Chydenius, Pave Maijanen, PMMP, Aino Ackt\u00e9, Toivo K\u00e4rki, Jaakko Ryh\u00e4nen, Juhani Merimaa ja Virve &#8221;Vicky&#8221; Rosti. \u00c5kerlundinkadulla Tullin alueella sijaitseva T\u00e4htikatu juhlistaa ja kunnioittaa kotimaisen ja kansainv\u00e4lisen musiikkialan keskeisi\u00e4 toimijoita Manserockin syntysijoilla. Kadulle lis\u00e4t\u00e4\u00e4n vuosittain 3\u20138 uutta [&hellip;]\" \/>\n<meta property=\"og:url\" content=\"https:\/\/musicmedia.fi\/fi\/tampereen-tahtikatu-sai-uusia-kirkkaita-tahtia\/\" \/>\n<meta property=\"og:site_name\" content=\"Music x Media\" \/>\n<meta property=\"article:published_time\" content=\"2024-09-27T07:00:53+00:00\" \/>\n<meta property=\"article:modified_time\" content=\"2024-11-04T08:36:56+00:00\" \/>\n<meta property=\"og:image\" content=\"https:\/\/musicmedia.fi\/wp-content\/uploads\/2024\/09\/48863897853_fb4e0d0211_o.jpg\" \/>\n\t<meta property=\"og:image:width\" content=\"2500\" \/>\n\t<meta property=\"og:image:height\" content=\"1667\" \/>\n\t<meta property=\"og:image:type\" content=\"image\/jpeg\" \/>\n<meta name=\"author\" content=\"info@musicmedia.fi\" \/>\n<meta name=\"twitter:card\" content=\"summary_large_image\" \/>\n<meta name=\"twitter:label1\" content=\"Kirjoittanut\" \/>\n\t<meta name=\"twitter:data1\" content=\"info@musicmedia.fi\" \/>\n\t<meta name=\"twitter:label2\" content=\"Arvioitu lukuaika\" \/>\n\t<meta name=\"twitter:data2\" content=\"6 minuuttia\" \/>\n<script type=\"application\/ld+json\" class=\"yoast-schema-graph\">{\"@context\":\"https:\/\/schema.org\",\"@graph\":[{\"@type\":\"Article\",\"@id\":\"https:\/\/musicmedia.fi\/tampereen-tahtikatu-sai-uusia-kirkkaita-tahtia\/#article\",\"isPartOf\":{\"@id\":\"https:\/\/musicmedia.fi\/tampereen-tahtikatu-sai-uusia-kirkkaita-tahtia\/\"},\"author\":{\"name\":\"info@musicmedia.fi\",\"@id\":\"https:\/\/musicmedia.fi\/#\/schema\/person\/4d79763c56ccb5c8c01ae47497da967d\"},\"headline\":\"Tampereen T\u00e4htikatu sai uusia kirkkaita t\u00e4hti\u00e4\",\"datePublished\":\"2024-09-27T07:00:53+00:00\",\"dateModified\":\"2024-11-04T08:36:56+00:00\",\"mainEntityOfPage\":{\"@id\":\"https:\/\/musicmedia.fi\/tampereen-tahtikatu-sai-uusia-kirkkaita-tahtia\/\"},\"wordCount\":1002,\"publisher\":{\"@id\":\"https:\/\/musicmedia.fi\/#organization\"},\"image\":{\"@id\":\"https:\/\/musicmedia.fi\/tampereen-tahtikatu-sai-uusia-kirkkaita-tahtia\/#primaryimage\"},\"thumbnailUrl\":\"https:\/\/musicmedia.fi\/wp-content\/uploads\/2024\/09\/48863897853_fb4e0d0211_o.jpg\",\"articleSection\":[\"Vain suomeksi\"],\"inLanguage\":\"fi\"},{\"@type\":\"WebPage\",\"@id\":\"https:\/\/musicmedia.fi\/tampereen-tahtikatu-sai-uusia-kirkkaita-tahtia\/\",\"url\":\"https:\/\/musicmedia.fi\/tampereen-tahtikatu-sai-uusia-kirkkaita-tahtia\/\",\"name\":\"Tampereen T\u00e4htikatu sai uusia kirkkaita t\u00e4hti\u00e4 - Music x Media\",\"isPartOf\":{\"@id\":\"https:\/\/musicmedia.fi\/#website\"},\"primaryImageOfPage\":{\"@id\":\"https:\/\/musicmedia.fi\/tampereen-tahtikatu-sai-uusia-kirkkaita-tahtia\/#primaryimage\"},\"image\":{\"@id\":\"https:\/\/musicmedia.fi\/tampereen-tahtikatu-sai-uusia-kirkkaita-tahtia\/#primaryimage\"},\"thumbnailUrl\":\"https:\/\/musicmedia.fi\/wp-content\/uploads\/2024\/09\/48863897853_fb4e0d0211_o.jpg\",\"datePublished\":\"2024-09-27T07:00:53+00:00\",\"dateModified\":\"2024-11-04T08:36:56+00:00\",\"breadcrumb\":{\"@id\":\"https:\/\/musicmedia.fi\/tampereen-tahtikatu-sai-uusia-kirkkaita-tahtia\/#breadcrumb\"},\"inLanguage\":\"fi\",\"potentialAction\":[{\"@type\":\"ReadAction\",\"target\":[\"https:\/\/musicmedia.fi\/tampereen-tahtikatu-sai-uusia-kirkkaita-tahtia\/\"]}]},{\"@type\":\"ImageObject\",\"inLanguage\":\"fi\",\"@id\":\"https:\/\/musicmedia.fi\/tampereen-tahtikatu-sai-uusia-kirkkaita-tahtia\/#primaryimage\",\"url\":\"https:\/\/musicmedia.fi\/wp-content\/uploads\/2024\/09\/48863897853_fb4e0d0211_o.jpg\",\"contentUrl\":\"https:\/\/musicmedia.fi\/wp-content\/uploads\/2024\/09\/48863897853_fb4e0d0211_o.jpg\",\"width\":2500,\"height\":1667},{\"@type\":\"BreadcrumbList\",\"@id\":\"https:\/\/musicmedia.fi\/tampereen-tahtikatu-sai-uusia-kirkkaita-tahtia\/#breadcrumb\",\"itemListElement\":[{\"@type\":\"ListItem\",\"position\":1,\"name\":\"Home\",\"item\":\"https:\/\/musicmedia.fi\/\"},{\"@type\":\"ListItem\",\"position\":2,\"name\":\"Tampereen T\u00e4htikatu sai uusia kirkkaita t\u00e4hti\u00e4\"}]},{\"@type\":\"WebSite\",\"@id\":\"https:\/\/musicmedia.fi\/#website\",\"url\":\"https:\/\/musicmedia.fi\/\",\"name\":\"Music x Media\",\"description\":\"Musiikki-, viihde- ja tapahtuma-alojen kohtaamispaikka\",\"publisher\":{\"@id\":\"https:\/\/musicmedia.fi\/#organization\"},\"potentialAction\":[{\"@type\":\"SearchAction\",\"target\":{\"@type\":\"EntryPoint\",\"urlTemplate\":\"https:\/\/musicmedia.fi\/?s={search_term_string}\"},\"query-input\":{\"@type\":\"PropertyValueSpecification\",\"valueRequired\":true,\"valueName\":\"search_term_string\"}}],\"inLanguage\":\"fi\"},{\"@type\":\"Organization\",\"@id\":\"https:\/\/musicmedia.fi\/#organization\",\"name\":\"Music x Media\",\"url\":\"https:\/\/musicmedia.fi\/\",\"logo\":{\"@type\":\"ImageObject\",\"inLanguage\":\"fi\",\"@id\":\"https:\/\/musicmedia.fi\/#\/schema\/logo\/image\/\",\"url\":\"https:\/\/musicmedia.fi\/wp-content\/uploads\/2022\/05\/logo.png\",\"contentUrl\":\"https:\/\/musicmedia.fi\/wp-content\/uploads\/2022\/05\/logo.png\",\"width\":276,\"height\":147,\"caption\":\"Music x Media\"},\"image\":{\"@id\":\"https:\/\/musicmedia.fi\/#\/schema\/logo\/image\/\"}},{\"@type\":\"Person\",\"@id\":\"https:\/\/musicmedia.fi\/#\/schema\/person\/4d79763c56ccb5c8c01ae47497da967d\",\"name\":\"info@musicmedia.fi\",\"url\":\"https:\/\/musicmedia.fi\/fi\/author\/infomusicmedia-fi\/\"}]}<\/script>\n<!-- \/ Yoast SEO plugin. -->","yoast_head_json":{"title":"Tampereen T\u00e4htikatu sai uusia kirkkaita t\u00e4hti\u00e4 - Music x Media","robots":{"index":"index","follow":"follow","max-snippet":"max-snippet:-1","max-image-preview":"max-image-preview:large","max-video-preview":"max-video-preview:-1"},"canonical":"https:\/\/musicmedia.fi\/fi\/tampereen-tahtikatu-sai-uusia-kirkkaita-tahtia\/","og_locale":"fi_FI","og_type":"article","og_title":"Tampereen T\u00e4htikatu sai uusia kirkkaita t\u00e4hti\u00e4 - Music x Media","og_description":"Viisi vuotta t\u00e4ytt\u00e4v\u00e4 Tampereen kansainv\u00e4lisen musiikin T\u00e4htikatu saa uusia t\u00e4htilaattoja j\u00e4lleen 27.9.2024. Tuolloin oman t\u00e4htens\u00e4 katuun saavat Kaj Chydenius, Pave Maijanen, PMMP, Aino Ackt\u00e9, Toivo K\u00e4rki, Jaakko Ryh\u00e4nen, Juhani Merimaa ja Virve &#8221;Vicky&#8221; Rosti. \u00c5kerlundinkadulla Tullin alueella sijaitseva T\u00e4htikatu juhlistaa ja kunnioittaa kotimaisen ja kansainv\u00e4lisen musiikkialan keskeisi\u00e4 toimijoita Manserockin syntysijoilla. Kadulle lis\u00e4t\u00e4\u00e4n vuosittain 3\u20138 uutta [&hellip;]","og_url":"https:\/\/musicmedia.fi\/fi\/tampereen-tahtikatu-sai-uusia-kirkkaita-tahtia\/","og_site_name":"Music x Media","article_published_time":"2024-09-27T07:00:53+00:00","article_modified_time":"2024-11-04T08:36:56+00:00","og_image":[{"width":2500,"height":1667,"url":"https:\/\/musicmedia.fi\/wp-content\/uploads\/2024\/09\/48863897853_fb4e0d0211_o.jpg","type":"image\/jpeg"}],"author":"info@musicmedia.fi","twitter_card":"summary_large_image","twitter_misc":{"Kirjoittanut":"info@musicmedia.fi","Arvioitu lukuaika":"6 minuuttia"},"schema":{"@context":"https:\/\/schema.org","@graph":[{"@type":"Article","@id":"https:\/\/musicmedia.fi\/tampereen-tahtikatu-sai-uusia-kirkkaita-tahtia\/#article","isPartOf":{"@id":"https:\/\/musicmedia.fi\/tampereen-tahtikatu-sai-uusia-kirkkaita-tahtia\/"},"author":{"name":"info@musicmedia.fi","@id":"https:\/\/musicmedia.fi\/#\/schema\/person\/4d79763c56ccb5c8c01ae47497da967d"},"headline":"Tampereen T\u00e4htikatu sai uusia kirkkaita t\u00e4hti\u00e4","datePublished":"2024-09-27T07:00:53+00:00","dateModified":"2024-11-04T08:36:56+00:00","mainEntityOfPage":{"@id":"https:\/\/musicmedia.fi\/tampereen-tahtikatu-sai-uusia-kirkkaita-tahtia\/"},"wordCount":1002,"publisher":{"@id":"https:\/\/musicmedia.fi\/#organization"},"image":{"@id":"https:\/\/musicmedia.fi\/tampereen-tahtikatu-sai-uusia-kirkkaita-tahtia\/#primaryimage"},"thumbnailUrl":"https:\/\/musicmedia.fi\/wp-content\/uploads\/2024\/09\/48863897853_fb4e0d0211_o.jpg","articleSection":["Vain suomeksi"],"inLanguage":"fi"},{"@type":"WebPage","@id":"https:\/\/musicmedia.fi\/tampereen-tahtikatu-sai-uusia-kirkkaita-tahtia\/","url":"https:\/\/musicmedia.fi\/tampereen-tahtikatu-sai-uusia-kirkkaita-tahtia\/","name":"Tampereen T\u00e4htikatu sai uusia kirkkaita t\u00e4hti\u00e4 - Music x Media","isPartOf":{"@id":"https:\/\/musicmedia.fi\/#website"},"primaryImageOfPage":{"@id":"https:\/\/musicmedia.fi\/tampereen-tahtikatu-sai-uusia-kirkkaita-tahtia\/#primaryimage"},"image":{"@id":"https:\/\/musicmedia.fi\/tampereen-tahtikatu-sai-uusia-kirkkaita-tahtia\/#primaryimage"},"thumbnailUrl":"https:\/\/musicmedia.fi\/wp-content\/uploads\/2024\/09\/48863897853_fb4e0d0211_o.jpg","datePublished":"2024-09-27T07:00:53+00:00","dateModified":"2024-11-04T08:36:56+00:00","breadcrumb":{"@id":"https:\/\/musicmedia.fi\/tampereen-tahtikatu-sai-uusia-kirkkaita-tahtia\/#breadcrumb"},"inLanguage":"fi","potentialAction":[{"@type":"ReadAction","target":["https:\/\/musicmedia.fi\/tampereen-tahtikatu-sai-uusia-kirkkaita-tahtia\/"]}]},{"@type":"ImageObject","inLanguage":"fi","@id":"https:\/\/musicmedia.fi\/tampereen-tahtikatu-sai-uusia-kirkkaita-tahtia\/#primaryimage","url":"https:\/\/musicmedia.fi\/wp-content\/uploads\/2024\/09\/48863897853_fb4e0d0211_o.jpg","contentUrl":"https:\/\/musicmedia.fi\/wp-content\/uploads\/2024\/09\/48863897853_fb4e0d0211_o.jpg","width":2500,"height":1667},{"@type":"BreadcrumbList","@id":"https:\/\/musicmedia.fi\/tampereen-tahtikatu-sai-uusia-kirkkaita-tahtia\/#breadcrumb","itemListElement":[{"@type":"ListItem","position":1,"name":"Home","item":"https:\/\/musicmedia.fi\/"},{"@type":"ListItem","position":2,"name":"Tampereen T\u00e4htikatu sai uusia kirkkaita t\u00e4hti\u00e4"}]},{"@type":"WebSite","@id":"https:\/\/musicmedia.fi\/#website","url":"https:\/\/musicmedia.fi\/","name":"Music x Media","description":"Musiikki-, viihde- ja tapahtuma-alojen kohtaamispaikka","publisher":{"@id":"https:\/\/musicmedia.fi\/#organization"},"potentialAction":[{"@type":"SearchAction","target":{"@type":"EntryPoint","urlTemplate":"https:\/\/musicmedia.fi\/?s={search_term_string}"},"query-input":{"@type":"PropertyValueSpecification","valueRequired":true,"valueName":"search_term_string"}}],"inLanguage":"fi"},{"@type":"Organization","@id":"https:\/\/musicmedia.fi\/#organization","name":"Music x Media","url":"https:\/\/musicmedia.fi\/","logo":{"@type":"ImageObject","inLanguage":"fi","@id":"https:\/\/musicmedia.fi\/#\/schema\/logo\/image\/","url":"https:\/\/musicmedia.fi\/wp-content\/uploads\/2022\/05\/logo.png","contentUrl":"https:\/\/musicmedia.fi\/wp-content\/uploads\/2022\/05\/logo.png","width":276,"height":147,"caption":"Music x Media"},"image":{"@id":"https:\/\/musicmedia.fi\/#\/schema\/logo\/image\/"}},{"@type":"Person","@id":"https:\/\/musicmedia.fi\/#\/schema\/person\/4d79763c56ccb5c8c01ae47497da967d","name":"info@musicmedia.fi","url":"https:\/\/musicmedia.fi\/fi\/author\/infomusicmedia-fi\/"}]}},"_links":{"self":[{"href":"https:\/\/musicmedia.fi\/fi\/wp-json\/wp\/v2\/posts\/9876","targetHints":{"allow":["GET"]}}],"collection":[{"href":"https:\/\/musicmedia.fi\/fi\/wp-json\/wp\/v2\/posts"}],"about":[{"href":"https:\/\/musicmedia.fi\/fi\/wp-json\/wp\/v2\/types\/post"}],"author":[{"embeddable":true,"href":"https:\/\/musicmedia.fi\/fi\/wp-json\/wp\/v2\/users\/11"}],"replies":[{"embeddable":true,"href":"https:\/\/musicmedia.fi\/fi\/wp-json\/wp\/v2\/comments?post=9876"}],"version-history":[{"count":5,"href":"https:\/\/musicmedia.fi\/fi\/wp-json\/wp\/v2\/posts\/9876\/revisions"}],"predecessor-version":[{"id":9898,"href":"https:\/\/musicmedia.fi\/fi\/wp-json\/wp\/v2\/posts\/9876\/revisions\/9898"}],"wp:featuredmedia":[{"embeddable":true,"href":"https:\/\/musicmedia.fi\/fi\/wp-json\/wp\/v2\/media\/9877"}],"wp:attachment":[{"href":"https:\/\/musicmedia.fi\/fi\/wp-json\/wp\/v2\/media?parent=9876"}],"wp:term":[{"taxonomy":"category","embeddable":true,"href":"https:\/\/musicmedia.fi\/fi\/wp-json\/wp\/v2\/categories?post=9876"},{"taxonomy":"post_tag","embeddable":true,"href":"https:\/\/musicmedia.fi\/fi\/wp-json\/wp\/v2\/tags?post=9876"}],"curies":[{"name":"wp","href":"https:\/\/api.w.org\/{rel}","templated":true}]}}