{"id":9570,"date":"2024-09-24T10:53:48","date_gmt":"2024-09-24T07:53:48","guid":{"rendered":"https:\/\/musicmedia.fi\/?p=9570"},"modified":"2024-10-01T16:44:44","modified_gmt":"2024-10-01T13:44:44","slug":"oulu2026-osana-music-x-mediaa-taide-ja-teknologia-tuodaan-yhteen-luoden-loistavia-mahdollisuuksia-luoville-aloille","status":"publish","type":"post","link":"https:\/\/musicmedia.fi\/fi\/oulu2026-osana-music-x-mediaa-taide-ja-teknologia-tuodaan-yhteen-luoden-loistavia-mahdollisuuksia-luoville-aloille\/","title":{"rendered":"Oulu2026 osana Music x Mediaa &#8211; taide ja teknologia tuodaan yhteen luoden loistavia mahdollisuuksia luoville aloille"},"content":{"rendered":"<p><span style=\"font-weight: 400;\">Oulu on Euroopan kulttuurip\u00e4\u00e4kaupunki vuonna 2026. T\u00e4m\u00e4 merkitt\u00e4v\u00e4 tunnustus tuo kansainv\u00e4lisen valokeilan koko Suomelle ja avaa uusia mahdollisuuksia muun muassa musiikki- ja tapahtuma-alan toimijoille. Oulu2026 on osa my\u00f6s Music x Median ohjelmaa t\u00e4n\u00e4 vuonna!<\/span><\/p>\n<p><span style=\"font-weight: 400;\">Vuoden 2026 Euroopan kulttuurip\u00e4\u00e4kaupunkina Oulu pyrkii uudistamaan kulttuurin kentt\u00e4\u00e4 kunnianhimoisella toiminnallaan, jota kutsutaan &#8221;kulttuuri-ilmastonmuutokseksi&#8221;. Tavoitteena on nostaa esiin pohjoisen Suomen ja Euroopan reuna-alueiden kulttuuriperint\u00f6\u00e4 ja tarinoita, rikastuttaen samalla koko alueen kulttuuriel\u00e4m\u00e4\u00e4. Kulttuuri-ilmastonmuutos tarjoaa v\u00e4yl\u00e4n kehitt\u00e4\u00e4 uusia ideoita ja laajentaa n\u00e4k\u00f6kulmia.\u00a0<\/span><\/p>\n<p><span style=\"font-weight: 400;\">Oulu2026 tuo my\u00f6s yhteen taiteen ja teknologian, mik\u00e4 tarjoaa mahdollisuuksia luoville projekteille, jotka hy\u00f6dynt\u00e4v\u00e4t digitaalisuutta, musiikkiteknologiaa ja uusia mediainnovaatioita. <\/span><span style=\"font-weight: 400;\">\u201cOulu tunnetaan jo ennest\u00e4\u00e4n vahvasta teknologiaosaamisestaan, ja vuonna 2026 kulttuuri ja teknologia sulautuvat entist\u00e4 vahvemmin yhteen\u201d, kertoo <\/span><b>Henri Turunen<\/b><span style=\"font-weight: 400;\">, toinen Oulu2026:n <\/span><span style=\"font-weight: 400;\">vastaavista tuottajista<\/span><span style=\"font-weight: 400;\">.\u00a0<\/span><\/p>\n<p><span style=\"font-weight: 400;\">Oulu2026:n ohjelmasta odotetaan monipuolista, ja se tulee kattamaan musiikin, elokuvan, visuaaliset ja esitt\u00e4v\u00e4t taiteet sek\u00e4 yhteis\u00f6taiteen. T\u00e4m\u00e4 tarjoaa monia mahdollisuuksia osallistua, esiinty\u00e4 ja j\u00e4rjest\u00e4\u00e4 tapahtumia osana Oulun kulttuuritarjontaa. Ensimm\u00e4inen osa ohjelmasta julkaistaan tammikuussa 2025, mutta jo nyt on tarjolla ennakkomaistiaisia tulevasta.\u00a0<\/span><\/p>\n<p><span style=\"font-weight: 400;\">Tule Music x Mediaan kuuntelemaan lis\u00e4\u00e4 Oulu2026 -projektista ja siit\u00e4, miten voisit p\u00e4\u00e4st\u00e4 viel\u00e4 mukaan! Oulu2026:n vastaavat tuottajat <\/span><b>Sandy Kantoja<\/b><span style=\"font-weight: 400;\"> ja <\/span><b>Henri Turunen, <\/b><span style=\"font-weight: 400;\">esittelev\u00e4t projektia <\/span><b>torstaina 3.10. klo 13:15-13:30 Duetto 2 -salissa, Tampere-talossa.<\/b><\/p>\n<p><span style=\"font-weight: 400;\">\u201cOn suuri kunnia saada Oulu2026 mukaan Music x Mediaan\u201d, kommentoi <\/span><b>Petra Kyt\u00f6l\u00e4<\/b><span style=\"font-weight: 400;\">, Music x Median operatiivinen johtaja. \u201cKulttuurip\u00e4\u00e4kaupunkivuosi luo valtavia verkostoitumismahdollisuuksia. Oulu2026 kokoaa yhteen laajan kirjon kansainv\u00e4lisi\u00e4 ja paikallisia toimijoita taiteen, musiikin ja kulttuurin aloilta. T\u00e4m\u00e4 on Music x Median k\u00e4vij\u00f6ille loistava tilaisuus edist\u00e4\u00e4 yhteisty\u00f6t\u00e4 ja l\u00f6yt\u00e4\u00e4 uusia luovia kumppanuuksia, sek\u00e4 p\u00e4\u00e4st\u00e4 esimerkiksi kehitt\u00e4m\u00e4\u00e4n omaa kulttuurisis\u00e4lt\u00f6\u00e4 Oulu2026:n yhteyteen\u201d.\u00a0<\/span><\/p>\n<p>&nbsp;<\/p>\n<p><b>Oulu2026 edist\u00e4\u00e4 paikallisten artistien kansainv\u00e4listymist\u00e4<\/b><\/p>\n<p><span style=\"font-weight: 400;\">Oulusta on noussut useita kansainv\u00e4lisesti tunnettuja artisteja, ja Oulu2026-hanke pyrkii vahvistamaan alueen artistien uramahdollisuuksia sek\u00e4 tarjoamaan uusia esiintymistilaisuuksia. Oulu on jo tunnettu Ilmakitaransoiton MM-kisoistaan ja musiikkifestivaaleistaan, ja Oulu2026 jatkaa t\u00e4t\u00e4 perinnett\u00e4.\u00a0<\/span><\/p>\n<p><span style=\"font-weight: 400;\">Taitavia artisteja n\u00e4hd\u00e4\u00e4n my\u00f6s showcase-festivaali <a href=\"http:\/\/www.lostinmusic.fi\">Lost in Musicissa<\/a>. <strong>Perjantaina 4. lokakuuta<\/strong> oululaisl\u00e4ht\u00f6iset artistit Nelli Milan ja Barbitalo Kollektiivi esiintyv\u00e4t uuden All-tone-klubin lavalla.\u00a0<\/span><\/p>\n<p>Kuva: Topi Paananen<\/p>\n<p><span style=\"font-weight: 400;\">Tutustu lis\u00e4\u00e4: <\/span><a href=\"http:\/\/www.oulu2026.eu\/\"><span style=\"font-weight: 400;\">www.oulu2026.eu<\/span><\/a><\/p>\n<p><a href=\"http:\/\/www.instagram.com\/oulu2026official\"><span style=\"font-weight: 400;\">@oulu2026Official<\/span><\/a><span style=\"font-weight: 400;\"> #Oulu2026<\/span><\/p>\n","protected":false},"excerpt":{"rendered":"<p>Oulu on Euroopan kulttuurip\u00e4\u00e4kaupunki vuonna 2026. T\u00e4m\u00e4 merkitt\u00e4v\u00e4 tunnustus tuo kansainv\u00e4lisen valokeilan koko Suomelle ja avaa uusia mahdollisuuksia muun muassa musiikki- ja tapahtuma-alan toimijoille. Oulu2026 on osa my\u00f6s Music x Median ohjelmaa t\u00e4n\u00e4 vuonna! Vuoden 2026 Euroopan kulttuurip\u00e4\u00e4kaupunkina Oulu pyrkii uudistamaan kulttuurin kentt\u00e4\u00e4 kunnianhimoisella toiminnallaan, jota kutsutaan &#8221;kulttuuri-ilmastonmuutokseksi&#8221;. Tavoitteena on nostaa esiin pohjoisen Suomen ja [&hellip;]<\/p>\n","protected":false},"author":11,"featured_media":9571,"comment_status":"closed","ping_status":"open","sticky":false,"template":"","format":"standard","meta":{"_acf_changed":false,"inline_featured_image":false,"footnotes":""},"categories":[756],"tags":[],"class_list":["post-9570","post","type-post","status-publish","format-standard","has-post-thumbnail","hentry","category-vain-suomeksi"],"acf":[],"yoast_head":"<!-- This site is optimized with the Yoast SEO plugin v25.7 - https:\/\/yoast.com\/wordpress\/plugins\/seo\/ -->\n<title>Oulu2026 osana Music x Mediaa - taide ja teknologia tuodaan yhteen luoden loistavia mahdollisuuksia luoville aloille - Music x Media<\/title>\n<meta name=\"robots\" content=\"index, follow, max-snippet:-1, max-image-preview:large, max-video-preview:-1\" \/>\n<link rel=\"canonical\" href=\"https:\/\/musicmedia.fi\/fi\/oulu2026-osana-music-x-mediaa-taide-ja-teknologia-tuodaan-yhteen-luoden-loistavia-mahdollisuuksia-luoville-aloille\/\" \/>\n<meta property=\"og:locale\" content=\"fi_FI\" \/>\n<meta property=\"og:type\" content=\"article\" \/>\n<meta property=\"og:title\" content=\"Oulu2026 osana Music x Mediaa - taide ja teknologia tuodaan yhteen luoden loistavia mahdollisuuksia luoville aloille - Music x Media\" \/>\n<meta property=\"og:description\" content=\"Oulu on Euroopan kulttuurip\u00e4\u00e4kaupunki vuonna 2026. T\u00e4m\u00e4 merkitt\u00e4v\u00e4 tunnustus tuo kansainv\u00e4lisen valokeilan koko Suomelle ja avaa uusia mahdollisuuksia muun muassa musiikki- ja tapahtuma-alan toimijoille. Oulu2026 on osa my\u00f6s Music x Median ohjelmaa t\u00e4n\u00e4 vuonna! Vuoden 2026 Euroopan kulttuurip\u00e4\u00e4kaupunkina Oulu pyrkii uudistamaan kulttuurin kentt\u00e4\u00e4 kunnianhimoisella toiminnallaan, jota kutsutaan &#8221;kulttuuri-ilmastonmuutokseksi&#8221;. Tavoitteena on nostaa esiin pohjoisen Suomen ja [&hellip;]\" \/>\n<meta property=\"og:url\" content=\"https:\/\/musicmedia.fi\/fi\/oulu2026-osana-music-x-mediaa-taide-ja-teknologia-tuodaan-yhteen-luoden-loistavia-mahdollisuuksia-luoville-aloille\/\" \/>\n<meta property=\"og:site_name\" content=\"Music x Media\" \/>\n<meta property=\"article:published_time\" content=\"2024-09-24T07:53:48+00:00\" \/>\n<meta property=\"article:modified_time\" content=\"2024-10-01T13:44:44+00:00\" \/>\n<meta property=\"og:image\" content=\"https:\/\/musicmedia.fi\/wp-content\/uploads\/2024\/09\/oulu2026.jpeg\" \/>\n\t<meta property=\"og:image:width\" content=\"1024\" \/>\n\t<meta property=\"og:image:height\" content=\"683\" \/>\n\t<meta property=\"og:image:type\" content=\"image\/jpeg\" \/>\n<meta name=\"author\" content=\"info@musicmedia.fi\" \/>\n<meta name=\"twitter:card\" content=\"summary_large_image\" \/>\n<meta name=\"twitter:label1\" content=\"Kirjoittanut\" \/>\n\t<meta name=\"twitter:data1\" content=\"info@musicmedia.fi\" \/>\n\t<meta name=\"twitter:label2\" content=\"Arvioitu lukuaika\" \/>\n\t<meta name=\"twitter:data2\" content=\"2 minuuttia\" \/>\n<script type=\"application\/ld+json\" class=\"yoast-schema-graph\">{\"@context\":\"https:\/\/schema.org\",\"@graph\":[{\"@type\":\"Article\",\"@id\":\"https:\/\/musicmedia.fi\/oulu2026-osana-music-x-mediaa-taide-ja-teknologia-tuodaan-yhteen-luoden-loistavia-mahdollisuuksia-luoville-aloille\/#article\",\"isPartOf\":{\"@id\":\"https:\/\/musicmedia.fi\/oulu2026-osana-music-x-mediaa-taide-ja-teknologia-tuodaan-yhteen-luoden-loistavia-mahdollisuuksia-luoville-aloille\/\"},\"author\":{\"name\":\"info@musicmedia.fi\",\"@id\":\"https:\/\/musicmedia.fi\/#\/schema\/person\/4d79763c56ccb5c8c01ae47497da967d\"},\"headline\":\"Oulu2026 osana Music x Mediaa &#8211; taide ja teknologia tuodaan yhteen luoden loistavia mahdollisuuksia luoville aloille\",\"datePublished\":\"2024-09-24T07:53:48+00:00\",\"dateModified\":\"2024-10-01T13:44:44+00:00\",\"mainEntityOfPage\":{\"@id\":\"https:\/\/musicmedia.fi\/oulu2026-osana-music-x-mediaa-taide-ja-teknologia-tuodaan-yhteen-luoden-loistavia-mahdollisuuksia-luoville-aloille\/\"},\"wordCount\":378,\"publisher\":{\"@id\":\"https:\/\/musicmedia.fi\/#organization\"},\"image\":{\"@id\":\"https:\/\/musicmedia.fi\/oulu2026-osana-music-x-mediaa-taide-ja-teknologia-tuodaan-yhteen-luoden-loistavia-mahdollisuuksia-luoville-aloille\/#primaryimage\"},\"thumbnailUrl\":\"https:\/\/musicmedia.fi\/wp-content\/uploads\/2024\/09\/oulu2026.jpeg\",\"articleSection\":[\"Vain suomeksi\"],\"inLanguage\":\"fi\"},{\"@type\":\"WebPage\",\"@id\":\"https:\/\/musicmedia.fi\/oulu2026-osana-music-x-mediaa-taide-ja-teknologia-tuodaan-yhteen-luoden-loistavia-mahdollisuuksia-luoville-aloille\/\",\"url\":\"https:\/\/musicmedia.fi\/oulu2026-osana-music-x-mediaa-taide-ja-teknologia-tuodaan-yhteen-luoden-loistavia-mahdollisuuksia-luoville-aloille\/\",\"name\":\"Oulu2026 osana Music x Mediaa - taide ja teknologia tuodaan yhteen luoden loistavia mahdollisuuksia luoville aloille - Music x Media\",\"isPartOf\":{\"@id\":\"https:\/\/musicmedia.fi\/#website\"},\"primaryImageOfPage\":{\"@id\":\"https:\/\/musicmedia.fi\/oulu2026-osana-music-x-mediaa-taide-ja-teknologia-tuodaan-yhteen-luoden-loistavia-mahdollisuuksia-luoville-aloille\/#primaryimage\"},\"image\":{\"@id\":\"https:\/\/musicmedia.fi\/oulu2026-osana-music-x-mediaa-taide-ja-teknologia-tuodaan-yhteen-luoden-loistavia-mahdollisuuksia-luoville-aloille\/#primaryimage\"},\"thumbnailUrl\":\"https:\/\/musicmedia.fi\/wp-content\/uploads\/2024\/09\/oulu2026.jpeg\",\"datePublished\":\"2024-09-24T07:53:48+00:00\",\"dateModified\":\"2024-10-01T13:44:44+00:00\",\"breadcrumb\":{\"@id\":\"https:\/\/musicmedia.fi\/oulu2026-osana-music-x-mediaa-taide-ja-teknologia-tuodaan-yhteen-luoden-loistavia-mahdollisuuksia-luoville-aloille\/#breadcrumb\"},\"inLanguage\":\"fi\",\"potentialAction\":[{\"@type\":\"ReadAction\",\"target\":[\"https:\/\/musicmedia.fi\/oulu2026-osana-music-x-mediaa-taide-ja-teknologia-tuodaan-yhteen-luoden-loistavia-mahdollisuuksia-luoville-aloille\/\"]}]},{\"@type\":\"ImageObject\",\"inLanguage\":\"fi\",\"@id\":\"https:\/\/musicmedia.fi\/oulu2026-osana-music-x-mediaa-taide-ja-teknologia-tuodaan-yhteen-luoden-loistavia-mahdollisuuksia-luoville-aloille\/#primaryimage\",\"url\":\"https:\/\/musicmedia.fi\/wp-content\/uploads\/2024\/09\/oulu2026.jpeg\",\"contentUrl\":\"https:\/\/musicmedia.fi\/wp-content\/uploads\/2024\/09\/oulu2026.jpeg\",\"width\":1024,\"height\":683},{\"@type\":\"BreadcrumbList\",\"@id\":\"https:\/\/musicmedia.fi\/oulu2026-osana-music-x-mediaa-taide-ja-teknologia-tuodaan-yhteen-luoden-loistavia-mahdollisuuksia-luoville-aloille\/#breadcrumb\",\"itemListElement\":[{\"@type\":\"ListItem\",\"position\":1,\"name\":\"Home\",\"item\":\"https:\/\/musicmedia.fi\/\"},{\"@type\":\"ListItem\",\"position\":2,\"name\":\"Oulu2026 osana Music x Mediaa &#8211; taide ja teknologia tuodaan yhteen luoden loistavia mahdollisuuksia luoville aloille\"}]},{\"@type\":\"WebSite\",\"@id\":\"https:\/\/musicmedia.fi\/#website\",\"url\":\"https:\/\/musicmedia.fi\/\",\"name\":\"Music x Media\",\"description\":\"Musiikki-, viihde- ja tapahtuma-alojen kohtaamispaikka\",\"publisher\":{\"@id\":\"https:\/\/musicmedia.fi\/#organization\"},\"potentialAction\":[{\"@type\":\"SearchAction\",\"target\":{\"@type\":\"EntryPoint\",\"urlTemplate\":\"https:\/\/musicmedia.fi\/?s={search_term_string}\"},\"query-input\":{\"@type\":\"PropertyValueSpecification\",\"valueRequired\":true,\"valueName\":\"search_term_string\"}}],\"inLanguage\":\"fi\"},{\"@type\":\"Organization\",\"@id\":\"https:\/\/musicmedia.fi\/#organization\",\"name\":\"Music x Media\",\"url\":\"https:\/\/musicmedia.fi\/\",\"logo\":{\"@type\":\"ImageObject\",\"inLanguage\":\"fi\",\"@id\":\"https:\/\/musicmedia.fi\/#\/schema\/logo\/image\/\",\"url\":\"https:\/\/musicmedia.fi\/wp-content\/uploads\/2022\/05\/logo.png\",\"contentUrl\":\"https:\/\/musicmedia.fi\/wp-content\/uploads\/2022\/05\/logo.png\",\"width\":276,\"height\":147,\"caption\":\"Music x Media\"},\"image\":{\"@id\":\"https:\/\/musicmedia.fi\/#\/schema\/logo\/image\/\"}},{\"@type\":\"Person\",\"@id\":\"https:\/\/musicmedia.fi\/#\/schema\/person\/4d79763c56ccb5c8c01ae47497da967d\",\"name\":\"info@musicmedia.fi\",\"url\":\"https:\/\/musicmedia.fi\/fi\/author\/infomusicmedia-fi\/\"}]}<\/script>\n<!-- \/ Yoast SEO plugin. -->","yoast_head_json":{"title":"Oulu2026 osana Music x Mediaa - taide ja teknologia tuodaan yhteen luoden loistavia mahdollisuuksia luoville aloille - Music x Media","robots":{"index":"index","follow":"follow","max-snippet":"max-snippet:-1","max-image-preview":"max-image-preview:large","max-video-preview":"max-video-preview:-1"},"canonical":"https:\/\/musicmedia.fi\/fi\/oulu2026-osana-music-x-mediaa-taide-ja-teknologia-tuodaan-yhteen-luoden-loistavia-mahdollisuuksia-luoville-aloille\/","og_locale":"fi_FI","og_type":"article","og_title":"Oulu2026 osana Music x Mediaa - taide ja teknologia tuodaan yhteen luoden loistavia mahdollisuuksia luoville aloille - Music x Media","og_description":"Oulu on Euroopan kulttuurip\u00e4\u00e4kaupunki vuonna 2026. T\u00e4m\u00e4 merkitt\u00e4v\u00e4 tunnustus tuo kansainv\u00e4lisen valokeilan koko Suomelle ja avaa uusia mahdollisuuksia muun muassa musiikki- ja tapahtuma-alan toimijoille. Oulu2026 on osa my\u00f6s Music x Median ohjelmaa t\u00e4n\u00e4 vuonna! Vuoden 2026 Euroopan kulttuurip\u00e4\u00e4kaupunkina Oulu pyrkii uudistamaan kulttuurin kentt\u00e4\u00e4 kunnianhimoisella toiminnallaan, jota kutsutaan &#8221;kulttuuri-ilmastonmuutokseksi&#8221;. Tavoitteena on nostaa esiin pohjoisen Suomen ja [&hellip;]","og_url":"https:\/\/musicmedia.fi\/fi\/oulu2026-osana-music-x-mediaa-taide-ja-teknologia-tuodaan-yhteen-luoden-loistavia-mahdollisuuksia-luoville-aloille\/","og_site_name":"Music x Media","article_published_time":"2024-09-24T07:53:48+00:00","article_modified_time":"2024-10-01T13:44:44+00:00","og_image":[{"width":1024,"height":683,"url":"https:\/\/musicmedia.fi\/wp-content\/uploads\/2024\/09\/oulu2026.jpeg","type":"image\/jpeg"}],"author":"info@musicmedia.fi","twitter_card":"summary_large_image","twitter_misc":{"Kirjoittanut":"info@musicmedia.fi","Arvioitu lukuaika":"2 minuuttia"},"schema":{"@context":"https:\/\/schema.org","@graph":[{"@type":"Article","@id":"https:\/\/musicmedia.fi\/oulu2026-osana-music-x-mediaa-taide-ja-teknologia-tuodaan-yhteen-luoden-loistavia-mahdollisuuksia-luoville-aloille\/#article","isPartOf":{"@id":"https:\/\/musicmedia.fi\/oulu2026-osana-music-x-mediaa-taide-ja-teknologia-tuodaan-yhteen-luoden-loistavia-mahdollisuuksia-luoville-aloille\/"},"author":{"name":"info@musicmedia.fi","@id":"https:\/\/musicmedia.fi\/#\/schema\/person\/4d79763c56ccb5c8c01ae47497da967d"},"headline":"Oulu2026 osana Music x Mediaa &#8211; taide ja teknologia tuodaan yhteen luoden loistavia mahdollisuuksia luoville aloille","datePublished":"2024-09-24T07:53:48+00:00","dateModified":"2024-10-01T13:44:44+00:00","mainEntityOfPage":{"@id":"https:\/\/musicmedia.fi\/oulu2026-osana-music-x-mediaa-taide-ja-teknologia-tuodaan-yhteen-luoden-loistavia-mahdollisuuksia-luoville-aloille\/"},"wordCount":378,"publisher":{"@id":"https:\/\/musicmedia.fi\/#organization"},"image":{"@id":"https:\/\/musicmedia.fi\/oulu2026-osana-music-x-mediaa-taide-ja-teknologia-tuodaan-yhteen-luoden-loistavia-mahdollisuuksia-luoville-aloille\/#primaryimage"},"thumbnailUrl":"https:\/\/musicmedia.fi\/wp-content\/uploads\/2024\/09\/oulu2026.jpeg","articleSection":["Vain suomeksi"],"inLanguage":"fi"},{"@type":"WebPage","@id":"https:\/\/musicmedia.fi\/oulu2026-osana-music-x-mediaa-taide-ja-teknologia-tuodaan-yhteen-luoden-loistavia-mahdollisuuksia-luoville-aloille\/","url":"https:\/\/musicmedia.fi\/oulu2026-osana-music-x-mediaa-taide-ja-teknologia-tuodaan-yhteen-luoden-loistavia-mahdollisuuksia-luoville-aloille\/","name":"Oulu2026 osana Music x Mediaa - taide ja teknologia tuodaan yhteen luoden loistavia mahdollisuuksia luoville aloille - Music x Media","isPartOf":{"@id":"https:\/\/musicmedia.fi\/#website"},"primaryImageOfPage":{"@id":"https:\/\/musicmedia.fi\/oulu2026-osana-music-x-mediaa-taide-ja-teknologia-tuodaan-yhteen-luoden-loistavia-mahdollisuuksia-luoville-aloille\/#primaryimage"},"image":{"@id":"https:\/\/musicmedia.fi\/oulu2026-osana-music-x-mediaa-taide-ja-teknologia-tuodaan-yhteen-luoden-loistavia-mahdollisuuksia-luoville-aloille\/#primaryimage"},"thumbnailUrl":"https:\/\/musicmedia.fi\/wp-content\/uploads\/2024\/09\/oulu2026.jpeg","datePublished":"2024-09-24T07:53:48+00:00","dateModified":"2024-10-01T13:44:44+00:00","breadcrumb":{"@id":"https:\/\/musicmedia.fi\/oulu2026-osana-music-x-mediaa-taide-ja-teknologia-tuodaan-yhteen-luoden-loistavia-mahdollisuuksia-luoville-aloille\/#breadcrumb"},"inLanguage":"fi","potentialAction":[{"@type":"ReadAction","target":["https:\/\/musicmedia.fi\/oulu2026-osana-music-x-mediaa-taide-ja-teknologia-tuodaan-yhteen-luoden-loistavia-mahdollisuuksia-luoville-aloille\/"]}]},{"@type":"ImageObject","inLanguage":"fi","@id":"https:\/\/musicmedia.fi\/oulu2026-osana-music-x-mediaa-taide-ja-teknologia-tuodaan-yhteen-luoden-loistavia-mahdollisuuksia-luoville-aloille\/#primaryimage","url":"https:\/\/musicmedia.fi\/wp-content\/uploads\/2024\/09\/oulu2026.jpeg","contentUrl":"https:\/\/musicmedia.fi\/wp-content\/uploads\/2024\/09\/oulu2026.jpeg","width":1024,"height":683},{"@type":"BreadcrumbList","@id":"https:\/\/musicmedia.fi\/oulu2026-osana-music-x-mediaa-taide-ja-teknologia-tuodaan-yhteen-luoden-loistavia-mahdollisuuksia-luoville-aloille\/#breadcrumb","itemListElement":[{"@type":"ListItem","position":1,"name":"Home","item":"https:\/\/musicmedia.fi\/"},{"@type":"ListItem","position":2,"name":"Oulu2026 osana Music x Mediaa &#8211; taide ja teknologia tuodaan yhteen luoden loistavia mahdollisuuksia luoville aloille"}]},{"@type":"WebSite","@id":"https:\/\/musicmedia.fi\/#website","url":"https:\/\/musicmedia.fi\/","name":"Music x Media","description":"Musiikki-, viihde- ja tapahtuma-alojen kohtaamispaikka","publisher":{"@id":"https:\/\/musicmedia.fi\/#organization"},"potentialAction":[{"@type":"SearchAction","target":{"@type":"EntryPoint","urlTemplate":"https:\/\/musicmedia.fi\/?s={search_term_string}"},"query-input":{"@type":"PropertyValueSpecification","valueRequired":true,"valueName":"search_term_string"}}],"inLanguage":"fi"},{"@type":"Organization","@id":"https:\/\/musicmedia.fi\/#organization","name":"Music x Media","url":"https:\/\/musicmedia.fi\/","logo":{"@type":"ImageObject","inLanguage":"fi","@id":"https:\/\/musicmedia.fi\/#\/schema\/logo\/image\/","url":"https:\/\/musicmedia.fi\/wp-content\/uploads\/2022\/05\/logo.png","contentUrl":"https:\/\/musicmedia.fi\/wp-content\/uploads\/2022\/05\/logo.png","width":276,"height":147,"caption":"Music x Media"},"image":{"@id":"https:\/\/musicmedia.fi\/#\/schema\/logo\/image\/"}},{"@type":"Person","@id":"https:\/\/musicmedia.fi\/#\/schema\/person\/4d79763c56ccb5c8c01ae47497da967d","name":"info@musicmedia.fi","url":"https:\/\/musicmedia.fi\/fi\/author\/infomusicmedia-fi\/"}]}},"_links":{"self":[{"href":"https:\/\/musicmedia.fi\/fi\/wp-json\/wp\/v2\/posts\/9570","targetHints":{"allow":["GET"]}}],"collection":[{"href":"https:\/\/musicmedia.fi\/fi\/wp-json\/wp\/v2\/posts"}],"about":[{"href":"https:\/\/musicmedia.fi\/fi\/wp-json\/wp\/v2\/types\/post"}],"author":[{"embeddable":true,"href":"https:\/\/musicmedia.fi\/fi\/wp-json\/wp\/v2\/users\/11"}],"replies":[{"embeddable":true,"href":"https:\/\/musicmedia.fi\/fi\/wp-json\/wp\/v2\/comments?post=9570"}],"version-history":[{"count":3,"href":"https:\/\/musicmedia.fi\/fi\/wp-json\/wp\/v2\/posts\/9570\/revisions"}],"predecessor-version":[{"id":9661,"href":"https:\/\/musicmedia.fi\/fi\/wp-json\/wp\/v2\/posts\/9570\/revisions\/9661"}],"wp:featuredmedia":[{"embeddable":true,"href":"https:\/\/musicmedia.fi\/fi\/wp-json\/wp\/v2\/media\/9571"}],"wp:attachment":[{"href":"https:\/\/musicmedia.fi\/fi\/wp-json\/wp\/v2\/media?parent=9570"}],"wp:term":[{"taxonomy":"category","embeddable":true,"href":"https:\/\/musicmedia.fi\/fi\/wp-json\/wp\/v2\/categories?post=9570"},{"taxonomy":"post_tag","embeddable":true,"href":"https:\/\/musicmedia.fi\/fi\/wp-json\/wp\/v2\/tags?post=9570"}],"curies":[{"name":"wp","href":"https:\/\/api.w.org\/{rel}","templated":true}]}}