{"id":8514,"date":"2024-08-21T11:50:08","date_gmt":"2024-08-21T08:50:08","guid":{"rendered":"https:\/\/musicmedia.fi\/?p=8514"},"modified":"2024-08-21T14:23:03","modified_gmt":"2024-08-21T11:23:03","slug":"music-x-median-ohjelma-laajenee-livemusiikin-markkinoinnilla-kansainvalistymisen-mahdollisuuksilla-ja-alan-tulevaisuuden-vaikuttajilla","status":"publish","type":"post","link":"https:\/\/musicmedia.fi\/fi\/music-x-median-ohjelma-laajenee-livemusiikin-markkinoinnilla-kansainvalistymisen-mahdollisuuksilla-ja-alan-tulevaisuuden-vaikuttajilla\/","title":{"rendered":"Music x Median ohjelma laajenee livemusiikin markkinoinnilla, kansainv\u00e4listymisen mahdollisuuksilla ja alan tulevaisuuden vaikuttajilla"},"content":{"rendered":"<p><span style=\"font-weight: 400;\">Music x Media tuo lokakuussa yhteen kansainv\u00e4liset musiikkialan huippupuhujat, uudet n\u00e4k\u00f6kulmat ja tuoreimmat tiedot. Tapahtuma tarjoaa ainutlaatuisen mahdollisuuden luovan alan yhteisty\u00f6h\u00f6n ja verkostoitumiseen alan ammattilaisten kanssa.<\/span><\/p>\n<p><span style=\"font-weight: 400;\">Music x Median ohjelma t\u00e4yttyy jatkuvasti mielenkiintoisilla ja hy\u00f6dyllisill\u00e4 sis\u00e4ll\u00f6ill\u00e4. Oletko jo varmistanut paikkasi vuoden merkitt\u00e4vimm\u00e4ss\u00e4 musiikki-, viihde- ja tapahtuma-alan kohtaamisessa?<\/span><\/p>\n<p><span style=\"font-weight: 400;\">Viime vuonna suuren suosion saavuttanut Ministeritentti saa jatkoa, kun torstaina 3.10. tapahtumassa Music x Median k\u00e4vij\u00e4t p\u00e4\u00e4sev\u00e4t tenttaamaan tiede- ja kulttuuriministeri\u00e4. Juuri t\u00e4n\u00e4 syksyn\u00e4 kulttuuriministerin kohtaaminen on tarpeellista ja t\u00e4rke\u00e4\u00e4.<\/span><\/p>\n<p><span style=\"font-weight: 400;\">Lis\u00e4ksi Music x\u00a0 Business -torstaina hyp\u00e4t\u00e4\u00e4n musantekij\u00f6iden matkaan maailmalle ja kuullaan, miten suomalainen musiikintekij\u00e4 voi siell\u00e4 menesty\u00e4. Lis\u00e4ksi kuulemme kiinnostavan ja hy\u00f6dyllisen n\u00e4k\u00f6kulman livemusiikin markkinoinnista<b>,<\/b> joka tarjoaa konkreettisia n\u00e4k\u00f6kulmia markkinoinnin tehostamiseen.<\/span><\/p>\n<p><span style=\"font-weight: 400;\">Music x Future -perjantaina viime vuoden Industry Awards -gaalassa palkittu tulevaisuuden suunnann\u00e4ytt\u00e4j\u00e4 jakaa ajatuksiaan mihin suuntaan alan tulevaisuus on menossa.<\/span><\/p>\n<p><span style=\"font-weight: 400;\">N\u00e4hd\u00e4\u00e4n lokakuussa Music x Mediassa!<\/span><\/p>\n<p><b>Music x Business, torstai 3.10.<\/b><\/p>\n<p><b>Ministeritentti 2.0. Tiede- ja kulttuuriministeri Sari Multala.<\/b><\/p>\n<p><span style=\"font-weight: 400;\">Jatkamme suuren suosion saanutta ministerin kyselytuntia my\u00f6s vuoden 2024 Music x Mediassa.\u00a0 Tiede- ja kulttuuriministeri Sari Multala saapuu Luovat Ry:n vieraana tapahtumaan torstaina 3.10. Music x Median osallistujat saavat l\u00e4hett\u00e4\u00e4 ministerille ennakkoon kysymyksi\u00e4, joita k\u00e4sitell\u00e4\u00e4n avoimessa keskustelussa ministerin kanssa. Tilaisuuden ja kysymykset kuratoivat Luovat Ry:n Lauri Kaira ja Laura Kuulasmaa.<\/span><\/p>\n<p><span style=\"font-weight: 400;\">Voit l\u00e4hett\u00e4\u00e4 kysymyksesi oheisen linkin kautta 23.9.2024 asti: <\/span><a href=\"https:\/\/forms.gle\/BPNbbX4Qp6APNnqEA\"><span style=\"font-weight: 400;\">https:\/\/forms.gle\/BPNbbX4Qp6APNnqEA<\/span><\/a><span style=\"font-weight: 400;\">\u00a0<\/span><\/p>\n<p><b>Musantekij\u00e4n matka maailmalle: pitstopit ja boosterit<\/b><\/p>\n<p><span style=\"font-weight: 400;\">Kuinka suomalainen musiikintekij\u00e4 valloittaa maailman? Mit\u00e4 pit\u00e4\u00e4 tiet\u00e4\u00e4 ja siet\u00e4\u00e4, mist\u00e4 saa tukea ja ket\u00e4 kannattaa tuntea?<\/span><\/p>\n<p><span style=\"font-weight: 400;\">Musiikkialan konkari Tom Friskin haastattelussa yksi kansainv\u00e4lisest\u00e4 uraa voimakkaasti rakentavista artisteistamme, Cyan Kicksin Susanna Alexandra sek\u00e4 komean kotimaisen uran luonut Jurek Reunam\u00e4ki, joka on panostanut viime vuodet t\u00e4ysill\u00e4 kansainv\u00e4liseen biisintekoon.<\/span><\/p>\n<p><span style=\"font-weight: 400;\">Haastateltavat kertovat avoimen rehellisesti etenemisest\u00e4\u00e4n, sen karikoista ja onnistumisista. Kompassia pitelev\u00e4t Teosto ja Music Finland, jotka jakavat omat vinkkins\u00e4 matkan varrelle. Mit\u00e4 pit\u00e4\u00e4 huomioida eri vaiheissa? Mik\u00e4 on onnistumisen mittari silloin, kun kohdeyleis\u00f6 lasketaan miljardeissa?<\/span><\/p>\n<p><span style=\"font-weight: 400;\">Tule mukaan reissulle t\u00e4ynn\u00e4 inspiroivia tarinoita ja yll\u00e4tt\u00e4vi\u00e4 k\u00e4\u00e4nteit\u00e4!<\/span><\/p>\n<p><span style=\"font-weight: 400;\">Puhujat: Susanna Saarinen (Susanna Alexandra), Jurek Reunam\u00e4ki, Tom Frisk, Maiju Ristil\u00e4, Anna Reponen<\/span><\/p>\n<p><span style=\"font-weight: 400;\">Tapahtumasis\u00e4lt\u00f6 on tuotettu yhteisty\u00f6ss\u00e4 Teoston ja Music Finlandin kanssa.<\/span><\/p>\n<p><b>7 asiaa, mit\u00e4 jokaisen pit\u00e4isi tiet\u00e4\u00e4 livemusiikin markkinoinnista<\/b><\/p>\n<p><span style=\"font-weight: 400;\">Matti Markkola, Nelonen Media Live<\/span><\/p>\n<p><span style=\"font-weight: 400;\">Tapahtumatarjonta ylitt\u00e4\u00e4 yleis\u00f6n m\u00e4\u00e4r\u00e4n, kiinnostuksen, ajank\u00e4yt\u00f6n ja lompakon rajat. Markkinoinnilta toivotaan pelastavia ratkaisuja. T\u00e4ss\u00e4 puheenvuorossa Nelonen Media Liven Head of Marketing Matti Markkola kertoo, miten yksi Suomen suurimmista festivaali- ja tapahtumaj\u00e4rjest\u00e4jist\u00e4 markkinoi tapahtumiaan. Case-esimerkkien kautta Markkola esittelee noin seitsem\u00e4n oivallusta livemusiikin markkinoinnista, mitk\u00e4 jokaisen tapahtuma-alalla toimivan, tai ylip\u00e4\u00e4ns\u00e4 jokaisen, olisi hyv\u00e4 tiet\u00e4\u00e4.\u00a0<\/span><\/p>\n<p><span style=\"font-weight: 400;\"><b>Music x Future, perjantai 3.10.<\/b><\/span><\/p>\n<p><b>Tulevaisuuden suunnann\u00e4ytt\u00e4j\u00e4 &#8211; Konsta Viipuri, Fullsteam Agency<\/b><\/p>\n<p><span style=\"font-weight: 400;\">Industry Awards -gaalassa valitaan vuosittain musiikkialan tulevaisuuden suunnann\u00e4ytt\u00e4j\u00e4. Haluamme antaa t\u00e4m\u00e4n tunnustuksen saaneille henkil\u00f6ille mahdollisuuden p\u00e4\u00e4st\u00e4 \u00e4\u00e4neen my\u00f6s Music x Median ohjelmassa. Vuonna 2023 tulevaisuuden suunnann\u00e4yttt\u00e4j\u00e4ksi valittiin Konsta Viipuri.<\/span><\/p>\n<p><span style=\"font-weight: 400;\">Konsta on kotimaisten artistien tuotantop\u00e4\u00e4llikk\u00f6 Fullsteam Agencylla. Lis\u00e4ksi Viipuri toimii KUUMAA-yhtyeen kiertuemanagerina ja on mukana py\u00f6ritt\u00e4m\u00e4ss\u00e4 pienlevy-yhti\u00f6t\u00e4. Keskustelua musiikkialan suunnasta ja tulevaisuudesta Konstan kanssa k\u00e4y Sanni Kahilainen, Muusikkojen liitosta ja tulevaisuuden suunnann\u00e4ytt\u00e4j\u00e4 vuodelta 2021.<\/span><\/p>\n<p><strong>Back To Work -liput nyt myynniss\u00e4 <a href=\"https:\/\/musicmedia.fi\/fi\/liput\/\">t\u00e4\u00e4ll\u00e4<\/a>.<\/strong><\/p>\n<p>&nbsp;<\/p>\n","protected":false},"excerpt":{"rendered":"<p>Music x Media tuo lokakuussa yhteen kansainv\u00e4liset musiikkialan huippupuhujat, uudet n\u00e4k\u00f6kulmat ja tuoreimmat tiedot. Tapahtuma tarjoaa ainutlaatuisen mahdollisuuden luovan alan yhteisty\u00f6h\u00f6n ja verkostoitumiseen alan ammattilaisten kanssa. Music x Median ohjelma t\u00e4yttyy jatkuvasti mielenkiintoisilla ja hy\u00f6dyllisill\u00e4 sis\u00e4ll\u00f6ill\u00e4. Oletko jo varmistanut paikkasi vuoden merkitt\u00e4vimm\u00e4ss\u00e4 musiikki-, viihde- ja tapahtuma-alan kohtaamisessa? Viime vuonna suuren suosion saavuttanut Ministeritentti saa jatkoa, [&hellip;]<\/p>\n","protected":false},"author":11,"featured_media":8516,"comment_status":"closed","ping_status":"open","sticky":false,"template":"","format":"standard","meta":{"_acf_changed":false,"inline_featured_image":false,"footnotes":""},"categories":[756],"tags":[],"class_list":["post-8514","post","type-post","status-publish","format-standard","has-post-thumbnail","hentry","category-vain-suomeksi"],"acf":[],"yoast_head":"<!-- This site is optimized with the Yoast SEO plugin v25.7 - https:\/\/yoast.com\/wordpress\/plugins\/seo\/ -->\n<title>Music x Median ohjelma laajenee livemusiikin markkinoinnilla, kansainv\u00e4listymisen mahdollisuuksilla ja alan tulevaisuuden vaikuttajilla - Music x Media<\/title>\n<meta name=\"robots\" content=\"index, follow, max-snippet:-1, max-image-preview:large, max-video-preview:-1\" \/>\n<link rel=\"canonical\" href=\"https:\/\/musicmedia.fi\/fi\/music-x-median-ohjelma-laajenee-livemusiikin-markkinoinnilla-kansainvalistymisen-mahdollisuuksilla-ja-alan-tulevaisuuden-vaikuttajilla\/\" \/>\n<meta property=\"og:locale\" content=\"fi_FI\" \/>\n<meta property=\"og:type\" content=\"article\" \/>\n<meta property=\"og:title\" content=\"Music x Median ohjelma laajenee livemusiikin markkinoinnilla, kansainv\u00e4listymisen mahdollisuuksilla ja alan tulevaisuuden vaikuttajilla - Music x Media\" \/>\n<meta property=\"og:description\" content=\"Music x Media tuo lokakuussa yhteen kansainv\u00e4liset musiikkialan huippupuhujat, uudet n\u00e4k\u00f6kulmat ja tuoreimmat tiedot. Tapahtuma tarjoaa ainutlaatuisen mahdollisuuden luovan alan yhteisty\u00f6h\u00f6n ja verkostoitumiseen alan ammattilaisten kanssa. Music x Median ohjelma t\u00e4yttyy jatkuvasti mielenkiintoisilla ja hy\u00f6dyllisill\u00e4 sis\u00e4ll\u00f6ill\u00e4. Oletko jo varmistanut paikkasi vuoden merkitt\u00e4vimm\u00e4ss\u00e4 musiikki-, viihde- ja tapahtuma-alan kohtaamisessa? Viime vuonna suuren suosion saavuttanut Ministeritentti saa jatkoa, [&hellip;]\" \/>\n<meta property=\"og:url\" content=\"https:\/\/musicmedia.fi\/fi\/music-x-median-ohjelma-laajenee-livemusiikin-markkinoinnilla-kansainvalistymisen-mahdollisuuksilla-ja-alan-tulevaisuuden-vaikuttajilla\/\" \/>\n<meta property=\"og:site_name\" content=\"Music x Media\" \/>\n<meta property=\"article:published_time\" content=\"2024-08-21T08:50:08+00:00\" \/>\n<meta property=\"article:modified_time\" content=\"2024-08-21T11:23:03+00:00\" \/>\n<meta property=\"og:image\" content=\"https:\/\/musicmedia.fi\/wp-content\/uploads\/2024\/08\/uutiskirje-scaled.jpg\" \/>\n\t<meta property=\"og:image:width\" content=\"2560\" \/>\n\t<meta property=\"og:image:height\" content=\"1340\" \/>\n\t<meta property=\"og:image:type\" content=\"image\/jpeg\" \/>\n<meta name=\"author\" content=\"info@musicmedia.fi\" \/>\n<meta name=\"twitter:card\" content=\"summary_large_image\" \/>\n<meta name=\"twitter:label1\" content=\"Kirjoittanut\" \/>\n\t<meta name=\"twitter:data1\" content=\"info@musicmedia.fi\" \/>\n\t<meta name=\"twitter:label2\" content=\"Arvioitu lukuaika\" \/>\n\t<meta name=\"twitter:data2\" content=\"3 minuuttia\" \/>\n<script type=\"application\/ld+json\" class=\"yoast-schema-graph\">{\"@context\":\"https:\/\/schema.org\",\"@graph\":[{\"@type\":\"Article\",\"@id\":\"https:\/\/musicmedia.fi\/music-x-median-ohjelma-laajenee-livemusiikin-markkinoinnilla-kansainvalistymisen-mahdollisuuksilla-ja-alan-tulevaisuuden-vaikuttajilla\/#article\",\"isPartOf\":{\"@id\":\"https:\/\/musicmedia.fi\/music-x-median-ohjelma-laajenee-livemusiikin-markkinoinnilla-kansainvalistymisen-mahdollisuuksilla-ja-alan-tulevaisuuden-vaikuttajilla\/\"},\"author\":{\"name\":\"info@musicmedia.fi\",\"@id\":\"https:\/\/musicmedia.fi\/#\/schema\/person\/4d79763c56ccb5c8c01ae47497da967d\"},\"headline\":\"Music x Median ohjelma laajenee livemusiikin markkinoinnilla, kansainv\u00e4listymisen mahdollisuuksilla ja alan tulevaisuuden vaikuttajilla\",\"datePublished\":\"2024-08-21T08:50:08+00:00\",\"dateModified\":\"2024-08-21T11:23:03+00:00\",\"mainEntityOfPage\":{\"@id\":\"https:\/\/musicmedia.fi\/music-x-median-ohjelma-laajenee-livemusiikin-markkinoinnilla-kansainvalistymisen-mahdollisuuksilla-ja-alan-tulevaisuuden-vaikuttajilla\/\"},\"wordCount\":565,\"publisher\":{\"@id\":\"https:\/\/musicmedia.fi\/#organization\"},\"image\":{\"@id\":\"https:\/\/musicmedia.fi\/music-x-median-ohjelma-laajenee-livemusiikin-markkinoinnilla-kansainvalistymisen-mahdollisuuksilla-ja-alan-tulevaisuuden-vaikuttajilla\/#primaryimage\"},\"thumbnailUrl\":\"https:\/\/musicmedia.fi\/wp-content\/uploads\/2024\/08\/uutiskirje-scaled.jpg\",\"articleSection\":[\"Vain suomeksi\"],\"inLanguage\":\"fi\"},{\"@type\":\"WebPage\",\"@id\":\"https:\/\/musicmedia.fi\/music-x-median-ohjelma-laajenee-livemusiikin-markkinoinnilla-kansainvalistymisen-mahdollisuuksilla-ja-alan-tulevaisuuden-vaikuttajilla\/\",\"url\":\"https:\/\/musicmedia.fi\/music-x-median-ohjelma-laajenee-livemusiikin-markkinoinnilla-kansainvalistymisen-mahdollisuuksilla-ja-alan-tulevaisuuden-vaikuttajilla\/\",\"name\":\"Music x Median ohjelma laajenee livemusiikin markkinoinnilla, kansainv\u00e4listymisen mahdollisuuksilla ja alan tulevaisuuden vaikuttajilla - Music x Media\",\"isPartOf\":{\"@id\":\"https:\/\/musicmedia.fi\/#website\"},\"primaryImageOfPage\":{\"@id\":\"https:\/\/musicmedia.fi\/music-x-median-ohjelma-laajenee-livemusiikin-markkinoinnilla-kansainvalistymisen-mahdollisuuksilla-ja-alan-tulevaisuuden-vaikuttajilla\/#primaryimage\"},\"image\":{\"@id\":\"https:\/\/musicmedia.fi\/music-x-median-ohjelma-laajenee-livemusiikin-markkinoinnilla-kansainvalistymisen-mahdollisuuksilla-ja-alan-tulevaisuuden-vaikuttajilla\/#primaryimage\"},\"thumbnailUrl\":\"https:\/\/musicmedia.fi\/wp-content\/uploads\/2024\/08\/uutiskirje-scaled.jpg\",\"datePublished\":\"2024-08-21T08:50:08+00:00\",\"dateModified\":\"2024-08-21T11:23:03+00:00\",\"breadcrumb\":{\"@id\":\"https:\/\/musicmedia.fi\/music-x-median-ohjelma-laajenee-livemusiikin-markkinoinnilla-kansainvalistymisen-mahdollisuuksilla-ja-alan-tulevaisuuden-vaikuttajilla\/#breadcrumb\"},\"inLanguage\":\"fi\",\"potentialAction\":[{\"@type\":\"ReadAction\",\"target\":[\"https:\/\/musicmedia.fi\/music-x-median-ohjelma-laajenee-livemusiikin-markkinoinnilla-kansainvalistymisen-mahdollisuuksilla-ja-alan-tulevaisuuden-vaikuttajilla\/\"]}]},{\"@type\":\"ImageObject\",\"inLanguage\":\"fi\",\"@id\":\"https:\/\/musicmedia.fi\/music-x-median-ohjelma-laajenee-livemusiikin-markkinoinnilla-kansainvalistymisen-mahdollisuuksilla-ja-alan-tulevaisuuden-vaikuttajilla\/#primaryimage\",\"url\":\"https:\/\/musicmedia.fi\/wp-content\/uploads\/2024\/08\/uutiskirje-scaled.jpg\",\"contentUrl\":\"https:\/\/musicmedia.fi\/wp-content\/uploads\/2024\/08\/uutiskirje-scaled.jpg\",\"width\":2560,\"height\":1340},{\"@type\":\"BreadcrumbList\",\"@id\":\"https:\/\/musicmedia.fi\/music-x-median-ohjelma-laajenee-livemusiikin-markkinoinnilla-kansainvalistymisen-mahdollisuuksilla-ja-alan-tulevaisuuden-vaikuttajilla\/#breadcrumb\",\"itemListElement\":[{\"@type\":\"ListItem\",\"position\":1,\"name\":\"Home\",\"item\":\"https:\/\/musicmedia.fi\/\"},{\"@type\":\"ListItem\",\"position\":2,\"name\":\"Music x Median ohjelma laajenee livemusiikin markkinoinnilla, kansainv\u00e4listymisen mahdollisuuksilla ja alan tulevaisuuden vaikuttajilla\"}]},{\"@type\":\"WebSite\",\"@id\":\"https:\/\/musicmedia.fi\/#website\",\"url\":\"https:\/\/musicmedia.fi\/\",\"name\":\"Music x Media\",\"description\":\"Musiikki-, viihde- ja tapahtuma-alojen kohtaamispaikka\",\"publisher\":{\"@id\":\"https:\/\/musicmedia.fi\/#organization\"},\"potentialAction\":[{\"@type\":\"SearchAction\",\"target\":{\"@type\":\"EntryPoint\",\"urlTemplate\":\"https:\/\/musicmedia.fi\/?s={search_term_string}\"},\"query-input\":{\"@type\":\"PropertyValueSpecification\",\"valueRequired\":true,\"valueName\":\"search_term_string\"}}],\"inLanguage\":\"fi\"},{\"@type\":\"Organization\",\"@id\":\"https:\/\/musicmedia.fi\/#organization\",\"name\":\"Music x Media\",\"url\":\"https:\/\/musicmedia.fi\/\",\"logo\":{\"@type\":\"ImageObject\",\"inLanguage\":\"fi\",\"@id\":\"https:\/\/musicmedia.fi\/#\/schema\/logo\/image\/\",\"url\":\"https:\/\/musicmedia.fi\/wp-content\/uploads\/2022\/05\/logo.png\",\"contentUrl\":\"https:\/\/musicmedia.fi\/wp-content\/uploads\/2022\/05\/logo.png\",\"width\":276,\"height\":147,\"caption\":\"Music x Media\"},\"image\":{\"@id\":\"https:\/\/musicmedia.fi\/#\/schema\/logo\/image\/\"}},{\"@type\":\"Person\",\"@id\":\"https:\/\/musicmedia.fi\/#\/schema\/person\/4d79763c56ccb5c8c01ae47497da967d\",\"name\":\"info@musicmedia.fi\",\"url\":\"https:\/\/musicmedia.fi\/fi\/author\/infomusicmedia-fi\/\"}]}<\/script>\n<!-- \/ Yoast SEO plugin. -->","yoast_head_json":{"title":"Music x Median ohjelma laajenee livemusiikin markkinoinnilla, kansainv\u00e4listymisen mahdollisuuksilla ja alan tulevaisuuden vaikuttajilla - Music x Media","robots":{"index":"index","follow":"follow","max-snippet":"max-snippet:-1","max-image-preview":"max-image-preview:large","max-video-preview":"max-video-preview:-1"},"canonical":"https:\/\/musicmedia.fi\/fi\/music-x-median-ohjelma-laajenee-livemusiikin-markkinoinnilla-kansainvalistymisen-mahdollisuuksilla-ja-alan-tulevaisuuden-vaikuttajilla\/","og_locale":"fi_FI","og_type":"article","og_title":"Music x Median ohjelma laajenee livemusiikin markkinoinnilla, kansainv\u00e4listymisen mahdollisuuksilla ja alan tulevaisuuden vaikuttajilla - Music x Media","og_description":"Music x Media tuo lokakuussa yhteen kansainv\u00e4liset musiikkialan huippupuhujat, uudet n\u00e4k\u00f6kulmat ja tuoreimmat tiedot. Tapahtuma tarjoaa ainutlaatuisen mahdollisuuden luovan alan yhteisty\u00f6h\u00f6n ja verkostoitumiseen alan ammattilaisten kanssa. Music x Median ohjelma t\u00e4yttyy jatkuvasti mielenkiintoisilla ja hy\u00f6dyllisill\u00e4 sis\u00e4ll\u00f6ill\u00e4. Oletko jo varmistanut paikkasi vuoden merkitt\u00e4vimm\u00e4ss\u00e4 musiikki-, viihde- ja tapahtuma-alan kohtaamisessa? Viime vuonna suuren suosion saavuttanut Ministeritentti saa jatkoa, [&hellip;]","og_url":"https:\/\/musicmedia.fi\/fi\/music-x-median-ohjelma-laajenee-livemusiikin-markkinoinnilla-kansainvalistymisen-mahdollisuuksilla-ja-alan-tulevaisuuden-vaikuttajilla\/","og_site_name":"Music x Media","article_published_time":"2024-08-21T08:50:08+00:00","article_modified_time":"2024-08-21T11:23:03+00:00","og_image":[{"width":2560,"height":1340,"url":"https:\/\/musicmedia.fi\/wp-content\/uploads\/2024\/08\/uutiskirje-scaled.jpg","type":"image\/jpeg"}],"author":"info@musicmedia.fi","twitter_card":"summary_large_image","twitter_misc":{"Kirjoittanut":"info@musicmedia.fi","Arvioitu lukuaika":"3 minuuttia"},"schema":{"@context":"https:\/\/schema.org","@graph":[{"@type":"Article","@id":"https:\/\/musicmedia.fi\/music-x-median-ohjelma-laajenee-livemusiikin-markkinoinnilla-kansainvalistymisen-mahdollisuuksilla-ja-alan-tulevaisuuden-vaikuttajilla\/#article","isPartOf":{"@id":"https:\/\/musicmedia.fi\/music-x-median-ohjelma-laajenee-livemusiikin-markkinoinnilla-kansainvalistymisen-mahdollisuuksilla-ja-alan-tulevaisuuden-vaikuttajilla\/"},"author":{"name":"info@musicmedia.fi","@id":"https:\/\/musicmedia.fi\/#\/schema\/person\/4d79763c56ccb5c8c01ae47497da967d"},"headline":"Music x Median ohjelma laajenee livemusiikin markkinoinnilla, kansainv\u00e4listymisen mahdollisuuksilla ja alan tulevaisuuden vaikuttajilla","datePublished":"2024-08-21T08:50:08+00:00","dateModified":"2024-08-21T11:23:03+00:00","mainEntityOfPage":{"@id":"https:\/\/musicmedia.fi\/music-x-median-ohjelma-laajenee-livemusiikin-markkinoinnilla-kansainvalistymisen-mahdollisuuksilla-ja-alan-tulevaisuuden-vaikuttajilla\/"},"wordCount":565,"publisher":{"@id":"https:\/\/musicmedia.fi\/#organization"},"image":{"@id":"https:\/\/musicmedia.fi\/music-x-median-ohjelma-laajenee-livemusiikin-markkinoinnilla-kansainvalistymisen-mahdollisuuksilla-ja-alan-tulevaisuuden-vaikuttajilla\/#primaryimage"},"thumbnailUrl":"https:\/\/musicmedia.fi\/wp-content\/uploads\/2024\/08\/uutiskirje-scaled.jpg","articleSection":["Vain suomeksi"],"inLanguage":"fi"},{"@type":"WebPage","@id":"https:\/\/musicmedia.fi\/music-x-median-ohjelma-laajenee-livemusiikin-markkinoinnilla-kansainvalistymisen-mahdollisuuksilla-ja-alan-tulevaisuuden-vaikuttajilla\/","url":"https:\/\/musicmedia.fi\/music-x-median-ohjelma-laajenee-livemusiikin-markkinoinnilla-kansainvalistymisen-mahdollisuuksilla-ja-alan-tulevaisuuden-vaikuttajilla\/","name":"Music x Median ohjelma laajenee livemusiikin markkinoinnilla, kansainv\u00e4listymisen mahdollisuuksilla ja alan tulevaisuuden vaikuttajilla - Music x Media","isPartOf":{"@id":"https:\/\/musicmedia.fi\/#website"},"primaryImageOfPage":{"@id":"https:\/\/musicmedia.fi\/music-x-median-ohjelma-laajenee-livemusiikin-markkinoinnilla-kansainvalistymisen-mahdollisuuksilla-ja-alan-tulevaisuuden-vaikuttajilla\/#primaryimage"},"image":{"@id":"https:\/\/musicmedia.fi\/music-x-median-ohjelma-laajenee-livemusiikin-markkinoinnilla-kansainvalistymisen-mahdollisuuksilla-ja-alan-tulevaisuuden-vaikuttajilla\/#primaryimage"},"thumbnailUrl":"https:\/\/musicmedia.fi\/wp-content\/uploads\/2024\/08\/uutiskirje-scaled.jpg","datePublished":"2024-08-21T08:50:08+00:00","dateModified":"2024-08-21T11:23:03+00:00","breadcrumb":{"@id":"https:\/\/musicmedia.fi\/music-x-median-ohjelma-laajenee-livemusiikin-markkinoinnilla-kansainvalistymisen-mahdollisuuksilla-ja-alan-tulevaisuuden-vaikuttajilla\/#breadcrumb"},"inLanguage":"fi","potentialAction":[{"@type":"ReadAction","target":["https:\/\/musicmedia.fi\/music-x-median-ohjelma-laajenee-livemusiikin-markkinoinnilla-kansainvalistymisen-mahdollisuuksilla-ja-alan-tulevaisuuden-vaikuttajilla\/"]}]},{"@type":"ImageObject","inLanguage":"fi","@id":"https:\/\/musicmedia.fi\/music-x-median-ohjelma-laajenee-livemusiikin-markkinoinnilla-kansainvalistymisen-mahdollisuuksilla-ja-alan-tulevaisuuden-vaikuttajilla\/#primaryimage","url":"https:\/\/musicmedia.fi\/wp-content\/uploads\/2024\/08\/uutiskirje-scaled.jpg","contentUrl":"https:\/\/musicmedia.fi\/wp-content\/uploads\/2024\/08\/uutiskirje-scaled.jpg","width":2560,"height":1340},{"@type":"BreadcrumbList","@id":"https:\/\/musicmedia.fi\/music-x-median-ohjelma-laajenee-livemusiikin-markkinoinnilla-kansainvalistymisen-mahdollisuuksilla-ja-alan-tulevaisuuden-vaikuttajilla\/#breadcrumb","itemListElement":[{"@type":"ListItem","position":1,"name":"Home","item":"https:\/\/musicmedia.fi\/"},{"@type":"ListItem","position":2,"name":"Music x Median ohjelma laajenee livemusiikin markkinoinnilla, kansainv\u00e4listymisen mahdollisuuksilla ja alan tulevaisuuden vaikuttajilla"}]},{"@type":"WebSite","@id":"https:\/\/musicmedia.fi\/#website","url":"https:\/\/musicmedia.fi\/","name":"Music x Media","description":"Musiikki-, viihde- ja tapahtuma-alojen kohtaamispaikka","publisher":{"@id":"https:\/\/musicmedia.fi\/#organization"},"potentialAction":[{"@type":"SearchAction","target":{"@type":"EntryPoint","urlTemplate":"https:\/\/musicmedia.fi\/?s={search_term_string}"},"query-input":{"@type":"PropertyValueSpecification","valueRequired":true,"valueName":"search_term_string"}}],"inLanguage":"fi"},{"@type":"Organization","@id":"https:\/\/musicmedia.fi\/#organization","name":"Music x Media","url":"https:\/\/musicmedia.fi\/","logo":{"@type":"ImageObject","inLanguage":"fi","@id":"https:\/\/musicmedia.fi\/#\/schema\/logo\/image\/","url":"https:\/\/musicmedia.fi\/wp-content\/uploads\/2022\/05\/logo.png","contentUrl":"https:\/\/musicmedia.fi\/wp-content\/uploads\/2022\/05\/logo.png","width":276,"height":147,"caption":"Music x Media"},"image":{"@id":"https:\/\/musicmedia.fi\/#\/schema\/logo\/image\/"}},{"@type":"Person","@id":"https:\/\/musicmedia.fi\/#\/schema\/person\/4d79763c56ccb5c8c01ae47497da967d","name":"info@musicmedia.fi","url":"https:\/\/musicmedia.fi\/fi\/author\/infomusicmedia-fi\/"}]}},"_links":{"self":[{"href":"https:\/\/musicmedia.fi\/fi\/wp-json\/wp\/v2\/posts\/8514","targetHints":{"allow":["GET"]}}],"collection":[{"href":"https:\/\/musicmedia.fi\/fi\/wp-json\/wp\/v2\/posts"}],"about":[{"href":"https:\/\/musicmedia.fi\/fi\/wp-json\/wp\/v2\/types\/post"}],"author":[{"embeddable":true,"href":"https:\/\/musicmedia.fi\/fi\/wp-json\/wp\/v2\/users\/11"}],"replies":[{"embeddable":true,"href":"https:\/\/musicmedia.fi\/fi\/wp-json\/wp\/v2\/comments?post=8514"}],"version-history":[{"count":6,"href":"https:\/\/musicmedia.fi\/fi\/wp-json\/wp\/v2\/posts\/8514\/revisions"}],"predecessor-version":[{"id":8532,"href":"https:\/\/musicmedia.fi\/fi\/wp-json\/wp\/v2\/posts\/8514\/revisions\/8532"}],"wp:featuredmedia":[{"embeddable":true,"href":"https:\/\/musicmedia.fi\/fi\/wp-json\/wp\/v2\/media\/8516"}],"wp:attachment":[{"href":"https:\/\/musicmedia.fi\/fi\/wp-json\/wp\/v2\/media?parent=8514"}],"wp:term":[{"taxonomy":"category","embeddable":true,"href":"https:\/\/musicmedia.fi\/fi\/wp-json\/wp\/v2\/categories?post=8514"},{"taxonomy":"post_tag","embeddable":true,"href":"https:\/\/musicmedia.fi\/fi\/wp-json\/wp\/v2\/tags?post=8514"}],"curies":[{"name":"wp","href":"https:\/\/api.w.org\/{rel}","templated":true}]}}