{"id":8047,"date":"2024-06-13T10:00:56","date_gmt":"2024-06-13T07:00:56","guid":{"rendered":"https:\/\/musicmedia.fi\/?p=8047"},"modified":"2024-06-18T23:45:09","modified_gmt":"2024-06-18T20:45:09","slug":"fresh-by-music-x-median-ohjelmasisaltoja-julki-ja-ennakkoilmoittautuminen-auki","status":"publish","type":"post","link":"https:\/\/musicmedia.fi\/fi\/fresh-by-music-x-median-ohjelmasisaltoja-julki-ja-ennakkoilmoittautuminen-auki\/","title":{"rendered":"Fresh! by Music x Median ohjelmasis\u00e4lt\u00f6j\u00e4 julki ja ennakkoilmoittautuminen auki"},"content":{"rendered":"<p><span style=\"font-weight: 400;\">Tampere-talossa 5.10.2024 j\u00e4rjestett\u00e4v\u00e4n 16-29-vuotiaille musiikkialasta kiinnostuneille nuorille suunnatun Fresh! by Music x Media -tapahtuman ensimm\u00e4iset ohjelmasis\u00e4ll\u00f6t on nyt julkaistu.<\/span><\/p>\n<p><span style=\"font-weight: 400;\">Lokakuussa Tampere-talon Maestro-salin t\u00e4ytt\u00e4v\u00e4ss\u00e4 puheohjelmassa keskustellaan monipuolisesti musiikkialasta. Puheohjelmassa p\u00e4\u00e4see esimerkiksi kuulemaan vinkkej\u00e4 alalla uran rakentamiseen musiikintekij\u00e4n\u00e4, tutustumaan musa-alan monipuolisiin rooleihin ja eri ty\u00f6llistymismahdollisuuksiin sek\u00e4 inspiroitumaan laulaja-lauluntekij\u00e4 <\/span><b>Hassan Maikal<\/b><span style=\"font-weight: 400;\">in ja h\u00e4nen A&amp;R\/Managerinsa <\/span><b>Setumo Bodibe<\/b><span style=\"font-weight: 400;\">n tarinasta. Mukana my\u00f6s <\/span><b>Teosto<\/b><span style=\"font-weight: 400;\">n ja <\/span><b>Gramex<\/b><span style=\"font-weight: 400;\">in tietoisku.<\/span><span style=\"font-weight: 400;\"><br \/>\n<\/span><span style=\"font-weight: 400;\"><br \/>\n<\/span><span style=\"font-weight: 400;\">Helsingin nuorisopalveluiden mahdollistamissa ty\u00f6pajasis\u00e4ll\u00f6iss\u00e4 p\u00e4\u00e4see muun muassa tutustumaan DJ-laitteistoihin, \u00e4\u00e4nitysstudioihin, biittien tekemisen maailmaan, biisien kirjoittamiseen sek\u00e4 podcastien konseptoimiseen ja \u00e4\u00e4nitt\u00e4miseen. Ty\u00f6pajoissa on mahdollista saada ohjausta sek\u00e4 suomeksi ett\u00e4 englanniksi. Tapahtuman puhesis\u00e4ll\u00f6t ovat suomeksi.\u00a0<\/span><\/p>\n<p>&nbsp;<\/p>\n<h2><b>Ensimm\u00e4iset ohjelmat julkaistu!<\/p>\n<p><\/b><\/h2>\n<h4><b>Puheohjelmassa:<\/b><\/h4>\n<p><b>Kuinka luoda artisti- tai musiikintekij\u00e4uraa?<\/b><b><br \/>\n<\/b><b>SpotlightKiddo, Berta, Jonna Heikkinen, Christina Boman\u00a0<\/b><\/p>\n<p><span style=\"font-weight: 400;\">Haaveiletko urasta artistina tai musiikintekij\u00e4n\u00e4, mutta et tied\u00e4, mist\u00e4 aloittaa? Tule mukaan inspiroivaan keskusteluun, josta voit saada hyvi\u00e4 vinkkej\u00e4 uran alkuun.<\/span><\/p>\n<p><span style=\"font-weight: 400;\">Keskustelun aiheina ovat muun muassa mist\u00e4 l\u00e4hte\u00e4 liikkeelle artistina tai musiikin tekij\u00e4n\u00e4, kuinka kehitt\u00e4\u00e4 omaa musiikillista tyyli\u00e4 ja br\u00e4ndi\u00e4, sosiaalisen median hy\u00f6dynt\u00e4minen uran edist\u00e4misess\u00e4 sek\u00e4 millaisia haasteita ja onnistumisia matkalla artistiksi tai musiikintekij\u00e4ksi voi kohdata.\u00a0<\/span><\/p>\n<p><span style=\"font-weight: 400;\">Mukana keskustelemassa:\u00a0<\/span><\/p>\n<ul>\n<li style=\"font-weight: 400;\" aria-level=\"1\"><b>SpotlightKiddo <\/b><span style=\"font-weight: 400;\">on kitaristi, joka soittaa muun muassa Abreun ja Isac Elliotin b\u00e4ndeiss\u00e4. SpotlightKiddo on monelle tuttu my\u00f6s TikTok-videoistaan, joita seuraa yli 135 000 seuraajaa ymp\u00e4ri maailmaa.\u00a0<\/span><span style=\"font-weight: 400;\"><br \/>\n<\/span><\/li>\n<li style=\"font-weight: 400;\" aria-level=\"1\"><b>Berta <\/b><span style=\"font-weight: 400;\">on laulaja-lauluntekij\u00e4, joka aloitti yli nelj\u00e4 vuotta sitten Tiktok-videoiden tekemisen, p\u00e4\u00e4tyi Warner Music Finlandin ja M\u00f6kkitie Recordsin artistiksi ja voitti t\u00e4n\u00e4 vuonna Vuoden musiikkivaikuttaja -palkinnon Tubecon Awardseissa.\u00a0 TikTokissaan bertalla on yli 175 000 seuraajaa.<\/span><span style=\"font-weight: 400;\"><br \/>\n<\/span><\/li>\n<li style=\"font-weight: 400;\" aria-level=\"1\"><b>Jonna Heikkinen \u201dJoanna\u201d<\/b><span style=\"font-weight: 400;\"> on suomalainen kustannettu biisinkirjoittaja (Elements Music), laulaja ja artisti, joka raivaa tiet\u00e4 suomalaiselle vientimusiikille kansainv\u00e4lisill\u00e4 markkinoilla. Jonna on tehnyt kappaleita mm. Marcus &amp; Martinukselle, CLMD:lle sek\u00e4 Marnikille ja osallistunut Robin Schulzin managementin j\u00e4rjest\u00e4m\u00e4lle biisileirille Saksassa. H\u00e4nell\u00e4 on yli 10 miljoonaa striimi\u00e4 Spotifyssa.<\/span><span style=\"font-weight: 400;\"><br \/>\n<\/span><\/li>\n<li style=\"font-weight: 400;\" aria-level=\"1\"><b>Christina Boman <\/b><span style=\"font-weight: 400;\">on toimittaja ja musiikintekij\u00e4, joka on ty\u00f6skennellyt muun muassa Trendiss\u00e4, Annassa ja Demiss\u00e4. Christina juontaa keskustelua ja antaa my\u00f6s vinkkej\u00e4, kuinka omaa musiikkia kannattaa promota lehtien toimituksille.\n<p><\/span><\/li>\n<\/ul>\n<p><b>Yhdess\u00e4 alalla: Managerin rooli ja t\u00e4rkeys artistin uralla <\/b><b><br \/>\n<\/b><b>Hassan Maikal &amp; Setumo Bodibe<\/b><\/p>\n<p><span style=\"font-weight: 400;\">Manageri on usein artistin t\u00e4rkein tuki ja turva. Laulaja-lauluntekij\u00e4 <\/span><b>Hassan Maikal <\/b><span style=\"font-weight: 400;\">ja h\u00e4nen A&amp;R\/Managerinsa <\/span><b>Setumo Bodibe<\/b><span style=\"font-weight: 400;\"> jakavat tarinansa l\u00e4hes vuosikymmenen pituisesta yhteisty\u00f6st\u00e4\u00e4n. Heid\u00e4n yst\u00e4vyytens\u00e4 ja veljeytens\u00e4 ovat s\u00e4ilyneet vahvoina, kun he ovat kasvaneet ammattilaisiksi, tukeneet toistensa uria t\u00e4rkeiss\u00e4 risteyskohdissa ja luoneet jotain erityist\u00e4 musiikkialalla.<\/span><\/p>\n<p><span style=\"font-weight: 400;\">Miten l\u00f6yt\u00e4\u00e4 rinnalleen ihminen, joka on valmis kulkemaan artistin matkassa ja laittamaan kaiken likoon? Miss\u00e4 t\u00e4llaisia ihmisi\u00e4 voi kohdata?<\/span><\/p>\n<p><span style=\"font-weight: 400;\">T\u00e4ss\u00e4 keskustelussa Hassan ja Setumo keskustelevat avoimesti ja rehellisesti musiikkimaailman mahdollisuuksista ja raadollisemmista puolista, yksin\u00e4isyydest\u00e4 ja yhteis\u00f6st\u00e4. He kertovat, miten heid\u00e4n tiimins\u00e4 on vuosien saatossa rakentunut sellaiseksi, kuin se nyt on ja mit\u00e4 he haluavat viel\u00e4 yhdess\u00e4 saavuttaa.<\/span><\/p>\n<h4><b>Teoston &amp; Gramexin tietoisku luovan alan tekij\u00f6ille <\/b><b><br \/>\n<\/b><span style=\"font-weight: 400;\">Puhujat ja tarkempi sis\u00e4lt\u00f6 julkaistaan my\u00f6hemmin\u00a0<\/span><\/h4>\n<p><b>Musiikkiala esitt\u00e4ytyy <\/b><b><br \/>\n<\/b><span style=\"font-weight: 400;\">Puhujat julkaistaan my\u00f6hemmin<\/span><\/p>\n<p><span style=\"font-weight: 400;\">Tule tutustumaan musiikkialan monipuolisiin mahdollisuuksiin ja toimijoihin! T\u00e4ss\u00e4 keskustelussa havainnollistetaan, ket\u00e4 kaikkia alalla ty\u00f6skentelee, millaisia tahoja musiikkialalla on &amp; miten montaa eri tahoa ja ihmist\u00e4 yksi artisti saattaa ty\u00f6llist\u00e4\u00e4 uransa aikana. Mik\u00e4 on A&amp;R? Mik\u00e4 taho auttaa kansainv\u00e4lisell\u00e4 uralla? Ket\u00e4 kaikkia tarvitaan keikka- ja muissa livetuotannoissa?<\/span><\/p>\n<p><span style=\"font-weight: 400;\">Olit itse sitten artisti tai musiikkialan eri ty\u00f6llistymisvaihtoehdoista kiinnostunut, t\u00e4m\u00e4 sessio on sinulle! Session j\u00e4lkeen puhujat ovat tavattavissa tapahtuman tiloissa ja vastaavat mielell\u00e4\u00e4n kysymyksiin.<\/span><\/p>\n<p>&nbsp;<\/p>\n<p><strong>Puheohjelma t\u00e4ydentyy kes\u00e4n ja syksyn aikana.\u00a0<\/strong><\/p>\n<p><span style=\"font-weight: 400;\">\u00a0<\/span><\/p>\n<h4><b>Ty\u00f6pajoissa:<\/b><\/h4>\n<p><b>Songs &amp; Beats<br \/>\n<\/b><span style=\"font-weight: 400;\">Kiinnostaako biittien teko tai \u00e4\u00e4nitysstudioty\u00f6skentely? Siin\u00e4 tapauksessa <\/span><i><span style=\"font-weight: 400;\">Biittej\u00e4 ja biisej\u00e4 <\/span><\/i><span style=\"font-weight: 400;\">-ty\u00f6paja on just sulle! T\u00e4ss\u00e4 ty\u00f6pajassa p\u00e4\u00e4set itse tekem\u00e4\u00e4n biittej\u00e4, sek\u00e4 tutustumaan \u00e4\u00e4nitysstudioon ammattilaisten opastuksella. \u00c4\u00e4nitysstudiot on varustettu ammattilaisk\u00e4ytt\u00f6\u00f6n tarkoitetulla v\u00e4lineist\u00f6ll\u00e4, sek\u00e4 ohjelmistoilla. Lis\u00e4ksi p\u00e4iv\u00e4ss\u00e4 on mahdollisuus osallistua opastettuihin co-writing sessioihin, jossa p\u00e4\u00e4set yhdess\u00e4 tiimin kanssa kirjoittamaan ja \u00e4\u00e4nitt\u00e4m\u00e4\u00e4n biisin.\u00a0<\/span><\/p>\n<p><span style=\"font-weight: 400;\">Pop-up studiot tapahtumaan tuo <\/span><b>Emma School<\/b><span style=\"font-weight: 400;\">-music production yhteisty\u00f6ss\u00e4 Emma<\/span> <span style=\"font-weight: 400;\">Gaalan sek\u00e4 Helsingin &amp; Espoon kaupunkien kanssa. Laitteiston ty\u00f6pajaan tarjoaa Helsinki Unity Music.\u00a0<\/span><\/p>\n<p>&nbsp;<\/p>\n<p><b>DJ All Levels<br \/>\n<\/b><span>Oletko haaveillut DJ-hommista?<\/span><i><span> DJ All Levels<\/span><\/i><span> -ty\u00f6paja sopii ihan jokaiselle DJ-jutuista kiinnostuneelle, olitpa sitten ensikertalainen tai jo kokeneempi DJ-dekin k\u00e4ytt\u00e4j\u00e4. Ty\u00f6pajan ohjaajat auttavat jokaisen osallistujan alkuun, sek\u00e4 jakavat vinkkej\u00e4 esimerkiksi miksaustekniikoista, biisien valinnoista, siirtymist\u00e4 biisien v\u00e4lill\u00e4 ja efekteist\u00e4 &#8211; jokaisen osallistujan taitotason mukaan.\u00a0<\/span><\/p>\n<p><span style=\"font-weight: 400;\">Ty\u00f6pajan mahdollistaa <\/span><b>DJ Academy Helsinki<\/b><span style=\"font-weight: 400;\">,<\/span> <span style=\"font-weight: 400;\">Nuorisopalvelut, Helsinki<\/span><\/p>\n<p><b><br \/>\n<\/b><b>Tee oma podcast!<br \/>\n<\/b><span style=\"font-weight: 400;\">Milt\u00e4 just sun tekem\u00e4 podcast kuulostaisi? Tuu ottamaan siit\u00e4 selv\u00e4\u00e4 Signaalimedian ammattilaisten johdolla! T\u00e4ss\u00e4 ty\u00f6pajassa p\u00e4\u00e4set tutustumaan podcastien teon sis\u00e4ll\u00f6lliseen puoleen, miten \u00e4\u00e4nitt\u00e4minen tekniikan puolesta tapahtuu, mutta my\u00f6s siihen kuinka podcastissa esiinnyt\u00e4\u00e4n yleis\u00f6\u00e4 kiinnostavasti.\u00a0<\/span><\/p>\n<p><span style=\"font-weight: 400;\">Ty\u00f6pajan mahdollistaa <\/span><b>Signaalimedia<\/b><span style=\"font-weight: 400;\">, Nuorisopalvelut, Helsinki<\/p>\n<p><\/span><\/p>\n<p><strong>Ty\u00f6pajaohjelma t\u00e4ydentyy kes\u00e4n ja syksyn aikana.\u00a0<\/strong><\/p>\n<p>&nbsp;<\/p>\n<h2><b>Tapahtuman ennakkoilmoittautuminen on avattu!<\/b><\/h2>\n<p><span style=\"font-weight: 400;\">Fresh! by Music x Median ennakkoilmoittautuminen on nyt avattu. Tapahtuma on kaikille maksuton, mutta vaatii tapahtumapaikan rajallisen kapasiteetin vuoksi ennakkoilmoittautumisen.<\/span><\/p>\n<p><span style=\"font-weight: 400;\">Ilmoittautuminen on nyt avoinna, ja l\u00f6ytyy linkin takaa:<\/span><\/p>\n<p><a href=\"https:\/\/www.tiketti.fi\/music-x-media-2024-fresh-ilmoittautuminen-akkreditointi\/2121354\"><span style=\"font-weight: 400;\">https:\/\/www.tiketti.fi\/music-x-media-2024-fresh-ilmoittautuminen-akkreditointi\/2121354<\/span><\/a><\/p>\n","protected":false},"excerpt":{"rendered":"<p>Tampere-talossa 5.10.2024 j\u00e4rjestett\u00e4v\u00e4n 16-29-vuotiaille musiikkialasta kiinnostuneille nuorille suunnatun Fresh! by Music x Media -tapahtuman ensimm\u00e4iset ohjelmasis\u00e4ll\u00f6t on nyt julkaistu. Lokakuussa Tampere-talon Maestro-salin t\u00e4ytt\u00e4v\u00e4ss\u00e4 puheohjelmassa keskustellaan monipuolisesti musiikkialasta. Puheohjelmassa p\u00e4\u00e4see esimerkiksi kuulemaan vinkkej\u00e4 alalla uran rakentamiseen musiikintekij\u00e4n\u00e4, tutustumaan musa-alan monipuolisiin rooleihin ja eri ty\u00f6llistymismahdollisuuksiin sek\u00e4 inspiroitumaan laulaja-lauluntekij\u00e4 Hassan Maikalin ja h\u00e4nen A&amp;R\/Managerinsa Setumo Bodiben tarinasta. Mukana [&hellip;]<\/p>\n","protected":false},"author":19,"featured_media":8048,"comment_status":"closed","ping_status":"open","sticky":false,"template":"","format":"standard","meta":{"_acf_changed":false,"inline_featured_image":false,"footnotes":""},"categories":[756],"tags":[],"class_list":["post-8047","post","type-post","status-publish","format-standard","has-post-thumbnail","hentry","category-vain-suomeksi"],"acf":[],"yoast_head":"<!-- This site is optimized with the Yoast SEO plugin v25.7 - https:\/\/yoast.com\/wordpress\/plugins\/seo\/ -->\n<title>Fresh! by Music x Median ohjelmasis\u00e4lt\u00f6j\u00e4 julki ja ennakkoilmoittautuminen auki - Music x Media<\/title>\n<meta name=\"robots\" content=\"index, follow, max-snippet:-1, max-image-preview:large, max-video-preview:-1\" \/>\n<link rel=\"canonical\" href=\"https:\/\/musicmedia.fi\/fi\/fresh-by-music-x-median-ohjelmasisaltoja-julki-ja-ennakkoilmoittautuminen-auki\/\" \/>\n<meta property=\"og:locale\" content=\"fi_FI\" \/>\n<meta property=\"og:type\" content=\"article\" \/>\n<meta property=\"og:title\" content=\"Fresh! by Music x Median ohjelmasis\u00e4lt\u00f6j\u00e4 julki ja ennakkoilmoittautuminen auki - Music x Media\" \/>\n<meta property=\"og:description\" content=\"Tampere-talossa 5.10.2024 j\u00e4rjestett\u00e4v\u00e4n 16-29-vuotiaille musiikkialasta kiinnostuneille nuorille suunnatun Fresh! by Music x Media -tapahtuman ensimm\u00e4iset ohjelmasis\u00e4ll\u00f6t on nyt julkaistu. Lokakuussa Tampere-talon Maestro-salin t\u00e4ytt\u00e4v\u00e4ss\u00e4 puheohjelmassa keskustellaan monipuolisesti musiikkialasta. Puheohjelmassa p\u00e4\u00e4see esimerkiksi kuulemaan vinkkej\u00e4 alalla uran rakentamiseen musiikintekij\u00e4n\u00e4, tutustumaan musa-alan monipuolisiin rooleihin ja eri ty\u00f6llistymismahdollisuuksiin sek\u00e4 inspiroitumaan laulaja-lauluntekij\u00e4 Hassan Maikalin ja h\u00e4nen A&amp;R\/Managerinsa Setumo Bodiben tarinasta. Mukana [&hellip;]\" \/>\n<meta property=\"og:url\" content=\"https:\/\/musicmedia.fi\/fi\/fresh-by-music-x-median-ohjelmasisaltoja-julki-ja-ennakkoilmoittautuminen-auki\/\" \/>\n<meta property=\"og:site_name\" content=\"Music x Media\" \/>\n<meta property=\"article:published_time\" content=\"2024-06-13T07:00:56+00:00\" \/>\n<meta property=\"article:modified_time\" content=\"2024-06-18T20:45:09+00:00\" \/>\n<meta property=\"og:image\" content=\"https:\/\/musicmedia.fi\/wp-content\/uploads\/2024\/06\/Tiedote_kuvat-2.png\" \/>\n\t<meta property=\"og:image:width\" content=\"1640\" \/>\n\t<meta property=\"og:image:height\" content=\"924\" \/>\n\t<meta property=\"og:image:type\" content=\"image\/png\" \/>\n<meta name=\"author\" content=\"Noora Luttinen\" \/>\n<meta name=\"twitter:card\" content=\"summary_large_image\" \/>\n<meta name=\"twitter:label1\" content=\"Kirjoittanut\" \/>\n\t<meta name=\"twitter:data1\" content=\"Noora Luttinen\" \/>\n\t<meta name=\"twitter:label2\" content=\"Arvioitu lukuaika\" \/>\n\t<meta name=\"twitter:data2\" content=\"4 minuuttia\" \/>\n<script type=\"application\/ld+json\" class=\"yoast-schema-graph\">{\"@context\":\"https:\/\/schema.org\",\"@graph\":[{\"@type\":\"Article\",\"@id\":\"https:\/\/musicmedia.fi\/fresh-by-music-x-median-ohjelmasisaltoja-julki-ja-ennakkoilmoittautuminen-auki\/#article\",\"isPartOf\":{\"@id\":\"https:\/\/musicmedia.fi\/fresh-by-music-x-median-ohjelmasisaltoja-julki-ja-ennakkoilmoittautuminen-auki\/\"},\"author\":{\"name\":\"Noora Luttinen\",\"@id\":\"https:\/\/musicmedia.fi\/#\/schema\/person\/614db61809a1b1531179899622f23db0\"},\"headline\":\"Fresh! by Music x Median ohjelmasis\u00e4lt\u00f6j\u00e4 julki ja ennakkoilmoittautuminen auki\",\"datePublished\":\"2024-06-13T07:00:56+00:00\",\"dateModified\":\"2024-06-18T20:45:09+00:00\",\"mainEntityOfPage\":{\"@id\":\"https:\/\/musicmedia.fi\/fresh-by-music-x-median-ohjelmasisaltoja-julki-ja-ennakkoilmoittautuminen-auki\/\"},\"wordCount\":863,\"publisher\":{\"@id\":\"https:\/\/musicmedia.fi\/#organization\"},\"image\":{\"@id\":\"https:\/\/musicmedia.fi\/fresh-by-music-x-median-ohjelmasisaltoja-julki-ja-ennakkoilmoittautuminen-auki\/#primaryimage\"},\"thumbnailUrl\":\"https:\/\/musicmedia.fi\/wp-content\/uploads\/2024\/06\/Tiedote_kuvat-2.png\",\"articleSection\":[\"Vain suomeksi\"],\"inLanguage\":\"fi\"},{\"@type\":\"WebPage\",\"@id\":\"https:\/\/musicmedia.fi\/fresh-by-music-x-median-ohjelmasisaltoja-julki-ja-ennakkoilmoittautuminen-auki\/\",\"url\":\"https:\/\/musicmedia.fi\/fresh-by-music-x-median-ohjelmasisaltoja-julki-ja-ennakkoilmoittautuminen-auki\/\",\"name\":\"Fresh! by Music x Median ohjelmasis\u00e4lt\u00f6j\u00e4 julki ja ennakkoilmoittautuminen auki - Music x Media\",\"isPartOf\":{\"@id\":\"https:\/\/musicmedia.fi\/#website\"},\"primaryImageOfPage\":{\"@id\":\"https:\/\/musicmedia.fi\/fresh-by-music-x-median-ohjelmasisaltoja-julki-ja-ennakkoilmoittautuminen-auki\/#primaryimage\"},\"image\":{\"@id\":\"https:\/\/musicmedia.fi\/fresh-by-music-x-median-ohjelmasisaltoja-julki-ja-ennakkoilmoittautuminen-auki\/#primaryimage\"},\"thumbnailUrl\":\"https:\/\/musicmedia.fi\/wp-content\/uploads\/2024\/06\/Tiedote_kuvat-2.png\",\"datePublished\":\"2024-06-13T07:00:56+00:00\",\"dateModified\":\"2024-06-18T20:45:09+00:00\",\"breadcrumb\":{\"@id\":\"https:\/\/musicmedia.fi\/fresh-by-music-x-median-ohjelmasisaltoja-julki-ja-ennakkoilmoittautuminen-auki\/#breadcrumb\"},\"inLanguage\":\"fi\",\"potentialAction\":[{\"@type\":\"ReadAction\",\"target\":[\"https:\/\/musicmedia.fi\/fresh-by-music-x-median-ohjelmasisaltoja-julki-ja-ennakkoilmoittautuminen-auki\/\"]}]},{\"@type\":\"ImageObject\",\"inLanguage\":\"fi\",\"@id\":\"https:\/\/musicmedia.fi\/fresh-by-music-x-median-ohjelmasisaltoja-julki-ja-ennakkoilmoittautuminen-auki\/#primaryimage\",\"url\":\"https:\/\/musicmedia.fi\/wp-content\/uploads\/2024\/06\/Tiedote_kuvat-2.png\",\"contentUrl\":\"https:\/\/musicmedia.fi\/wp-content\/uploads\/2024\/06\/Tiedote_kuvat-2.png\",\"width\":1640,\"height\":924},{\"@type\":\"BreadcrumbList\",\"@id\":\"https:\/\/musicmedia.fi\/fresh-by-music-x-median-ohjelmasisaltoja-julki-ja-ennakkoilmoittautuminen-auki\/#breadcrumb\",\"itemListElement\":[{\"@type\":\"ListItem\",\"position\":1,\"name\":\"Home\",\"item\":\"https:\/\/musicmedia.fi\/\"},{\"@type\":\"ListItem\",\"position\":2,\"name\":\"Fresh! by Music x Median ohjelmasis\u00e4lt\u00f6j\u00e4 julki ja ennakkoilmoittautuminen auki\"}]},{\"@type\":\"WebSite\",\"@id\":\"https:\/\/musicmedia.fi\/#website\",\"url\":\"https:\/\/musicmedia.fi\/\",\"name\":\"Music x Media\",\"description\":\"Musiikki-, viihde- ja tapahtuma-alojen kohtaamispaikka\",\"publisher\":{\"@id\":\"https:\/\/musicmedia.fi\/#organization\"},\"potentialAction\":[{\"@type\":\"SearchAction\",\"target\":{\"@type\":\"EntryPoint\",\"urlTemplate\":\"https:\/\/musicmedia.fi\/?s={search_term_string}\"},\"query-input\":{\"@type\":\"PropertyValueSpecification\",\"valueRequired\":true,\"valueName\":\"search_term_string\"}}],\"inLanguage\":\"fi\"},{\"@type\":\"Organization\",\"@id\":\"https:\/\/musicmedia.fi\/#organization\",\"name\":\"Music x Media\",\"url\":\"https:\/\/musicmedia.fi\/\",\"logo\":{\"@type\":\"ImageObject\",\"inLanguage\":\"fi\",\"@id\":\"https:\/\/musicmedia.fi\/#\/schema\/logo\/image\/\",\"url\":\"https:\/\/musicmedia.fi\/wp-content\/uploads\/2022\/05\/logo.png\",\"contentUrl\":\"https:\/\/musicmedia.fi\/wp-content\/uploads\/2022\/05\/logo.png\",\"width\":276,\"height\":147,\"caption\":\"Music x Media\"},\"image\":{\"@id\":\"https:\/\/musicmedia.fi\/#\/schema\/logo\/image\/\"}},{\"@type\":\"Person\",\"@id\":\"https:\/\/musicmedia.fi\/#\/schema\/person\/614db61809a1b1531179899622f23db0\",\"name\":\"Noora Luttinen\",\"url\":\"https:\/\/musicmedia.fi\/fi\/author\/noora-luttinen\/\"}]}<\/script>\n<!-- \/ Yoast SEO plugin. -->","yoast_head_json":{"title":"Fresh! by Music x Median ohjelmasis\u00e4lt\u00f6j\u00e4 julki ja ennakkoilmoittautuminen auki - Music x Media","robots":{"index":"index","follow":"follow","max-snippet":"max-snippet:-1","max-image-preview":"max-image-preview:large","max-video-preview":"max-video-preview:-1"},"canonical":"https:\/\/musicmedia.fi\/fi\/fresh-by-music-x-median-ohjelmasisaltoja-julki-ja-ennakkoilmoittautuminen-auki\/","og_locale":"fi_FI","og_type":"article","og_title":"Fresh! by Music x Median ohjelmasis\u00e4lt\u00f6j\u00e4 julki ja ennakkoilmoittautuminen auki - Music x Media","og_description":"Tampere-talossa 5.10.2024 j\u00e4rjestett\u00e4v\u00e4n 16-29-vuotiaille musiikkialasta kiinnostuneille nuorille suunnatun Fresh! by Music x Media -tapahtuman ensimm\u00e4iset ohjelmasis\u00e4ll\u00f6t on nyt julkaistu. Lokakuussa Tampere-talon Maestro-salin t\u00e4ytt\u00e4v\u00e4ss\u00e4 puheohjelmassa keskustellaan monipuolisesti musiikkialasta. Puheohjelmassa p\u00e4\u00e4see esimerkiksi kuulemaan vinkkej\u00e4 alalla uran rakentamiseen musiikintekij\u00e4n\u00e4, tutustumaan musa-alan monipuolisiin rooleihin ja eri ty\u00f6llistymismahdollisuuksiin sek\u00e4 inspiroitumaan laulaja-lauluntekij\u00e4 Hassan Maikalin ja h\u00e4nen A&amp;R\/Managerinsa Setumo Bodiben tarinasta. Mukana [&hellip;]","og_url":"https:\/\/musicmedia.fi\/fi\/fresh-by-music-x-median-ohjelmasisaltoja-julki-ja-ennakkoilmoittautuminen-auki\/","og_site_name":"Music x Media","article_published_time":"2024-06-13T07:00:56+00:00","article_modified_time":"2024-06-18T20:45:09+00:00","og_image":[{"width":1640,"height":924,"url":"https:\/\/musicmedia.fi\/wp-content\/uploads\/2024\/06\/Tiedote_kuvat-2.png","type":"image\/png"}],"author":"Noora Luttinen","twitter_card":"summary_large_image","twitter_misc":{"Kirjoittanut":"Noora Luttinen","Arvioitu lukuaika":"4 minuuttia"},"schema":{"@context":"https:\/\/schema.org","@graph":[{"@type":"Article","@id":"https:\/\/musicmedia.fi\/fresh-by-music-x-median-ohjelmasisaltoja-julki-ja-ennakkoilmoittautuminen-auki\/#article","isPartOf":{"@id":"https:\/\/musicmedia.fi\/fresh-by-music-x-median-ohjelmasisaltoja-julki-ja-ennakkoilmoittautuminen-auki\/"},"author":{"name":"Noora Luttinen","@id":"https:\/\/musicmedia.fi\/#\/schema\/person\/614db61809a1b1531179899622f23db0"},"headline":"Fresh! by Music x Median ohjelmasis\u00e4lt\u00f6j\u00e4 julki ja ennakkoilmoittautuminen auki","datePublished":"2024-06-13T07:00:56+00:00","dateModified":"2024-06-18T20:45:09+00:00","mainEntityOfPage":{"@id":"https:\/\/musicmedia.fi\/fresh-by-music-x-median-ohjelmasisaltoja-julki-ja-ennakkoilmoittautuminen-auki\/"},"wordCount":863,"publisher":{"@id":"https:\/\/musicmedia.fi\/#organization"},"image":{"@id":"https:\/\/musicmedia.fi\/fresh-by-music-x-median-ohjelmasisaltoja-julki-ja-ennakkoilmoittautuminen-auki\/#primaryimage"},"thumbnailUrl":"https:\/\/musicmedia.fi\/wp-content\/uploads\/2024\/06\/Tiedote_kuvat-2.png","articleSection":["Vain suomeksi"],"inLanguage":"fi"},{"@type":"WebPage","@id":"https:\/\/musicmedia.fi\/fresh-by-music-x-median-ohjelmasisaltoja-julki-ja-ennakkoilmoittautuminen-auki\/","url":"https:\/\/musicmedia.fi\/fresh-by-music-x-median-ohjelmasisaltoja-julki-ja-ennakkoilmoittautuminen-auki\/","name":"Fresh! by Music x Median ohjelmasis\u00e4lt\u00f6j\u00e4 julki ja ennakkoilmoittautuminen auki - Music x Media","isPartOf":{"@id":"https:\/\/musicmedia.fi\/#website"},"primaryImageOfPage":{"@id":"https:\/\/musicmedia.fi\/fresh-by-music-x-median-ohjelmasisaltoja-julki-ja-ennakkoilmoittautuminen-auki\/#primaryimage"},"image":{"@id":"https:\/\/musicmedia.fi\/fresh-by-music-x-median-ohjelmasisaltoja-julki-ja-ennakkoilmoittautuminen-auki\/#primaryimage"},"thumbnailUrl":"https:\/\/musicmedia.fi\/wp-content\/uploads\/2024\/06\/Tiedote_kuvat-2.png","datePublished":"2024-06-13T07:00:56+00:00","dateModified":"2024-06-18T20:45:09+00:00","breadcrumb":{"@id":"https:\/\/musicmedia.fi\/fresh-by-music-x-median-ohjelmasisaltoja-julki-ja-ennakkoilmoittautuminen-auki\/#breadcrumb"},"inLanguage":"fi","potentialAction":[{"@type":"ReadAction","target":["https:\/\/musicmedia.fi\/fresh-by-music-x-median-ohjelmasisaltoja-julki-ja-ennakkoilmoittautuminen-auki\/"]}]},{"@type":"ImageObject","inLanguage":"fi","@id":"https:\/\/musicmedia.fi\/fresh-by-music-x-median-ohjelmasisaltoja-julki-ja-ennakkoilmoittautuminen-auki\/#primaryimage","url":"https:\/\/musicmedia.fi\/wp-content\/uploads\/2024\/06\/Tiedote_kuvat-2.png","contentUrl":"https:\/\/musicmedia.fi\/wp-content\/uploads\/2024\/06\/Tiedote_kuvat-2.png","width":1640,"height":924},{"@type":"BreadcrumbList","@id":"https:\/\/musicmedia.fi\/fresh-by-music-x-median-ohjelmasisaltoja-julki-ja-ennakkoilmoittautuminen-auki\/#breadcrumb","itemListElement":[{"@type":"ListItem","position":1,"name":"Home","item":"https:\/\/musicmedia.fi\/"},{"@type":"ListItem","position":2,"name":"Fresh! by Music x Median ohjelmasis\u00e4lt\u00f6j\u00e4 julki ja ennakkoilmoittautuminen auki"}]},{"@type":"WebSite","@id":"https:\/\/musicmedia.fi\/#website","url":"https:\/\/musicmedia.fi\/","name":"Music x Media","description":"Musiikki-, viihde- ja tapahtuma-alojen kohtaamispaikka","publisher":{"@id":"https:\/\/musicmedia.fi\/#organization"},"potentialAction":[{"@type":"SearchAction","target":{"@type":"EntryPoint","urlTemplate":"https:\/\/musicmedia.fi\/?s={search_term_string}"},"query-input":{"@type":"PropertyValueSpecification","valueRequired":true,"valueName":"search_term_string"}}],"inLanguage":"fi"},{"@type":"Organization","@id":"https:\/\/musicmedia.fi\/#organization","name":"Music x Media","url":"https:\/\/musicmedia.fi\/","logo":{"@type":"ImageObject","inLanguage":"fi","@id":"https:\/\/musicmedia.fi\/#\/schema\/logo\/image\/","url":"https:\/\/musicmedia.fi\/wp-content\/uploads\/2022\/05\/logo.png","contentUrl":"https:\/\/musicmedia.fi\/wp-content\/uploads\/2022\/05\/logo.png","width":276,"height":147,"caption":"Music x Media"},"image":{"@id":"https:\/\/musicmedia.fi\/#\/schema\/logo\/image\/"}},{"@type":"Person","@id":"https:\/\/musicmedia.fi\/#\/schema\/person\/614db61809a1b1531179899622f23db0","name":"Noora Luttinen","url":"https:\/\/musicmedia.fi\/fi\/author\/noora-luttinen\/"}]}},"_links":{"self":[{"href":"https:\/\/musicmedia.fi\/fi\/wp-json\/wp\/v2\/posts\/8047","targetHints":{"allow":["GET"]}}],"collection":[{"href":"https:\/\/musicmedia.fi\/fi\/wp-json\/wp\/v2\/posts"}],"about":[{"href":"https:\/\/musicmedia.fi\/fi\/wp-json\/wp\/v2\/types\/post"}],"author":[{"embeddable":true,"href":"https:\/\/musicmedia.fi\/fi\/wp-json\/wp\/v2\/users\/19"}],"replies":[{"embeddable":true,"href":"https:\/\/musicmedia.fi\/fi\/wp-json\/wp\/v2\/comments?post=8047"}],"version-history":[{"count":3,"href":"https:\/\/musicmedia.fi\/fi\/wp-json\/wp\/v2\/posts\/8047\/revisions"}],"predecessor-version":[{"id":8052,"href":"https:\/\/musicmedia.fi\/fi\/wp-json\/wp\/v2\/posts\/8047\/revisions\/8052"}],"wp:featuredmedia":[{"embeddable":true,"href":"https:\/\/musicmedia.fi\/fi\/wp-json\/wp\/v2\/media\/8048"}],"wp:attachment":[{"href":"https:\/\/musicmedia.fi\/fi\/wp-json\/wp\/v2\/media?parent=8047"}],"wp:term":[{"taxonomy":"category","embeddable":true,"href":"https:\/\/musicmedia.fi\/fi\/wp-json\/wp\/v2\/categories?post=8047"},{"taxonomy":"post_tag","embeddable":true,"href":"https:\/\/musicmedia.fi\/fi\/wp-json\/wp\/v2\/tags?post=8047"}],"curies":[{"name":"wp","href":"https:\/\/api.w.org\/{rel}","templated":true}]}}