{"id":7009,"date":"2024-04-29T11:00:09","date_gmt":"2024-04-29T08:00:09","guid":{"rendered":"https:\/\/musicmedia.fi\/?p=7009"},"modified":"2024-04-29T10:00:39","modified_gmt":"2024-04-29T07:00:39","slug":"ensimmaiset-paapuhujat-julkistettu-alan-ajatusjohtajat-tampereella","status":"publish","type":"post","link":"https:\/\/musicmedia.fi\/fi\/ensimmaiset-paapuhujat-julkistettu-alan-ajatusjohtajat-tampereella\/","title":{"rendered":"Ensimm\u00e4iset p\u00e4\u00e4puhujat julkistettu &#8211; alan ajatusjohtajat Tampereella"},"content":{"rendered":"<p><span style=\"font-weight: 400;\">Ensimm\u00e4iset puhujamme on nyt julkistettu ja t\u00e4m\u00e4n vuoden Music x Media keskittyy kolmeen p\u00e4\u00e4teemaan: <\/span><b>yhteisty\u00f6n mahdollisuuksiin<\/b><span style=\"font-weight: 400;\"> (Music x Collaboration), <\/span><b>bisneksen suuntaan<\/b><span style=\"font-weight: 400;\"> (Music x Business) sek\u00e4 <\/span><b>kest\u00e4vyyteen ja tulevaisuuteen<\/b><span style=\"font-weight: 400;\"> (Music x Future).<\/span><\/p>\n<p><span style=\"font-weight: 400;\">Suomen johtavana musiikki- ja luovan teollisuuden konferenssina tarjoamme laajan kattauksen kiinnostavia keskusteluja, verkostoitumista, inspiraatiota, tuoreita ideoita ja tietysti musiikkia.<\/span><\/p>\n<p><span style=\"font-weight: 400;\">T\u00e4n\u00e4 vuonna haluamme syvent\u00e4\u00e4 rooliamme sillanrakentajana musiikin, viihteen ja tapahtumateollisuuden v\u00e4lill\u00e4. Olemme t\u00e4rkein luovien alojen tapahtuma Suomessa, joka luo innovatiivisen foorumin ja yhteis\u00f6n luoville ammattilaisille ja yrityksille sek\u00e4 edist\u00e4\u00e4 eri alojen yhteisty\u00f6t\u00e4 ja innovaatioita.<\/span><\/p>\n<p><span style=\"font-weight: 400;\">Jokaiselle p\u00e4iv\u00e4lle tulee olemaan oma p\u00e4\u00e4teema, ja t\u00e4n\u00e4 vuonna panostamme erityisesti kansainv\u00e4lisyyteen ja inspiroiviin, ajankohtaisiin puhujiin sek\u00e4 keskusteluihin, joissa saat uusimmat n\u00e4kemykset musiikki- ja viihdeteollisuuteen. Lis\u00e4ksi tulemme tekem\u00e4\u00e4n avauksia asiakkaidemme verkostoitumisen edist\u00e4miseksi.<\/span><\/p>\n<p><span style=\"font-weight: 400;\">Kolmip\u00e4iv\u00e4inen Music x Media j\u00e4rjestet\u00e4\u00e4n 35:tt\u00e4 kertaa Tampereella 2.-4. lokakuuta 2024.<\/span><\/p>\n<p><b>T\u00e4m\u00e4n vuoden teemat ovat yhteisty\u00f6, liiketoiminta ja tulevaisuus<\/b><\/p>\n<p><b>Keskiviikko 2. lokakuuta: Music x Collaboration<\/b><\/p>\n<p><span style=\"font-weight: 400;\">Uusia liiketoimintamahdollisuuksia musiikki- ja luoville aloille lis\u00e4\u00e4m\u00e4ll\u00e4 yhteisty\u00f6t\u00e4.Painopiste musiikin, peliteollisuuden, AV:n ja br\u00e4ndien yhteisty\u00f6ss\u00e4.<\/span><\/p>\n<p><b>Torstai 3. lokakuuta: Music x Business<\/b><\/p>\n<p><span style=\"font-weight: 400;\">Musiikin ja livemusiikin liiketoiminnan t\u00e4rkeimm\u00e4t teemat.<\/span><\/p>\n<p><b>Perjantai 4. lokakuuta: Music x Future<\/b><\/p>\n<p><span style=\"font-weight: 400;\">Kest\u00e4v\u00e4 musiikkibisnes: arvot, johtajuus, sosiaalinen, liiketoiminta, ymp\u00e4rist\u00f6 inklusiivisuus. Teknologia ja tulevaisuuden liiketoimintamallit luovassa ja musiikkibisneksess\u00e4.<\/span><\/p>\n<p><span style=\"font-weight: 400;\">Music x Media -tapahtumassa on t\u00e4n\u00e4kin vuonna inspiroivia puhujia.<\/span><\/p>\n<p><b>Shain Shapiro: How we can reimagine our cities and places through music?<br \/>\n<\/b>Author, Founder, Thought Leader &amp; Senior Executive: Sound Diplomacy, London<\/p>\n<p><span style=\"font-weight: 400;\">Shain on maailmanlaajuisesti tunnustettu musiikin, kulttuurin ja kaupunkipolitiikan ajatusjohtaja. H\u00e4nen ensimm\u00e4inen teos &#8221;This Must Be The Place: How Music Can Make Your City Better&#8221;, Repeater Booksin kustantama (Yhdysvalloissa Random Housen jakelulla) julkaistiin 12. syyskuuta 2023. Shain on m\u00e4\u00e4ritellyt uuden tavan ajatella musiikin arvoa kaupungeissa ja paikoissa, ja vaikuttanut sen kautta yli 130 kaupunkiin ja paikkaan sijoittamaan musiikkiin ja kulttuuriin. Shapiro on Sound Diplomacyn perustaja ja toimitusjohtaja sek\u00e4 voittoa tavoittelemattoman maailmanlaajuisen musiikki-ekosysteemin keskuksen perustaja ja toimitusjohtaja. H\u00e4n on julkaissut useita selvityksi\u00e4 musiikin roolista kaupungeissa, matkailussa, y\u00f6el\u00e4m\u00e4ss\u00e4, kiinteist\u00f6iss\u00e4 sek\u00e4 palautumisessa. Shapiro on julkaissut maailman ainoan tutkimuksen musiikista ja kest\u00e4v\u00e4n kehityksen tavoitteista (SDG) yhdess\u00e4 YK:n kanssa.<\/span><\/p>\n<p><b>Hanna Kahlert: The future music business: how to build a sustainable career?<br \/>\n<\/b><span style=\"font-weight: 400;\">Analyst, Midia Research, UK<\/span><\/p>\n<p><span style=\"font-weight: 400;\">MIDiA-konsulttitoimistossa ty\u00f6skentelev\u00e4 analyytikko Hanna keskittyy digitaalisen viihteen risteym\u00e4kohtien tutkimiseen alan tulevaisuutta muokkaavien kuluttajakulttuurin ja markkinoiden trendien kautta.<\/span><\/p>\n<p><b>Marcin Poprawski (PhD): Music Festivals and Sustainability Values<br \/>\n<\/b><span style=\"font-weight: 400;\">Humak UAS<\/span><\/p>\n<p><span style=\"font-weight: 400;\">Marcin ty\u00f6skentelee Humakin ammattikorkeakoulussa Helsingiss\u00e4 (Taide- ja kulttuuriala). H\u00e4n tutkii esitt\u00e4v\u00e4n taiteen organisaatioita, kulttuurialan yritysten eettisyytt\u00e4, kulttuuripolitiikkaa, yleis\u00f6n osallistamista, festivaaleja organisaatioina, kaupunkikulttuuriekosysteemeit\u00e4 ja luovia aloja. Marcin keskittyy Music x Mediassa h\u00e4nen viimeisimm\u00e4n ty\u00f6ns\u00e4 keskeisiin teemoihin, &#8221;Festivals and Values. Music, Community Engagement and Organizational Symbolism&#8221; (Springer Nature, 2023), joka k\u00e4sittelee vastuullisuutta festivaalituotannossa, arvoihin perustuvia p\u00e4\u00e4t\u00f6ksia ja ratkaisuja, tapahtuman kokonaisvaltaista vastuuta sek\u00e4 kokemustalouden arvoketjuja. Marcin tulee k\u00e4sittelem\u00e4\u00e4n my\u00f6s kaupunkien ja tapahtumien v\u00e4lisen yhteisty\u00f6n ja yleis\u00f6n osallistamisen t\u00e4rkeytt\u00e4.\u00a0<\/span><\/p>\n<p><span style=\"font-weight: 400;\"><strong>Strateginen<\/strong> <\/span><b>kumppanuus: Humak\/Creve ja Music x Media<\/b><\/p>\n<p><img fetchpriority=\"high\" decoding=\"async\" class=\"alignnone wp-image-7005\" src=\"https:\/\/musicmedia.fi\/wp-content\/uploads\/2024\/04\/CBD24_banneri_vaaka_pvm8273-300x154.png\" alt=\"\" width=\"553\" height=\"284\" srcset=\"https:\/\/musicmedia.fi\/wp-content\/uploads\/2024\/04\/CBD24_banneri_vaaka_pvm8273-300x154.png 300w, https:\/\/musicmedia.fi\/wp-content\/uploads\/2024\/04\/CBD24_banneri_vaaka_pvm8273-1024x527.png 1024w, https:\/\/musicmedia.fi\/wp-content\/uploads\/2024\/04\/CBD24_banneri_vaaka_pvm8273-768x395.png 768w, https:\/\/musicmedia.fi\/wp-content\/uploads\/2024\/04\/CBD24_banneri_vaaka_pvm8273-1536x790.png 1536w, https:\/\/musicmedia.fi\/wp-content\/uploads\/2024\/04\/CBD24_banneri_vaaka_pvm8273-2048x1053.png 2048w, https:\/\/musicmedia.fi\/wp-content\/uploads\/2024\/04\/CBD24_banneri_vaaka_pvm8273-18x9.png 18w\" sizes=\"(max-width: 553px) 100vw, 553px\" \/><\/p>\n<p><span style=\"font-weight: 400;\">Creven luovan liiketoiminnan tapahtuma<\/span><b> Creative Business Days<\/b><span style=\"font-weight: 400;\"> j\u00e4rjestet\u00e4\u00e4n t\u00e4n\u00e4 vuonna osana Music x Mediaa 2.-4. lokakuuta. Yhteisty\u00f6n tavoitteena on tuoda verkostomme yhteen ja luoda uudenlaista tapahtumasis\u00e4lt\u00f6\u00e4. Yhteisty\u00f6n kautta Creative Business Days tuo sis\u00e4lt\u00f6j\u00e4, teemakeskusteluja, demoja ja aktiviteetteja Music x Median tapahtuma-alueelle sek\u00e4 tarjoaa ty\u00f6kaluja kumppanuuksien rakentamiseen sek\u00e4 yhteisiin kehitysideoihin.<\/span><\/p>\n<p><span style=\"font-weight: 400;\">Kiinnostava tulevaisuuden luovien alojen bisnesmahdollisuus on, kun <\/span><b>Oulu on Euroopan kulttuurip\u00e4\u00e4kaupunki<\/b><strong> vuonna 2026.<\/strong><\/p>\n<p><span style=\"font-weight: 400;\">Oulu on valmistautunut tulevaan Euroopan kulttuurip\u00e4\u00e4kaupunkivuoteen vuodesta 2017 l\u00e4htien. Kulttuurip\u00e4\u00e4kaupunkivuosi tarjoaa kansainv\u00e4list\u00e4 n\u00e4kyvyytt\u00e4 koko Suomelle. Music x Mediassa esitell\u00e4\u00e4n millaisia valmisteluja kulttuurivuodelle on tehty ja mit\u00e4 ainutlaatuisia mahdollisuuksia se tarjoaa musiikin ja tapahtumateollisuuden toimijoille.<\/span><\/p>\n<p><b>Early-bird -liput &#8211; osta ne nyt!<\/b><\/p>\n<p><span style=\"font-weight: 400;\">Tervetuloa Music x Mediaan ja Tampereelle lokakuussa! L\u00f6yd\u00e4t edulliset early bird -liput <a href=\"https:\/\/musicmedia.fi\/en\/liput\/?_gl=1*3e5kb1*_ga*ODg0NzA5Mjg2LjE3MTQxMjgwMDg.*_ga_3JWQXCQP9G*MTcxNDM3MzA0OC41LjEuMTcxNDM3MzE4OS4wLjAuMA..\">t\u00e4\u00e4lt\u00e4<\/a>.<\/span><\/p>\n","protected":false},"excerpt":{"rendered":"<p>Ensimm\u00e4iset puhujamme on nyt julkistettu ja t\u00e4m\u00e4n vuoden Music x Media keskittyy kolmeen p\u00e4\u00e4teemaan: yhteisty\u00f6n mahdollisuuksiin (Music x Collaboration), bisneksen suuntaan (Music x Business) sek\u00e4 kest\u00e4vyyteen ja tulevaisuuteen (Music x Future). Suomen johtavana musiikki- ja luovan teollisuuden konferenssina tarjoamme laajan kattauksen kiinnostavia keskusteluja, verkostoitumista, inspiraatiota, tuoreita ideoita ja tietysti musiikkia. T\u00e4n\u00e4 vuonna haluamme syvent\u00e4\u00e4 rooliamme [&hellip;]<\/p>\n","protected":false},"author":11,"featured_media":7013,"comment_status":"closed","ping_status":"open","sticky":false,"template":"","format":"standard","meta":{"_acf_changed":false,"inline_featured_image":false,"footnotes":""},"categories":[756],"tags":[],"class_list":["post-7009","post","type-post","status-publish","format-standard","has-post-thumbnail","hentry","category-vain-suomeksi"],"acf":[],"yoast_head":"<!-- This site is optimized with the Yoast SEO plugin v25.7 - https:\/\/yoast.com\/wordpress\/plugins\/seo\/ -->\n<title>Ensimm\u00e4iset p\u00e4\u00e4puhujat julkistettu - alan ajatusjohtajat Tampereella - Music x Media<\/title>\n<meta name=\"robots\" content=\"index, follow, max-snippet:-1, max-image-preview:large, max-video-preview:-1\" \/>\n<link rel=\"canonical\" href=\"https:\/\/musicmedia.fi\/fi\/ensimmaiset-paapuhujat-julkistettu-alan-ajatusjohtajat-tampereella\/\" \/>\n<meta property=\"og:locale\" content=\"fi_FI\" \/>\n<meta property=\"og:type\" content=\"article\" \/>\n<meta property=\"og:title\" content=\"Ensimm\u00e4iset p\u00e4\u00e4puhujat julkistettu - alan ajatusjohtajat Tampereella - Music x Media\" \/>\n<meta property=\"og:description\" content=\"Ensimm\u00e4iset puhujamme on nyt julkistettu ja t\u00e4m\u00e4n vuoden Music x Media keskittyy kolmeen p\u00e4\u00e4teemaan: yhteisty\u00f6n mahdollisuuksiin (Music x Collaboration), bisneksen suuntaan (Music x Business) sek\u00e4 kest\u00e4vyyteen ja tulevaisuuteen (Music x Future). Suomen johtavana musiikki- ja luovan teollisuuden konferenssina tarjoamme laajan kattauksen kiinnostavia keskusteluja, verkostoitumista, inspiraatiota, tuoreita ideoita ja tietysti musiikkia. T\u00e4n\u00e4 vuonna haluamme syvent\u00e4\u00e4 rooliamme [&hellip;]\" \/>\n<meta property=\"og:url\" content=\"https:\/\/musicmedia.fi\/fi\/ensimmaiset-paapuhujat-julkistettu-alan-ajatusjohtajat-tampereella\/\" \/>\n<meta property=\"og:site_name\" content=\"Music x Media\" \/>\n<meta property=\"article:published_time\" content=\"2024-04-29T08:00:09+00:00\" \/>\n<meta property=\"og:image\" content=\"https:\/\/musicmedia.fi\/wp-content\/uploads\/2024\/04\/puhujajulkistus-29.4.1.png\" \/>\n\t<meta property=\"og:image:width\" content=\"1350\" \/>\n\t<meta property=\"og:image:height\" content=\"1080\" \/>\n\t<meta property=\"og:image:type\" content=\"image\/png\" \/>\n<meta name=\"author\" content=\"info@musicmedia.fi\" \/>\n<meta name=\"twitter:card\" content=\"summary_large_image\" \/>\n<meta name=\"twitter:label1\" content=\"Kirjoittanut\" \/>\n\t<meta name=\"twitter:data1\" content=\"info@musicmedia.fi\" \/>\n\t<meta name=\"twitter:label2\" content=\"Arvioitu lukuaika\" \/>\n\t<meta name=\"twitter:data2\" content=\"3 minuuttia\" \/>\n<script type=\"application\/ld+json\" class=\"yoast-schema-graph\">{\"@context\":\"https:\/\/schema.org\",\"@graph\":[{\"@type\":\"Article\",\"@id\":\"https:\/\/musicmedia.fi\/ensimmaiset-paapuhujat-julkistettu-alan-ajatusjohtajat-tampereella\/#article\",\"isPartOf\":{\"@id\":\"https:\/\/musicmedia.fi\/ensimmaiset-paapuhujat-julkistettu-alan-ajatusjohtajat-tampereella\/\"},\"author\":{\"name\":\"info@musicmedia.fi\",\"@id\":\"https:\/\/musicmedia.fi\/#\/schema\/person\/4d79763c56ccb5c8c01ae47497da967d\"},\"headline\":\"Ensimm\u00e4iset p\u00e4\u00e4puhujat julkistettu &#8211; alan ajatusjohtajat Tampereella\",\"datePublished\":\"2024-04-29T08:00:09+00:00\",\"mainEntityOfPage\":{\"@id\":\"https:\/\/musicmedia.fi\/ensimmaiset-paapuhujat-julkistettu-alan-ajatusjohtajat-tampereella\/\"},\"wordCount\":651,\"publisher\":{\"@id\":\"https:\/\/musicmedia.fi\/#organization\"},\"image\":{\"@id\":\"https:\/\/musicmedia.fi\/ensimmaiset-paapuhujat-julkistettu-alan-ajatusjohtajat-tampereella\/#primaryimage\"},\"thumbnailUrl\":\"https:\/\/musicmedia.fi\/wp-content\/uploads\/2024\/04\/puhujajulkistus-29.4.1.png\",\"articleSection\":[\"Vain suomeksi\"],\"inLanguage\":\"fi\"},{\"@type\":\"WebPage\",\"@id\":\"https:\/\/musicmedia.fi\/ensimmaiset-paapuhujat-julkistettu-alan-ajatusjohtajat-tampereella\/\",\"url\":\"https:\/\/musicmedia.fi\/ensimmaiset-paapuhujat-julkistettu-alan-ajatusjohtajat-tampereella\/\",\"name\":\"Ensimm\u00e4iset p\u00e4\u00e4puhujat julkistettu - alan ajatusjohtajat Tampereella - Music x Media\",\"isPartOf\":{\"@id\":\"https:\/\/musicmedia.fi\/#website\"},\"primaryImageOfPage\":{\"@id\":\"https:\/\/musicmedia.fi\/ensimmaiset-paapuhujat-julkistettu-alan-ajatusjohtajat-tampereella\/#primaryimage\"},\"image\":{\"@id\":\"https:\/\/musicmedia.fi\/ensimmaiset-paapuhujat-julkistettu-alan-ajatusjohtajat-tampereella\/#primaryimage\"},\"thumbnailUrl\":\"https:\/\/musicmedia.fi\/wp-content\/uploads\/2024\/04\/puhujajulkistus-29.4.1.png\",\"datePublished\":\"2024-04-29T08:00:09+00:00\",\"breadcrumb\":{\"@id\":\"https:\/\/musicmedia.fi\/ensimmaiset-paapuhujat-julkistettu-alan-ajatusjohtajat-tampereella\/#breadcrumb\"},\"inLanguage\":\"fi\",\"potentialAction\":[{\"@type\":\"ReadAction\",\"target\":[\"https:\/\/musicmedia.fi\/ensimmaiset-paapuhujat-julkistettu-alan-ajatusjohtajat-tampereella\/\"]}]},{\"@type\":\"ImageObject\",\"inLanguage\":\"fi\",\"@id\":\"https:\/\/musicmedia.fi\/ensimmaiset-paapuhujat-julkistettu-alan-ajatusjohtajat-tampereella\/#primaryimage\",\"url\":\"https:\/\/musicmedia.fi\/wp-content\/uploads\/2024\/04\/puhujajulkistus-29.4.1.png\",\"contentUrl\":\"https:\/\/musicmedia.fi\/wp-content\/uploads\/2024\/04\/puhujajulkistus-29.4.1.png\",\"width\":1350,\"height\":1080},{\"@type\":\"BreadcrumbList\",\"@id\":\"https:\/\/musicmedia.fi\/ensimmaiset-paapuhujat-julkistettu-alan-ajatusjohtajat-tampereella\/#breadcrumb\",\"itemListElement\":[{\"@type\":\"ListItem\",\"position\":1,\"name\":\"Home\",\"item\":\"https:\/\/musicmedia.fi\/\"},{\"@type\":\"ListItem\",\"position\":2,\"name\":\"Ensimm\u00e4iset p\u00e4\u00e4puhujat julkistettu &#8211; alan ajatusjohtajat Tampereella\"}]},{\"@type\":\"WebSite\",\"@id\":\"https:\/\/musicmedia.fi\/#website\",\"url\":\"https:\/\/musicmedia.fi\/\",\"name\":\"Music x Media\",\"description\":\"Musiikki-, viihde- ja tapahtuma-alojen kohtaamispaikka\",\"publisher\":{\"@id\":\"https:\/\/musicmedia.fi\/#organization\"},\"potentialAction\":[{\"@type\":\"SearchAction\",\"target\":{\"@type\":\"EntryPoint\",\"urlTemplate\":\"https:\/\/musicmedia.fi\/?s={search_term_string}\"},\"query-input\":{\"@type\":\"PropertyValueSpecification\",\"valueRequired\":true,\"valueName\":\"search_term_string\"}}],\"inLanguage\":\"fi\"},{\"@type\":\"Organization\",\"@id\":\"https:\/\/musicmedia.fi\/#organization\",\"name\":\"Music x Media\",\"url\":\"https:\/\/musicmedia.fi\/\",\"logo\":{\"@type\":\"ImageObject\",\"inLanguage\":\"fi\",\"@id\":\"https:\/\/musicmedia.fi\/#\/schema\/logo\/image\/\",\"url\":\"https:\/\/musicmedia.fi\/wp-content\/uploads\/2022\/05\/logo.png\",\"contentUrl\":\"https:\/\/musicmedia.fi\/wp-content\/uploads\/2022\/05\/logo.png\",\"width\":276,\"height\":147,\"caption\":\"Music x Media\"},\"image\":{\"@id\":\"https:\/\/musicmedia.fi\/#\/schema\/logo\/image\/\"}},{\"@type\":\"Person\",\"@id\":\"https:\/\/musicmedia.fi\/#\/schema\/person\/4d79763c56ccb5c8c01ae47497da967d\",\"name\":\"info@musicmedia.fi\",\"url\":\"https:\/\/musicmedia.fi\/fi\/author\/infomusicmedia-fi\/\"}]}<\/script>\n<!-- \/ Yoast SEO plugin. -->","yoast_head_json":{"title":"Ensimm\u00e4iset p\u00e4\u00e4puhujat julkistettu - alan ajatusjohtajat Tampereella - Music x Media","robots":{"index":"index","follow":"follow","max-snippet":"max-snippet:-1","max-image-preview":"max-image-preview:large","max-video-preview":"max-video-preview:-1"},"canonical":"https:\/\/musicmedia.fi\/fi\/ensimmaiset-paapuhujat-julkistettu-alan-ajatusjohtajat-tampereella\/","og_locale":"fi_FI","og_type":"article","og_title":"Ensimm\u00e4iset p\u00e4\u00e4puhujat julkistettu - alan ajatusjohtajat Tampereella - Music x Media","og_description":"Ensimm\u00e4iset puhujamme on nyt julkistettu ja t\u00e4m\u00e4n vuoden Music x Media keskittyy kolmeen p\u00e4\u00e4teemaan: yhteisty\u00f6n mahdollisuuksiin (Music x Collaboration), bisneksen suuntaan (Music x Business) sek\u00e4 kest\u00e4vyyteen ja tulevaisuuteen (Music x Future). Suomen johtavana musiikki- ja luovan teollisuuden konferenssina tarjoamme laajan kattauksen kiinnostavia keskusteluja, verkostoitumista, inspiraatiota, tuoreita ideoita ja tietysti musiikkia. T\u00e4n\u00e4 vuonna haluamme syvent\u00e4\u00e4 rooliamme [&hellip;]","og_url":"https:\/\/musicmedia.fi\/fi\/ensimmaiset-paapuhujat-julkistettu-alan-ajatusjohtajat-tampereella\/","og_site_name":"Music x Media","article_published_time":"2024-04-29T08:00:09+00:00","og_image":[{"width":1350,"height":1080,"url":"https:\/\/musicmedia.fi\/wp-content\/uploads\/2024\/04\/puhujajulkistus-29.4.1.png","type":"image\/png"}],"author":"info@musicmedia.fi","twitter_card":"summary_large_image","twitter_misc":{"Kirjoittanut":"info@musicmedia.fi","Arvioitu lukuaika":"3 minuuttia"},"schema":{"@context":"https:\/\/schema.org","@graph":[{"@type":"Article","@id":"https:\/\/musicmedia.fi\/ensimmaiset-paapuhujat-julkistettu-alan-ajatusjohtajat-tampereella\/#article","isPartOf":{"@id":"https:\/\/musicmedia.fi\/ensimmaiset-paapuhujat-julkistettu-alan-ajatusjohtajat-tampereella\/"},"author":{"name":"info@musicmedia.fi","@id":"https:\/\/musicmedia.fi\/#\/schema\/person\/4d79763c56ccb5c8c01ae47497da967d"},"headline":"Ensimm\u00e4iset p\u00e4\u00e4puhujat julkistettu &#8211; alan ajatusjohtajat Tampereella","datePublished":"2024-04-29T08:00:09+00:00","mainEntityOfPage":{"@id":"https:\/\/musicmedia.fi\/ensimmaiset-paapuhujat-julkistettu-alan-ajatusjohtajat-tampereella\/"},"wordCount":651,"publisher":{"@id":"https:\/\/musicmedia.fi\/#organization"},"image":{"@id":"https:\/\/musicmedia.fi\/ensimmaiset-paapuhujat-julkistettu-alan-ajatusjohtajat-tampereella\/#primaryimage"},"thumbnailUrl":"https:\/\/musicmedia.fi\/wp-content\/uploads\/2024\/04\/puhujajulkistus-29.4.1.png","articleSection":["Vain suomeksi"],"inLanguage":"fi"},{"@type":"WebPage","@id":"https:\/\/musicmedia.fi\/ensimmaiset-paapuhujat-julkistettu-alan-ajatusjohtajat-tampereella\/","url":"https:\/\/musicmedia.fi\/ensimmaiset-paapuhujat-julkistettu-alan-ajatusjohtajat-tampereella\/","name":"Ensimm\u00e4iset p\u00e4\u00e4puhujat julkistettu - alan ajatusjohtajat Tampereella - Music x Media","isPartOf":{"@id":"https:\/\/musicmedia.fi\/#website"},"primaryImageOfPage":{"@id":"https:\/\/musicmedia.fi\/ensimmaiset-paapuhujat-julkistettu-alan-ajatusjohtajat-tampereella\/#primaryimage"},"image":{"@id":"https:\/\/musicmedia.fi\/ensimmaiset-paapuhujat-julkistettu-alan-ajatusjohtajat-tampereella\/#primaryimage"},"thumbnailUrl":"https:\/\/musicmedia.fi\/wp-content\/uploads\/2024\/04\/puhujajulkistus-29.4.1.png","datePublished":"2024-04-29T08:00:09+00:00","breadcrumb":{"@id":"https:\/\/musicmedia.fi\/ensimmaiset-paapuhujat-julkistettu-alan-ajatusjohtajat-tampereella\/#breadcrumb"},"inLanguage":"fi","potentialAction":[{"@type":"ReadAction","target":["https:\/\/musicmedia.fi\/ensimmaiset-paapuhujat-julkistettu-alan-ajatusjohtajat-tampereella\/"]}]},{"@type":"ImageObject","inLanguage":"fi","@id":"https:\/\/musicmedia.fi\/ensimmaiset-paapuhujat-julkistettu-alan-ajatusjohtajat-tampereella\/#primaryimage","url":"https:\/\/musicmedia.fi\/wp-content\/uploads\/2024\/04\/puhujajulkistus-29.4.1.png","contentUrl":"https:\/\/musicmedia.fi\/wp-content\/uploads\/2024\/04\/puhujajulkistus-29.4.1.png","width":1350,"height":1080},{"@type":"BreadcrumbList","@id":"https:\/\/musicmedia.fi\/ensimmaiset-paapuhujat-julkistettu-alan-ajatusjohtajat-tampereella\/#breadcrumb","itemListElement":[{"@type":"ListItem","position":1,"name":"Home","item":"https:\/\/musicmedia.fi\/"},{"@type":"ListItem","position":2,"name":"Ensimm\u00e4iset p\u00e4\u00e4puhujat julkistettu &#8211; alan ajatusjohtajat Tampereella"}]},{"@type":"WebSite","@id":"https:\/\/musicmedia.fi\/#website","url":"https:\/\/musicmedia.fi\/","name":"Music x Media","description":"Musiikki-, viihde- ja tapahtuma-alojen kohtaamispaikka","publisher":{"@id":"https:\/\/musicmedia.fi\/#organization"},"potentialAction":[{"@type":"SearchAction","target":{"@type":"EntryPoint","urlTemplate":"https:\/\/musicmedia.fi\/?s={search_term_string}"},"query-input":{"@type":"PropertyValueSpecification","valueRequired":true,"valueName":"search_term_string"}}],"inLanguage":"fi"},{"@type":"Organization","@id":"https:\/\/musicmedia.fi\/#organization","name":"Music x Media","url":"https:\/\/musicmedia.fi\/","logo":{"@type":"ImageObject","inLanguage":"fi","@id":"https:\/\/musicmedia.fi\/#\/schema\/logo\/image\/","url":"https:\/\/musicmedia.fi\/wp-content\/uploads\/2022\/05\/logo.png","contentUrl":"https:\/\/musicmedia.fi\/wp-content\/uploads\/2022\/05\/logo.png","width":276,"height":147,"caption":"Music x Media"},"image":{"@id":"https:\/\/musicmedia.fi\/#\/schema\/logo\/image\/"}},{"@type":"Person","@id":"https:\/\/musicmedia.fi\/#\/schema\/person\/4d79763c56ccb5c8c01ae47497da967d","name":"info@musicmedia.fi","url":"https:\/\/musicmedia.fi\/fi\/author\/infomusicmedia-fi\/"}]}},"_links":{"self":[{"href":"https:\/\/musicmedia.fi\/fi\/wp-json\/wp\/v2\/posts\/7009","targetHints":{"allow":["GET"]}}],"collection":[{"href":"https:\/\/musicmedia.fi\/fi\/wp-json\/wp\/v2\/posts"}],"about":[{"href":"https:\/\/musicmedia.fi\/fi\/wp-json\/wp\/v2\/types\/post"}],"author":[{"embeddable":true,"href":"https:\/\/musicmedia.fi\/fi\/wp-json\/wp\/v2\/users\/11"}],"replies":[{"embeddable":true,"href":"https:\/\/musicmedia.fi\/fi\/wp-json\/wp\/v2\/comments?post=7009"}],"version-history":[{"count":4,"href":"https:\/\/musicmedia.fi\/fi\/wp-json\/wp\/v2\/posts\/7009\/revisions"}],"predecessor-version":[{"id":7021,"href":"https:\/\/musicmedia.fi\/fi\/wp-json\/wp\/v2\/posts\/7009\/revisions\/7021"}],"wp:featuredmedia":[{"embeddable":true,"href":"https:\/\/musicmedia.fi\/fi\/wp-json\/wp\/v2\/media\/7013"}],"wp:attachment":[{"href":"https:\/\/musicmedia.fi\/fi\/wp-json\/wp\/v2\/media?parent=7009"}],"wp:term":[{"taxonomy":"category","embeddable":true,"href":"https:\/\/musicmedia.fi\/fi\/wp-json\/wp\/v2\/categories?post=7009"},{"taxonomy":"post_tag","embeddable":true,"href":"https:\/\/musicmedia.fi\/fi\/wp-json\/wp\/v2\/tags?post=7009"}],"curies":[{"name":"wp","href":"https:\/\/api.w.org\/{rel}","templated":true}]}}