{"id":6918,"date":"2024-04-24T10:00:46","date_gmt":"2024-04-24T07:00:46","guid":{"rendered":"https:\/\/musicmedia.fi\/?p=6918"},"modified":"2024-06-18T21:49:02","modified_gmt":"2024-06-18T18:49:02","slug":"ehdota-suosikkiasi-musiikkialalta-tahtikadun-tahden-saajaksi","status":"publish","type":"post","link":"https:\/\/musicmedia.fi\/fi\/ehdota-suosikkiasi-musiikkialalta-tahtikadun-tahden-saajaksi\/","title":{"rendered":"Ehdota suosikkiasi musiikkialalta T\u00e4htikadun t\u00e4hden saajaksi"},"content":{"rendered":"<p><strong>Tampereen T\u00e4htikatu saa taas ensi syksyn\u00e4 uusia t\u00e4hti\u00e4, ja yleis\u00f6 voi ehdottaa omia suosikkejaan t\u00e4hden saajiksi. Vuonna 2019 Manserockin synnyinsijoille avattu katu juhlistaa ja kunnioittaa kotimaisen sek\u00e4 kansainv\u00e4lisen musiikkialan keskeisi\u00e4 toimijoita.<\/strong><\/p>\n<p>T\u00e4htikatu sijaitsee Tampere-talon l\u00e4hell\u00e4 \u00c5kerlundinkadulla, ja siell\u00e4 loistaa 30 musiikkialan t\u00e4hte\u00e4. Joka vuosi kadulle lis\u00e4t\u00e4\u00e4n 5\u20138 uutta t\u00e4hte\u00e4 yleis\u00f6lt\u00e4 saatujen ehdotusten pohjalta.\u00a0 Nyt voit j\u00e4lleen itse vaikuttaa siihen, kenen nimet lis\u00e4t\u00e4\u00e4n t\u00e4n\u00e4 vuonna t\u00e4htilaattoihin. Ehdota suosikkiasi t\u00e4htilaatan saajaksi 31.5.2024 asti auki olevalla verkkolomakkeella.<\/p>\n<p>\u00c4\u00e4nestyslomake l\u00f6ytyy t\u00e4\u00e4lt\u00e4: \u00a0<a href=\"https:\/\/elomake.tampere.fi\/lomakkeet\/29441\/lomake.html\">https:\/\/elomake.tampere.fi\/lomakkeet\/29441\/lomake.html<\/a><\/p>\n<p>Yleis\u00f6 voi ehdottaa keit\u00e4 tahansa alalla vaikuttavia tai vaikuttaneita henkil\u00f6it\u00e4 tai tahoja: artisteja, yhtyeit\u00e4, musiikintekij\u00f6it\u00e4, sanoittajia, s\u00e4velt\u00e4ji\u00e4 ja musiikintuottajia sek\u00e4 organisaatioiden tai instituutioiden edustajia.<\/p>\n<p>Musiikki x Media -tapahtuman hallitus tekee yleis\u00f6lt\u00e4 tulleiden ehdotusten perusteella esityksen t\u00e4htien saajista. Hallitus koostuu musiikkialan kokeneista ammattilaisista. Lopullisen p\u00e4\u00e4t\u00f6ksen tekee Tampereen kaupungin kulttuuri- ja vapaa-aikalautakunta.<\/p>\n<p>T\u00e4htien saajat julkaistaan katuun ja viestinn\u00e4ss\u00e4 perjantaina 27.9. ja t\u00e4htien saajia juhlistetaan 4.10.2024 j\u00e4rjestett\u00e4v\u00e4ss\u00e4 Music x Media -tapahtuman Industry Awards -gaalassa.<\/p>\n<h2><\/h2>\n<h2>T\u00e4htikatu edustaa musiikkialaa monipuolisesti<\/h2>\n<p>T\u00e4htikadulle nimetyt t\u00e4hdet edustavat monipuolisesti erilaisia musiikkityylej\u00e4 ja musiikkialan toiminta-alueita. T\u00e4htien saajien valinnoissa otetaan huomion monimuotoisuus, valtakunnallisuus sek\u00e4 tasa-arvo esimerkiksi sukupuolen ja i\u00e4n n\u00e4k\u00f6kulmasta.<\/p>\n<p>Lis\u00e4ksi Tampereen musiikkiperinn\u00f6n merkitys on t\u00e4rke\u00e4\u00e4 valintoja pohdittaessa.<\/p>\n<p>Yleis\u00f6n ehdotusten perusteella viime vuonna t\u00e4htens\u00e4 kadulle saivat Vesa-Matti \u201dVesku\u201d Loiri, HIM, Santtu-Matias Rouvali, Kikka, Antti Tuisku, Maija Vilkkumaa ja Anna-Mari K\u00e4h\u00e4r\u00e4.<\/p>\n<p>Aiempina vuosina omat t\u00e4htens\u00e4 kadulle ovat saaneet Jean Sibelius, Kaija Saariaho, Juice Leskinen, Popeda, Cheek, Katri Helena, Epe Helenius, Tapio Korjus, Eppu Normaali, Nightwish, Karita Mattila, Ismo Alanko, Paula Koivuniemi, Mikko Alatalo, Y\u00f6, V\u00e4rttin\u00e4, Kaija Koo, Esa-Pekka Salonen, Jaakko Kuusisto, Hanoi Rocks, Erja Lyytinen, Heikki Salo ja Marion Rung.<\/p>\n<p>T\u00e4htikatu on toteutettu Tampereen kaupungin, Tampere-talon, Bauer Median ja luovien alojen ammattilaistapahtuman Music x Median yhteisty\u00f6n\u00e4.<\/p>\n<p>&nbsp;<\/p>\n<p><img decoding=\"async\" class=\"alignnone wp-image-119\" src=\"https:\/\/musicmedia.fi\/wp-content\/uploads\/2022\/05\/tampere@2x-300x97.png\" alt=\"\" width=\"247\" height=\"80\" srcset=\"https:\/\/musicmedia.fi\/wp-content\/uploads\/2022\/05\/tampere@2x-300x97.png 300w, https:\/\/musicmedia.fi\/wp-content\/uploads\/2022\/05\/tampere@2x.png 458w\" sizes=\"(max-width: 247px) 100vw, 247px\" \/><img decoding=\"async\" class=\"alignnone wp-image-6330\" src=\"https:\/\/musicmedia.fi\/wp-content\/uploads\/2023\/09\/Kopio-tiedostosta-Tamperetalo_CMYK_FINENG-300x91.png\" alt=\"\" width=\"254\" height=\"77\" srcset=\"https:\/\/musicmedia.fi\/wp-content\/uploads\/2023\/09\/Kopio-tiedostosta-Tamperetalo_CMYK_FINENG-300x91.png 300w, https:\/\/musicmedia.fi\/wp-content\/uploads\/2023\/09\/Kopio-tiedostosta-Tamperetalo_CMYK_FINENG-1024x312.png 1024w, https:\/\/musicmedia.fi\/wp-content\/uploads\/2023\/09\/Kopio-tiedostosta-Tamperetalo_CMYK_FINENG-768x234.png 768w, https:\/\/musicmedia.fi\/wp-content\/uploads\/2023\/09\/Kopio-tiedostosta-Tamperetalo_CMYK_FINENG-18x5.png 18w, https:\/\/musicmedia.fi\/wp-content\/uploads\/2023\/09\/Kopio-tiedostosta-Tamperetalo_CMYK_FINENG.png 1155w\" sizes=\"(max-width: 254px) 100vw, 254px\" \/><img decoding=\"async\" class=\"alignnone wp-image-6920\" src=\"https:\/\/musicmedia.fi\/wp-content\/uploads\/2024\/04\/BMG_Logo_Blue-Black_sRGB-300x229.png\" alt=\"\" width=\"148\" height=\"113\" srcset=\"https:\/\/musicmedia.fi\/wp-content\/uploads\/2024\/04\/BMG_Logo_Blue-Black_sRGB-300x229.png 300w, https:\/\/musicmedia.fi\/wp-content\/uploads\/2024\/04\/BMG_Logo_Blue-Black_sRGB-1024x780.png 1024w, https:\/\/musicmedia.fi\/wp-content\/uploads\/2024\/04\/BMG_Logo_Blue-Black_sRGB-768x585.png 768w, https:\/\/musicmedia.fi\/wp-content\/uploads\/2024\/04\/BMG_Logo_Blue-Black_sRGB-16x12.png 16w, https:\/\/musicmedia.fi\/wp-content\/uploads\/2024\/04\/BMG_Logo_Blue-Black_sRGB.png 1050w\" sizes=\"(max-width: 148px) 100vw, 148px\" \/><\/p>\n","protected":false},"excerpt":{"rendered":"<p>Tampereen T\u00e4htikatu saa taas ensi syksyn\u00e4 uusia t\u00e4hti\u00e4, ja yleis\u00f6 voi ehdottaa omia suosikkejaan t\u00e4hden saajiksi. Vuonna 2019 Manserockin synnyinsijoille avattu katu juhlistaa ja kunnioittaa kotimaisen sek\u00e4 kansainv\u00e4lisen musiikkialan keskeisi\u00e4 toimijoita. T\u00e4htikatu sijaitsee Tampere-talon l\u00e4hell\u00e4 \u00c5kerlundinkadulla, ja siell\u00e4 loistaa 30 musiikkialan t\u00e4hte\u00e4. Joka vuosi kadulle lis\u00e4t\u00e4\u00e4n 5\u20138 uutta t\u00e4hte\u00e4 yleis\u00f6lt\u00e4 saatujen ehdotusten pohjalta.\u00a0 Nyt voit [&hellip;]<\/p>\n","protected":false},"author":11,"featured_media":6922,"comment_status":"closed","ping_status":"open","sticky":false,"template":"","format":"standard","meta":{"_acf_changed":false,"inline_featured_image":false,"footnotes":""},"categories":[756],"tags":[],"class_list":["post-6918","post","type-post","status-publish","format-standard","has-post-thumbnail","hentry","category-vain-suomeksi"],"acf":[],"yoast_head":"<!-- This site is optimized with the Yoast SEO plugin v25.7 - https:\/\/yoast.com\/wordpress\/plugins\/seo\/ -->\n<title>Ehdota suosikkiasi musiikkialalta T\u00e4htikadun t\u00e4hden saajaksi - Music x Media<\/title>\n<meta name=\"robots\" content=\"index, follow, max-snippet:-1, max-image-preview:large, max-video-preview:-1\" \/>\n<link rel=\"canonical\" href=\"https:\/\/musicmedia.fi\/fi\/ehdota-suosikkiasi-musiikkialalta-tahtikadun-tahden-saajaksi\/\" \/>\n<meta property=\"og:locale\" content=\"fi_FI\" \/>\n<meta property=\"og:type\" content=\"article\" \/>\n<meta property=\"og:title\" content=\"Ehdota suosikkiasi musiikkialalta T\u00e4htikadun t\u00e4hden saajaksi - Music x Media\" \/>\n<meta property=\"og:description\" content=\"Tampereen T\u00e4htikatu saa taas ensi syksyn\u00e4 uusia t\u00e4hti\u00e4, ja yleis\u00f6 voi ehdottaa omia suosikkejaan t\u00e4hden saajiksi. Vuonna 2019 Manserockin synnyinsijoille avattu katu juhlistaa ja kunnioittaa kotimaisen sek\u00e4 kansainv\u00e4lisen musiikkialan keskeisi\u00e4 toimijoita. T\u00e4htikatu sijaitsee Tampere-talon l\u00e4hell\u00e4 \u00c5kerlundinkadulla, ja siell\u00e4 loistaa 30 musiikkialan t\u00e4hte\u00e4. Joka vuosi kadulle lis\u00e4t\u00e4\u00e4n 5\u20138 uutta t\u00e4hte\u00e4 yleis\u00f6lt\u00e4 saatujen ehdotusten pohjalta.\u00a0 Nyt voit [&hellip;]\" \/>\n<meta property=\"og:url\" content=\"https:\/\/musicmedia.fi\/fi\/ehdota-suosikkiasi-musiikkialalta-tahtikadun-tahden-saajaksi\/\" \/>\n<meta property=\"og:site_name\" content=\"Music x Media\" \/>\n<meta property=\"article:published_time\" content=\"2024-04-24T07:00:46+00:00\" \/>\n<meta property=\"article:modified_time\" content=\"2024-06-18T18:49:02+00:00\" \/>\n<meta property=\"og:image\" content=\"https:\/\/musicmedia.fi\/wp-content\/uploads\/2024\/04\/20230928_Tahtikatu_0047_LAH-scaled.jpg\" \/>\n\t<meta property=\"og:image:width\" content=\"2560\" \/>\n\t<meta property=\"og:image:height\" content=\"1707\" \/>\n\t<meta property=\"og:image:type\" content=\"image\/jpeg\" \/>\n<meta name=\"author\" content=\"info@musicmedia.fi\" \/>\n<meta name=\"twitter:card\" content=\"summary_large_image\" \/>\n<meta name=\"twitter:label1\" content=\"Kirjoittanut\" \/>\n\t<meta name=\"twitter:data1\" content=\"info@musicmedia.fi\" \/>\n\t<meta name=\"twitter:label2\" content=\"Arvioitu lukuaika\" \/>\n\t<meta name=\"twitter:data2\" content=\"2 minuuttia\" \/>\n<script type=\"application\/ld+json\" class=\"yoast-schema-graph\">{\"@context\":\"https:\/\/schema.org\",\"@graph\":[{\"@type\":\"Article\",\"@id\":\"https:\/\/musicmedia.fi\/ehdota-suosikkiasi-musiikkialalta-tahtikadun-tahden-saajaksi\/#article\",\"isPartOf\":{\"@id\":\"https:\/\/musicmedia.fi\/ehdota-suosikkiasi-musiikkialalta-tahtikadun-tahden-saajaksi\/\"},\"author\":{\"name\":\"info@musicmedia.fi\",\"@id\":\"https:\/\/musicmedia.fi\/#\/schema\/person\/4d79763c56ccb5c8c01ae47497da967d\"},\"headline\":\"Ehdota suosikkiasi musiikkialalta T\u00e4htikadun t\u00e4hden saajaksi\",\"datePublished\":\"2024-04-24T07:00:46+00:00\",\"dateModified\":\"2024-06-18T18:49:02+00:00\",\"mainEntityOfPage\":{\"@id\":\"https:\/\/musicmedia.fi\/ehdota-suosikkiasi-musiikkialalta-tahtikadun-tahden-saajaksi\/\"},\"wordCount\":332,\"publisher\":{\"@id\":\"https:\/\/musicmedia.fi\/#organization\"},\"image\":{\"@id\":\"https:\/\/musicmedia.fi\/ehdota-suosikkiasi-musiikkialalta-tahtikadun-tahden-saajaksi\/#primaryimage\"},\"thumbnailUrl\":\"https:\/\/musicmedia.fi\/wp-content\/uploads\/2024\/04\/20230928_Tahtikatu_0047_LAH-scaled.jpg\",\"articleSection\":[\"Vain suomeksi\"],\"inLanguage\":\"fi\"},{\"@type\":\"WebPage\",\"@id\":\"https:\/\/musicmedia.fi\/ehdota-suosikkiasi-musiikkialalta-tahtikadun-tahden-saajaksi\/\",\"url\":\"https:\/\/musicmedia.fi\/ehdota-suosikkiasi-musiikkialalta-tahtikadun-tahden-saajaksi\/\",\"name\":\"Ehdota suosikkiasi musiikkialalta T\u00e4htikadun t\u00e4hden saajaksi - Music x Media\",\"isPartOf\":{\"@id\":\"https:\/\/musicmedia.fi\/#website\"},\"primaryImageOfPage\":{\"@id\":\"https:\/\/musicmedia.fi\/ehdota-suosikkiasi-musiikkialalta-tahtikadun-tahden-saajaksi\/#primaryimage\"},\"image\":{\"@id\":\"https:\/\/musicmedia.fi\/ehdota-suosikkiasi-musiikkialalta-tahtikadun-tahden-saajaksi\/#primaryimage\"},\"thumbnailUrl\":\"https:\/\/musicmedia.fi\/wp-content\/uploads\/2024\/04\/20230928_Tahtikatu_0047_LAH-scaled.jpg\",\"datePublished\":\"2024-04-24T07:00:46+00:00\",\"dateModified\":\"2024-06-18T18:49:02+00:00\",\"breadcrumb\":{\"@id\":\"https:\/\/musicmedia.fi\/ehdota-suosikkiasi-musiikkialalta-tahtikadun-tahden-saajaksi\/#breadcrumb\"},\"inLanguage\":\"fi\",\"potentialAction\":[{\"@type\":\"ReadAction\",\"target\":[\"https:\/\/musicmedia.fi\/ehdota-suosikkiasi-musiikkialalta-tahtikadun-tahden-saajaksi\/\"]}]},{\"@type\":\"ImageObject\",\"inLanguage\":\"fi\",\"@id\":\"https:\/\/musicmedia.fi\/ehdota-suosikkiasi-musiikkialalta-tahtikadun-tahden-saajaksi\/#primaryimage\",\"url\":\"https:\/\/musicmedia.fi\/wp-content\/uploads\/2024\/04\/20230928_Tahtikatu_0047_LAH-scaled.jpg\",\"contentUrl\":\"https:\/\/musicmedia.fi\/wp-content\/uploads\/2024\/04\/20230928_Tahtikatu_0047_LAH-scaled.jpg\",\"width\":2560,\"height\":1707},{\"@type\":\"BreadcrumbList\",\"@id\":\"https:\/\/musicmedia.fi\/ehdota-suosikkiasi-musiikkialalta-tahtikadun-tahden-saajaksi\/#breadcrumb\",\"itemListElement\":[{\"@type\":\"ListItem\",\"position\":1,\"name\":\"Home\",\"item\":\"https:\/\/musicmedia.fi\/\"},{\"@type\":\"ListItem\",\"position\":2,\"name\":\"Ehdota suosikkiasi musiikkialalta T\u00e4htikadun t\u00e4hden saajaksi\"}]},{\"@type\":\"WebSite\",\"@id\":\"https:\/\/musicmedia.fi\/#website\",\"url\":\"https:\/\/musicmedia.fi\/\",\"name\":\"Music x Media\",\"description\":\"Musiikki-, viihde- ja tapahtuma-alojen kohtaamispaikka\",\"publisher\":{\"@id\":\"https:\/\/musicmedia.fi\/#organization\"},\"potentialAction\":[{\"@type\":\"SearchAction\",\"target\":{\"@type\":\"EntryPoint\",\"urlTemplate\":\"https:\/\/musicmedia.fi\/?s={search_term_string}\"},\"query-input\":{\"@type\":\"PropertyValueSpecification\",\"valueRequired\":true,\"valueName\":\"search_term_string\"}}],\"inLanguage\":\"fi\"},{\"@type\":\"Organization\",\"@id\":\"https:\/\/musicmedia.fi\/#organization\",\"name\":\"Music x Media\",\"url\":\"https:\/\/musicmedia.fi\/\",\"logo\":{\"@type\":\"ImageObject\",\"inLanguage\":\"fi\",\"@id\":\"https:\/\/musicmedia.fi\/#\/schema\/logo\/image\/\",\"url\":\"https:\/\/musicmedia.fi\/wp-content\/uploads\/2022\/05\/logo.png\",\"contentUrl\":\"https:\/\/musicmedia.fi\/wp-content\/uploads\/2022\/05\/logo.png\",\"width\":276,\"height\":147,\"caption\":\"Music x Media\"},\"image\":{\"@id\":\"https:\/\/musicmedia.fi\/#\/schema\/logo\/image\/\"}},{\"@type\":\"Person\",\"@id\":\"https:\/\/musicmedia.fi\/#\/schema\/person\/4d79763c56ccb5c8c01ae47497da967d\",\"name\":\"info@musicmedia.fi\",\"url\":\"https:\/\/musicmedia.fi\/fi\/author\/infomusicmedia-fi\/\"}]}<\/script>\n<!-- \/ Yoast SEO plugin. -->","yoast_head_json":{"title":"Ehdota suosikkiasi musiikkialalta T\u00e4htikadun t\u00e4hden saajaksi - Music x Media","robots":{"index":"index","follow":"follow","max-snippet":"max-snippet:-1","max-image-preview":"max-image-preview:large","max-video-preview":"max-video-preview:-1"},"canonical":"https:\/\/musicmedia.fi\/fi\/ehdota-suosikkiasi-musiikkialalta-tahtikadun-tahden-saajaksi\/","og_locale":"fi_FI","og_type":"article","og_title":"Ehdota suosikkiasi musiikkialalta T\u00e4htikadun t\u00e4hden saajaksi - Music x Media","og_description":"Tampereen T\u00e4htikatu saa taas ensi syksyn\u00e4 uusia t\u00e4hti\u00e4, ja yleis\u00f6 voi ehdottaa omia suosikkejaan t\u00e4hden saajiksi. Vuonna 2019 Manserockin synnyinsijoille avattu katu juhlistaa ja kunnioittaa kotimaisen sek\u00e4 kansainv\u00e4lisen musiikkialan keskeisi\u00e4 toimijoita. T\u00e4htikatu sijaitsee Tampere-talon l\u00e4hell\u00e4 \u00c5kerlundinkadulla, ja siell\u00e4 loistaa 30 musiikkialan t\u00e4hte\u00e4. Joka vuosi kadulle lis\u00e4t\u00e4\u00e4n 5\u20138 uutta t\u00e4hte\u00e4 yleis\u00f6lt\u00e4 saatujen ehdotusten pohjalta.\u00a0 Nyt voit [&hellip;]","og_url":"https:\/\/musicmedia.fi\/fi\/ehdota-suosikkiasi-musiikkialalta-tahtikadun-tahden-saajaksi\/","og_site_name":"Music x Media","article_published_time":"2024-04-24T07:00:46+00:00","article_modified_time":"2024-06-18T18:49:02+00:00","og_image":[{"width":2560,"height":1707,"url":"https:\/\/musicmedia.fi\/wp-content\/uploads\/2024\/04\/20230928_Tahtikatu_0047_LAH-scaled.jpg","type":"image\/jpeg"}],"author":"info@musicmedia.fi","twitter_card":"summary_large_image","twitter_misc":{"Kirjoittanut":"info@musicmedia.fi","Arvioitu lukuaika":"2 minuuttia"},"schema":{"@context":"https:\/\/schema.org","@graph":[{"@type":"Article","@id":"https:\/\/musicmedia.fi\/ehdota-suosikkiasi-musiikkialalta-tahtikadun-tahden-saajaksi\/#article","isPartOf":{"@id":"https:\/\/musicmedia.fi\/ehdota-suosikkiasi-musiikkialalta-tahtikadun-tahden-saajaksi\/"},"author":{"name":"info@musicmedia.fi","@id":"https:\/\/musicmedia.fi\/#\/schema\/person\/4d79763c56ccb5c8c01ae47497da967d"},"headline":"Ehdota suosikkiasi musiikkialalta T\u00e4htikadun t\u00e4hden saajaksi","datePublished":"2024-04-24T07:00:46+00:00","dateModified":"2024-06-18T18:49:02+00:00","mainEntityOfPage":{"@id":"https:\/\/musicmedia.fi\/ehdota-suosikkiasi-musiikkialalta-tahtikadun-tahden-saajaksi\/"},"wordCount":332,"publisher":{"@id":"https:\/\/musicmedia.fi\/#organization"},"image":{"@id":"https:\/\/musicmedia.fi\/ehdota-suosikkiasi-musiikkialalta-tahtikadun-tahden-saajaksi\/#primaryimage"},"thumbnailUrl":"https:\/\/musicmedia.fi\/wp-content\/uploads\/2024\/04\/20230928_Tahtikatu_0047_LAH-scaled.jpg","articleSection":["Vain suomeksi"],"inLanguage":"fi"},{"@type":"WebPage","@id":"https:\/\/musicmedia.fi\/ehdota-suosikkiasi-musiikkialalta-tahtikadun-tahden-saajaksi\/","url":"https:\/\/musicmedia.fi\/ehdota-suosikkiasi-musiikkialalta-tahtikadun-tahden-saajaksi\/","name":"Ehdota suosikkiasi musiikkialalta T\u00e4htikadun t\u00e4hden saajaksi - Music x Media","isPartOf":{"@id":"https:\/\/musicmedia.fi\/#website"},"primaryImageOfPage":{"@id":"https:\/\/musicmedia.fi\/ehdota-suosikkiasi-musiikkialalta-tahtikadun-tahden-saajaksi\/#primaryimage"},"image":{"@id":"https:\/\/musicmedia.fi\/ehdota-suosikkiasi-musiikkialalta-tahtikadun-tahden-saajaksi\/#primaryimage"},"thumbnailUrl":"https:\/\/musicmedia.fi\/wp-content\/uploads\/2024\/04\/20230928_Tahtikatu_0047_LAH-scaled.jpg","datePublished":"2024-04-24T07:00:46+00:00","dateModified":"2024-06-18T18:49:02+00:00","breadcrumb":{"@id":"https:\/\/musicmedia.fi\/ehdota-suosikkiasi-musiikkialalta-tahtikadun-tahden-saajaksi\/#breadcrumb"},"inLanguage":"fi","potentialAction":[{"@type":"ReadAction","target":["https:\/\/musicmedia.fi\/ehdota-suosikkiasi-musiikkialalta-tahtikadun-tahden-saajaksi\/"]}]},{"@type":"ImageObject","inLanguage":"fi","@id":"https:\/\/musicmedia.fi\/ehdota-suosikkiasi-musiikkialalta-tahtikadun-tahden-saajaksi\/#primaryimage","url":"https:\/\/musicmedia.fi\/wp-content\/uploads\/2024\/04\/20230928_Tahtikatu_0047_LAH-scaled.jpg","contentUrl":"https:\/\/musicmedia.fi\/wp-content\/uploads\/2024\/04\/20230928_Tahtikatu_0047_LAH-scaled.jpg","width":2560,"height":1707},{"@type":"BreadcrumbList","@id":"https:\/\/musicmedia.fi\/ehdota-suosikkiasi-musiikkialalta-tahtikadun-tahden-saajaksi\/#breadcrumb","itemListElement":[{"@type":"ListItem","position":1,"name":"Home","item":"https:\/\/musicmedia.fi\/"},{"@type":"ListItem","position":2,"name":"Ehdota suosikkiasi musiikkialalta T\u00e4htikadun t\u00e4hden saajaksi"}]},{"@type":"WebSite","@id":"https:\/\/musicmedia.fi\/#website","url":"https:\/\/musicmedia.fi\/","name":"Music x Media","description":"Musiikki-, viihde- ja tapahtuma-alojen kohtaamispaikka","publisher":{"@id":"https:\/\/musicmedia.fi\/#organization"},"potentialAction":[{"@type":"SearchAction","target":{"@type":"EntryPoint","urlTemplate":"https:\/\/musicmedia.fi\/?s={search_term_string}"},"query-input":{"@type":"PropertyValueSpecification","valueRequired":true,"valueName":"search_term_string"}}],"inLanguage":"fi"},{"@type":"Organization","@id":"https:\/\/musicmedia.fi\/#organization","name":"Music x Media","url":"https:\/\/musicmedia.fi\/","logo":{"@type":"ImageObject","inLanguage":"fi","@id":"https:\/\/musicmedia.fi\/#\/schema\/logo\/image\/","url":"https:\/\/musicmedia.fi\/wp-content\/uploads\/2022\/05\/logo.png","contentUrl":"https:\/\/musicmedia.fi\/wp-content\/uploads\/2022\/05\/logo.png","width":276,"height":147,"caption":"Music x Media"},"image":{"@id":"https:\/\/musicmedia.fi\/#\/schema\/logo\/image\/"}},{"@type":"Person","@id":"https:\/\/musicmedia.fi\/#\/schema\/person\/4d79763c56ccb5c8c01ae47497da967d","name":"info@musicmedia.fi","url":"https:\/\/musicmedia.fi\/fi\/author\/infomusicmedia-fi\/"}]}},"_links":{"self":[{"href":"https:\/\/musicmedia.fi\/fi\/wp-json\/wp\/v2\/posts\/6918","targetHints":{"allow":["GET"]}}],"collection":[{"href":"https:\/\/musicmedia.fi\/fi\/wp-json\/wp\/v2\/posts"}],"about":[{"href":"https:\/\/musicmedia.fi\/fi\/wp-json\/wp\/v2\/types\/post"}],"author":[{"embeddable":true,"href":"https:\/\/musicmedia.fi\/fi\/wp-json\/wp\/v2\/users\/11"}],"replies":[{"embeddable":true,"href":"https:\/\/musicmedia.fi\/fi\/wp-json\/wp\/v2\/comments?post=6918"}],"version-history":[{"count":3,"href":"https:\/\/musicmedia.fi\/fi\/wp-json\/wp\/v2\/posts\/6918\/revisions"}],"predecessor-version":[{"id":6943,"href":"https:\/\/musicmedia.fi\/fi\/wp-json\/wp\/v2\/posts\/6918\/revisions\/6943"}],"wp:featuredmedia":[{"embeddable":true,"href":"https:\/\/musicmedia.fi\/fi\/wp-json\/wp\/v2\/media\/6922"}],"wp:attachment":[{"href":"https:\/\/musicmedia.fi\/fi\/wp-json\/wp\/v2\/media?parent=6918"}],"wp:term":[{"taxonomy":"category","embeddable":true,"href":"https:\/\/musicmedia.fi\/fi\/wp-json\/wp\/v2\/categories?post=6918"},{"taxonomy":"post_tag","embeddable":true,"href":"https:\/\/musicmedia.fi\/fi\/wp-json\/wp\/v2\/tags?post=6918"}],"curies":[{"name":"wp","href":"https:\/\/api.w.org\/{rel}","templated":true}]}}