{"id":6780,"date":"2024-04-05T16:10:57","date_gmt":"2024-04-05T13:10:57","guid":{"rendered":"https:\/\/musicmedia.fi\/?p=6780"},"modified":"2024-04-18T09:52:59","modified_gmt":"2024-04-18T06:52:59","slug":"kulttuuripolitiikka-miten-korona-aika-siihen-vaikutti-ja-kuinka-tasta-eteenpain-tervetuloa-tutkimuksen-julkistustilaisuuteen","status":"publish","type":"post","link":"https:\/\/musicmedia.fi\/fi\/kulttuuripolitiikka-miten-korona-aika-siihen-vaikutti-ja-kuinka-tasta-eteenpain-tervetuloa-tutkimuksen-julkistustilaisuuteen\/","title":{"rendered":"Kulttuuripolitiikka, miten korona-aika siihen vaikutti ja kuinka t\u00e4st\u00e4 eteenp\u00e4in? Tervetuloa tutkimuksen julkistustilaisuuteen!"},"content":{"rendered":"<p>Perjantaina 12.4. julkaistaan Music x Median koordinoima tutkimushanke kulttuuripolitiikan ilmi\u00f6ist\u00e4 pandemian aikana.<\/p>\n<p><b><i>Kulttuuripolitiikka korona-ajan Suomessa. Kuinka jatkaa t\u00e4st\u00e4 eteenp\u00e4in? <\/i><\/b>\u00a0Mik\u00e4 on suomalaisen kulttuuripolitiikan ja kulttuuriin vaikuttavan\u00a0 p\u00e4\u00e4t\u00f6ksenteon tila? Kuinka vahvistaa kulttuurin asemaa Suomessa ja kehitt\u00e4\u00e4 kulttuuripolitiikkaa sek\u00e4 kulttuurialan vaikuttamisty\u00f6t\u00e4? Tutkimuksessa paikannetaan kulttuurialan asiantuntijoiden sek\u00e4 toimijoiden roolia kulttuurialaa koskevan poliittisen p\u00e4\u00e4t\u00f6ksenteon eri vaiheissa ja analysoidaan sit\u00e4, kenen \u00e4\u00e4nt\u00e4 kuultiin ja mill\u00e4 perustein.<\/p>\n<p>Tule kuulemaan tutkimushankkeen tuloksia ja ehdotuksia tulevaisuuden kulttuuripolitiikan ja lains\u00e4\u00e4d\u00e4nn\u00f6n toimenpiteille.<\/p>\n<p>Muusikko, dramaturgi Paula Vesalan aloitteesta syntyneess\u00e4 hankkeessa etsit\u00e4\u00e4n keinoja kulttuurikent\u00e4n osallisuuden parantamiseksi ja p\u00e4\u00e4t\u00f6ksenteon demokraattisuuden takaamiseksi.<\/p>\n<p>&nbsp;<\/p>\n<p><strong>ILMOITTAUDU TILAISUUTEEN <a href=\"https:\/\/ssl.eventilla.com\/attend\/l0PqJ\">T\u00c4ST\u00c4<\/a> 10.4.2024 MENNESS\u00c4!<\/strong><\/p>\n<p>&nbsp;<\/p>\n<p>TILAISUUDEN OHJELMA:<\/p>\n<ul>\n<li aria-level=\"1\"><b>Tervetuloa, tutkimuksen tausta ja tilaisuuden kulku <\/b><b><br \/>\n<\/b>Jani Jalonen, Music X Media<\/li>\n<li aria-level=\"1\"><strong>Avaussanat<\/strong><br \/>\ntiede- ja kulttuuriministeri Sari Multala<\/li>\n<li aria-level=\"1\"><b>Demokratia ja osallisuus kriisiaikojen Suomessa<\/b><b><br \/>\n<\/b>teemajohtaja Veera Heinonen, Sitra<\/li>\n<li aria-level=\"1\"><b>Tutkimuksen keskeisten havaintojen esittely<\/b><b><br \/>\n<\/b>Jari Stenvall, Tampereen yliopisto<br \/>\nKaisa R\u00f6nkk\u00f6, Taiteen edist\u00e4miskeskus<br \/>\nPaula Vesala, taiteilija<br \/>\nMirkka Kivilehto, Muusikkojen liitto<\/li>\n<li aria-level=\"1\"><b>Kommenttipuheenvuorot: Miten t\u00e4st\u00e4 eteenp\u00e4in <\/b><b><br \/>\n<\/b>Annika Saarikko, kansanedustaja, keskustan pj<br \/>\nJenna Lahtinen, LiveFIN toiminnanjohtaja<br \/>\nRiitta Kaivosoja, opetus- ja kulttuuriministeri\u00f6<\/li>\n<li aria-level=\"1\"><b>Kysymyksi\u00e4 ja keskustelua<\/b><\/li>\n<li aria-level=\"1\">Klo 11.30: Tilaisuus p\u00e4\u00e4ttyy<\/li>\n<\/ul>\n<p>&nbsp;<\/p>\n<p>Hankkeen rahoittivat Suomen itsen\u00e4isyyden juhlarahasto Sitra, Esitt\u00e4v\u00e4n s\u00e4veltaiteen edist\u00e4miss\u00e4\u00e4ti\u00f6 ESES, tekij\u00e4noikeusj\u00e4rjest\u00f6 Teosto ja sen j\u00e4senj\u00e4rjest\u00f6t Suomen S\u00e4velt\u00e4j\u00e4t, Suomen Musiikintekij\u00e4t ja Suomen Musiikkikustantajat sek\u00e4 Music x Media.<\/p>\n<p>Aika: 12.4.2024 klo 10:00<\/p>\n<p>Paikka: Musiikin Satama, Meripaviljonki, Keilasatama 2 E, 02150 Espoo<\/p>\n","protected":false},"excerpt":{"rendered":"<p>Perjantaina 12.4. julkaistaan Music x Median koordinoima tutkimushanke kulttuuripolitiikan ilmi\u00f6ist\u00e4 pandemian aikana. Kulttuuripolitiikka korona-ajan Suomessa. Kuinka jatkaa t\u00e4st\u00e4 eteenp\u00e4in? \u00a0Mik\u00e4 on suomalaisen kulttuuripolitiikan ja kulttuuriin vaikuttavan\u00a0 p\u00e4\u00e4t\u00f6ksenteon tila? Kuinka vahvistaa kulttuurin asemaa Suomessa ja kehitt\u00e4\u00e4 kulttuuripolitiikkaa sek\u00e4 kulttuurialan vaikuttamisty\u00f6t\u00e4? Tutkimuksessa paikannetaan kulttuurialan asiantuntijoiden sek\u00e4 toimijoiden roolia kulttuurialaa koskevan poliittisen p\u00e4\u00e4t\u00f6ksenteon eri vaiheissa ja analysoidaan sit\u00e4, [&hellip;]<\/p>\n","protected":false},"author":11,"featured_media":6782,"comment_status":"closed","ping_status":"open","sticky":false,"template":"","format":"standard","meta":{"_acf_changed":false,"inline_featured_image":false,"footnotes":""},"categories":[756],"tags":[],"class_list":["post-6780","post","type-post","status-publish","format-standard","has-post-thumbnail","hentry","category-vain-suomeksi"],"acf":[],"yoast_head":"<!-- This site is optimized with the Yoast SEO plugin v25.7 - https:\/\/yoast.com\/wordpress\/plugins\/seo\/ -->\n<title>Kulttuuripolitiikka, miten korona-aika siihen vaikutti ja kuinka t\u00e4st\u00e4 eteenp\u00e4in? Tervetuloa tutkimuksen julkistustilaisuuteen! - Music x Media<\/title>\n<meta name=\"robots\" content=\"index, follow, max-snippet:-1, max-image-preview:large, max-video-preview:-1\" \/>\n<link rel=\"canonical\" href=\"https:\/\/musicmedia.fi\/fi\/kulttuuripolitiikka-miten-korona-aika-siihen-vaikutti-ja-kuinka-tasta-eteenpain-tervetuloa-tutkimuksen-julkistustilaisuuteen\/\" \/>\n<meta property=\"og:locale\" content=\"fi_FI\" \/>\n<meta property=\"og:type\" content=\"article\" \/>\n<meta property=\"og:title\" content=\"Kulttuuripolitiikka, miten korona-aika siihen vaikutti ja kuinka t\u00e4st\u00e4 eteenp\u00e4in? Tervetuloa tutkimuksen julkistustilaisuuteen! - Music x Media\" \/>\n<meta property=\"og:description\" content=\"Perjantaina 12.4. julkaistaan Music x Median koordinoima tutkimushanke kulttuuripolitiikan ilmi\u00f6ist\u00e4 pandemian aikana. Kulttuuripolitiikka korona-ajan Suomessa. Kuinka jatkaa t\u00e4st\u00e4 eteenp\u00e4in? \u00a0Mik\u00e4 on suomalaisen kulttuuripolitiikan ja kulttuuriin vaikuttavan\u00a0 p\u00e4\u00e4t\u00f6ksenteon tila? Kuinka vahvistaa kulttuurin asemaa Suomessa ja kehitt\u00e4\u00e4 kulttuuripolitiikkaa sek\u00e4 kulttuurialan vaikuttamisty\u00f6t\u00e4? Tutkimuksessa paikannetaan kulttuurialan asiantuntijoiden sek\u00e4 toimijoiden roolia kulttuurialaa koskevan poliittisen p\u00e4\u00e4t\u00f6ksenteon eri vaiheissa ja analysoidaan sit\u00e4, [&hellip;]\" \/>\n<meta property=\"og:url\" content=\"https:\/\/musicmedia.fi\/fi\/kulttuuripolitiikka-miten-korona-aika-siihen-vaikutti-ja-kuinka-tasta-eteenpain-tervetuloa-tutkimuksen-julkistustilaisuuteen\/\" \/>\n<meta property=\"og:site_name\" content=\"Music x Media\" \/>\n<meta property=\"article:published_time\" content=\"2024-04-05T13:10:57+00:00\" \/>\n<meta property=\"article:modified_time\" content=\"2024-04-18T06:52:59+00:00\" \/>\n<meta property=\"og:image\" content=\"https:\/\/musicmedia.fi\/wp-content\/uploads\/2024\/04\/logo.jpeg\" \/>\n\t<meta property=\"og:image:width\" content=\"1417\" \/>\n\t<meta property=\"og:image:height\" content=\"443\" \/>\n\t<meta property=\"og:image:type\" content=\"image\/jpeg\" \/>\n<meta name=\"author\" content=\"info@musicmedia.fi\" \/>\n<meta name=\"twitter:card\" content=\"summary_large_image\" \/>\n<meta name=\"twitter:label1\" content=\"Kirjoittanut\" \/>\n\t<meta name=\"twitter:data1\" content=\"info@musicmedia.fi\" \/>\n\t<meta name=\"twitter:label2\" content=\"Arvioitu lukuaika\" \/>\n\t<meta name=\"twitter:data2\" content=\"2 minuuttia\" \/>\n<script type=\"application\/ld+json\" class=\"yoast-schema-graph\">{\"@context\":\"https:\/\/schema.org\",\"@graph\":[{\"@type\":\"Article\",\"@id\":\"https:\/\/musicmedia.fi\/kulttuuripolitiikka-miten-korona-aika-siihen-vaikutti-ja-kuinka-tasta-eteenpain-tervetuloa-tutkimuksen-julkistustilaisuuteen\/#article\",\"isPartOf\":{\"@id\":\"https:\/\/musicmedia.fi\/kulttuuripolitiikka-miten-korona-aika-siihen-vaikutti-ja-kuinka-tasta-eteenpain-tervetuloa-tutkimuksen-julkistustilaisuuteen\/\"},\"author\":{\"name\":\"info@musicmedia.fi\",\"@id\":\"https:\/\/musicmedia.fi\/#\/schema\/person\/4d79763c56ccb5c8c01ae47497da967d\"},\"headline\":\"Kulttuuripolitiikka, miten korona-aika siihen vaikutti ja kuinka t\u00e4st\u00e4 eteenp\u00e4in? Tervetuloa tutkimuksen julkistustilaisuuteen!\",\"datePublished\":\"2024-04-05T13:10:57+00:00\",\"dateModified\":\"2024-04-18T06:52:59+00:00\",\"mainEntityOfPage\":{\"@id\":\"https:\/\/musicmedia.fi\/kulttuuripolitiikka-miten-korona-aika-siihen-vaikutti-ja-kuinka-tasta-eteenpain-tervetuloa-tutkimuksen-julkistustilaisuuteen\/\"},\"wordCount\":250,\"publisher\":{\"@id\":\"https:\/\/musicmedia.fi\/#organization\"},\"image\":{\"@id\":\"https:\/\/musicmedia.fi\/kulttuuripolitiikka-miten-korona-aika-siihen-vaikutti-ja-kuinka-tasta-eteenpain-tervetuloa-tutkimuksen-julkistustilaisuuteen\/#primaryimage\"},\"thumbnailUrl\":\"https:\/\/musicmedia.fi\/wp-content\/uploads\/2024\/04\/logo.jpeg\",\"articleSection\":[\"Vain suomeksi\"],\"inLanguage\":\"fi\"},{\"@type\":\"WebPage\",\"@id\":\"https:\/\/musicmedia.fi\/kulttuuripolitiikka-miten-korona-aika-siihen-vaikutti-ja-kuinka-tasta-eteenpain-tervetuloa-tutkimuksen-julkistustilaisuuteen\/\",\"url\":\"https:\/\/musicmedia.fi\/kulttuuripolitiikka-miten-korona-aika-siihen-vaikutti-ja-kuinka-tasta-eteenpain-tervetuloa-tutkimuksen-julkistustilaisuuteen\/\",\"name\":\"Kulttuuripolitiikka, miten korona-aika siihen vaikutti ja kuinka t\u00e4st\u00e4 eteenp\u00e4in? Tervetuloa tutkimuksen julkistustilaisuuteen! - Music x Media\",\"isPartOf\":{\"@id\":\"https:\/\/musicmedia.fi\/#website\"},\"primaryImageOfPage\":{\"@id\":\"https:\/\/musicmedia.fi\/kulttuuripolitiikka-miten-korona-aika-siihen-vaikutti-ja-kuinka-tasta-eteenpain-tervetuloa-tutkimuksen-julkistustilaisuuteen\/#primaryimage\"},\"image\":{\"@id\":\"https:\/\/musicmedia.fi\/kulttuuripolitiikka-miten-korona-aika-siihen-vaikutti-ja-kuinka-tasta-eteenpain-tervetuloa-tutkimuksen-julkistustilaisuuteen\/#primaryimage\"},\"thumbnailUrl\":\"https:\/\/musicmedia.fi\/wp-content\/uploads\/2024\/04\/logo.jpeg\",\"datePublished\":\"2024-04-05T13:10:57+00:00\",\"dateModified\":\"2024-04-18T06:52:59+00:00\",\"breadcrumb\":{\"@id\":\"https:\/\/musicmedia.fi\/kulttuuripolitiikka-miten-korona-aika-siihen-vaikutti-ja-kuinka-tasta-eteenpain-tervetuloa-tutkimuksen-julkistustilaisuuteen\/#breadcrumb\"},\"inLanguage\":\"fi\",\"potentialAction\":[{\"@type\":\"ReadAction\",\"target\":[\"https:\/\/musicmedia.fi\/kulttuuripolitiikka-miten-korona-aika-siihen-vaikutti-ja-kuinka-tasta-eteenpain-tervetuloa-tutkimuksen-julkistustilaisuuteen\/\"]}]},{\"@type\":\"ImageObject\",\"inLanguage\":\"fi\",\"@id\":\"https:\/\/musicmedia.fi\/kulttuuripolitiikka-miten-korona-aika-siihen-vaikutti-ja-kuinka-tasta-eteenpain-tervetuloa-tutkimuksen-julkistustilaisuuteen\/#primaryimage\",\"url\":\"https:\/\/musicmedia.fi\/wp-content\/uploads\/2024\/04\/logo.jpeg\",\"contentUrl\":\"https:\/\/musicmedia.fi\/wp-content\/uploads\/2024\/04\/logo.jpeg\",\"width\":1417,\"height\":443},{\"@type\":\"BreadcrumbList\",\"@id\":\"https:\/\/musicmedia.fi\/kulttuuripolitiikka-miten-korona-aika-siihen-vaikutti-ja-kuinka-tasta-eteenpain-tervetuloa-tutkimuksen-julkistustilaisuuteen\/#breadcrumb\",\"itemListElement\":[{\"@type\":\"ListItem\",\"position\":1,\"name\":\"Home\",\"item\":\"https:\/\/musicmedia.fi\/\"},{\"@type\":\"ListItem\",\"position\":2,\"name\":\"Kulttuuripolitiikka, miten korona-aika siihen vaikutti ja kuinka t\u00e4st\u00e4 eteenp\u00e4in? Tervetuloa tutkimuksen julkistustilaisuuteen!\"}]},{\"@type\":\"WebSite\",\"@id\":\"https:\/\/musicmedia.fi\/#website\",\"url\":\"https:\/\/musicmedia.fi\/\",\"name\":\"Music x Media\",\"description\":\"Musiikki-, viihde- ja tapahtuma-alojen kohtaamispaikka\",\"publisher\":{\"@id\":\"https:\/\/musicmedia.fi\/#organization\"},\"potentialAction\":[{\"@type\":\"SearchAction\",\"target\":{\"@type\":\"EntryPoint\",\"urlTemplate\":\"https:\/\/musicmedia.fi\/?s={search_term_string}\"},\"query-input\":{\"@type\":\"PropertyValueSpecification\",\"valueRequired\":true,\"valueName\":\"search_term_string\"}}],\"inLanguage\":\"fi\"},{\"@type\":\"Organization\",\"@id\":\"https:\/\/musicmedia.fi\/#organization\",\"name\":\"Music x Media\",\"url\":\"https:\/\/musicmedia.fi\/\",\"logo\":{\"@type\":\"ImageObject\",\"inLanguage\":\"fi\",\"@id\":\"https:\/\/musicmedia.fi\/#\/schema\/logo\/image\/\",\"url\":\"https:\/\/musicmedia.fi\/wp-content\/uploads\/2022\/05\/logo.png\",\"contentUrl\":\"https:\/\/musicmedia.fi\/wp-content\/uploads\/2022\/05\/logo.png\",\"width\":276,\"height\":147,\"caption\":\"Music x Media\"},\"image\":{\"@id\":\"https:\/\/musicmedia.fi\/#\/schema\/logo\/image\/\"}},{\"@type\":\"Person\",\"@id\":\"https:\/\/musicmedia.fi\/#\/schema\/person\/4d79763c56ccb5c8c01ae47497da967d\",\"name\":\"info@musicmedia.fi\",\"url\":\"https:\/\/musicmedia.fi\/fi\/author\/infomusicmedia-fi\/\"}]}<\/script>\n<!-- \/ Yoast SEO plugin. -->","yoast_head_json":{"title":"Kulttuuripolitiikka, miten korona-aika siihen vaikutti ja kuinka t\u00e4st\u00e4 eteenp\u00e4in? Tervetuloa tutkimuksen julkistustilaisuuteen! - Music x Media","robots":{"index":"index","follow":"follow","max-snippet":"max-snippet:-1","max-image-preview":"max-image-preview:large","max-video-preview":"max-video-preview:-1"},"canonical":"https:\/\/musicmedia.fi\/fi\/kulttuuripolitiikka-miten-korona-aika-siihen-vaikutti-ja-kuinka-tasta-eteenpain-tervetuloa-tutkimuksen-julkistustilaisuuteen\/","og_locale":"fi_FI","og_type":"article","og_title":"Kulttuuripolitiikka, miten korona-aika siihen vaikutti ja kuinka t\u00e4st\u00e4 eteenp\u00e4in? Tervetuloa tutkimuksen julkistustilaisuuteen! - Music x Media","og_description":"Perjantaina 12.4. julkaistaan Music x Median koordinoima tutkimushanke kulttuuripolitiikan ilmi\u00f6ist\u00e4 pandemian aikana. Kulttuuripolitiikka korona-ajan Suomessa. Kuinka jatkaa t\u00e4st\u00e4 eteenp\u00e4in? \u00a0Mik\u00e4 on suomalaisen kulttuuripolitiikan ja kulttuuriin vaikuttavan\u00a0 p\u00e4\u00e4t\u00f6ksenteon tila? Kuinka vahvistaa kulttuurin asemaa Suomessa ja kehitt\u00e4\u00e4 kulttuuripolitiikkaa sek\u00e4 kulttuurialan vaikuttamisty\u00f6t\u00e4? Tutkimuksessa paikannetaan kulttuurialan asiantuntijoiden sek\u00e4 toimijoiden roolia kulttuurialaa koskevan poliittisen p\u00e4\u00e4t\u00f6ksenteon eri vaiheissa ja analysoidaan sit\u00e4, [&hellip;]","og_url":"https:\/\/musicmedia.fi\/fi\/kulttuuripolitiikka-miten-korona-aika-siihen-vaikutti-ja-kuinka-tasta-eteenpain-tervetuloa-tutkimuksen-julkistustilaisuuteen\/","og_site_name":"Music x Media","article_published_time":"2024-04-05T13:10:57+00:00","article_modified_time":"2024-04-18T06:52:59+00:00","og_image":[{"width":1417,"height":443,"url":"https:\/\/musicmedia.fi\/wp-content\/uploads\/2024\/04\/logo.jpeg","type":"image\/jpeg"}],"author":"info@musicmedia.fi","twitter_card":"summary_large_image","twitter_misc":{"Kirjoittanut":"info@musicmedia.fi","Arvioitu lukuaika":"2 minuuttia"},"schema":{"@context":"https:\/\/schema.org","@graph":[{"@type":"Article","@id":"https:\/\/musicmedia.fi\/kulttuuripolitiikka-miten-korona-aika-siihen-vaikutti-ja-kuinka-tasta-eteenpain-tervetuloa-tutkimuksen-julkistustilaisuuteen\/#article","isPartOf":{"@id":"https:\/\/musicmedia.fi\/kulttuuripolitiikka-miten-korona-aika-siihen-vaikutti-ja-kuinka-tasta-eteenpain-tervetuloa-tutkimuksen-julkistustilaisuuteen\/"},"author":{"name":"info@musicmedia.fi","@id":"https:\/\/musicmedia.fi\/#\/schema\/person\/4d79763c56ccb5c8c01ae47497da967d"},"headline":"Kulttuuripolitiikka, miten korona-aika siihen vaikutti ja kuinka t\u00e4st\u00e4 eteenp\u00e4in? Tervetuloa tutkimuksen julkistustilaisuuteen!","datePublished":"2024-04-05T13:10:57+00:00","dateModified":"2024-04-18T06:52:59+00:00","mainEntityOfPage":{"@id":"https:\/\/musicmedia.fi\/kulttuuripolitiikka-miten-korona-aika-siihen-vaikutti-ja-kuinka-tasta-eteenpain-tervetuloa-tutkimuksen-julkistustilaisuuteen\/"},"wordCount":250,"publisher":{"@id":"https:\/\/musicmedia.fi\/#organization"},"image":{"@id":"https:\/\/musicmedia.fi\/kulttuuripolitiikka-miten-korona-aika-siihen-vaikutti-ja-kuinka-tasta-eteenpain-tervetuloa-tutkimuksen-julkistustilaisuuteen\/#primaryimage"},"thumbnailUrl":"https:\/\/musicmedia.fi\/wp-content\/uploads\/2024\/04\/logo.jpeg","articleSection":["Vain suomeksi"],"inLanguage":"fi"},{"@type":"WebPage","@id":"https:\/\/musicmedia.fi\/kulttuuripolitiikka-miten-korona-aika-siihen-vaikutti-ja-kuinka-tasta-eteenpain-tervetuloa-tutkimuksen-julkistustilaisuuteen\/","url":"https:\/\/musicmedia.fi\/kulttuuripolitiikka-miten-korona-aika-siihen-vaikutti-ja-kuinka-tasta-eteenpain-tervetuloa-tutkimuksen-julkistustilaisuuteen\/","name":"Kulttuuripolitiikka, miten korona-aika siihen vaikutti ja kuinka t\u00e4st\u00e4 eteenp\u00e4in? Tervetuloa tutkimuksen julkistustilaisuuteen! - Music x Media","isPartOf":{"@id":"https:\/\/musicmedia.fi\/#website"},"primaryImageOfPage":{"@id":"https:\/\/musicmedia.fi\/kulttuuripolitiikka-miten-korona-aika-siihen-vaikutti-ja-kuinka-tasta-eteenpain-tervetuloa-tutkimuksen-julkistustilaisuuteen\/#primaryimage"},"image":{"@id":"https:\/\/musicmedia.fi\/kulttuuripolitiikka-miten-korona-aika-siihen-vaikutti-ja-kuinka-tasta-eteenpain-tervetuloa-tutkimuksen-julkistustilaisuuteen\/#primaryimage"},"thumbnailUrl":"https:\/\/musicmedia.fi\/wp-content\/uploads\/2024\/04\/logo.jpeg","datePublished":"2024-04-05T13:10:57+00:00","dateModified":"2024-04-18T06:52:59+00:00","breadcrumb":{"@id":"https:\/\/musicmedia.fi\/kulttuuripolitiikka-miten-korona-aika-siihen-vaikutti-ja-kuinka-tasta-eteenpain-tervetuloa-tutkimuksen-julkistustilaisuuteen\/#breadcrumb"},"inLanguage":"fi","potentialAction":[{"@type":"ReadAction","target":["https:\/\/musicmedia.fi\/kulttuuripolitiikka-miten-korona-aika-siihen-vaikutti-ja-kuinka-tasta-eteenpain-tervetuloa-tutkimuksen-julkistustilaisuuteen\/"]}]},{"@type":"ImageObject","inLanguage":"fi","@id":"https:\/\/musicmedia.fi\/kulttuuripolitiikka-miten-korona-aika-siihen-vaikutti-ja-kuinka-tasta-eteenpain-tervetuloa-tutkimuksen-julkistustilaisuuteen\/#primaryimage","url":"https:\/\/musicmedia.fi\/wp-content\/uploads\/2024\/04\/logo.jpeg","contentUrl":"https:\/\/musicmedia.fi\/wp-content\/uploads\/2024\/04\/logo.jpeg","width":1417,"height":443},{"@type":"BreadcrumbList","@id":"https:\/\/musicmedia.fi\/kulttuuripolitiikka-miten-korona-aika-siihen-vaikutti-ja-kuinka-tasta-eteenpain-tervetuloa-tutkimuksen-julkistustilaisuuteen\/#breadcrumb","itemListElement":[{"@type":"ListItem","position":1,"name":"Home","item":"https:\/\/musicmedia.fi\/"},{"@type":"ListItem","position":2,"name":"Kulttuuripolitiikka, miten korona-aika siihen vaikutti ja kuinka t\u00e4st\u00e4 eteenp\u00e4in? Tervetuloa tutkimuksen julkistustilaisuuteen!"}]},{"@type":"WebSite","@id":"https:\/\/musicmedia.fi\/#website","url":"https:\/\/musicmedia.fi\/","name":"Music x Media","description":"Musiikki-, viihde- ja tapahtuma-alojen kohtaamispaikka","publisher":{"@id":"https:\/\/musicmedia.fi\/#organization"},"potentialAction":[{"@type":"SearchAction","target":{"@type":"EntryPoint","urlTemplate":"https:\/\/musicmedia.fi\/?s={search_term_string}"},"query-input":{"@type":"PropertyValueSpecification","valueRequired":true,"valueName":"search_term_string"}}],"inLanguage":"fi"},{"@type":"Organization","@id":"https:\/\/musicmedia.fi\/#organization","name":"Music x Media","url":"https:\/\/musicmedia.fi\/","logo":{"@type":"ImageObject","inLanguage":"fi","@id":"https:\/\/musicmedia.fi\/#\/schema\/logo\/image\/","url":"https:\/\/musicmedia.fi\/wp-content\/uploads\/2022\/05\/logo.png","contentUrl":"https:\/\/musicmedia.fi\/wp-content\/uploads\/2022\/05\/logo.png","width":276,"height":147,"caption":"Music x Media"},"image":{"@id":"https:\/\/musicmedia.fi\/#\/schema\/logo\/image\/"}},{"@type":"Person","@id":"https:\/\/musicmedia.fi\/#\/schema\/person\/4d79763c56ccb5c8c01ae47497da967d","name":"info@musicmedia.fi","url":"https:\/\/musicmedia.fi\/fi\/author\/infomusicmedia-fi\/"}]}},"_links":{"self":[{"href":"https:\/\/musicmedia.fi\/fi\/wp-json\/wp\/v2\/posts\/6780","targetHints":{"allow":["GET"]}}],"collection":[{"href":"https:\/\/musicmedia.fi\/fi\/wp-json\/wp\/v2\/posts"}],"about":[{"href":"https:\/\/musicmedia.fi\/fi\/wp-json\/wp\/v2\/types\/post"}],"author":[{"embeddable":true,"href":"https:\/\/musicmedia.fi\/fi\/wp-json\/wp\/v2\/users\/11"}],"replies":[{"embeddable":true,"href":"https:\/\/musicmedia.fi\/fi\/wp-json\/wp\/v2\/comments?post=6780"}],"version-history":[{"count":5,"href":"https:\/\/musicmedia.fi\/fi\/wp-json\/wp\/v2\/posts\/6780\/revisions"}],"predecessor-version":[{"id":6811,"href":"https:\/\/musicmedia.fi\/fi\/wp-json\/wp\/v2\/posts\/6780\/revisions\/6811"}],"wp:featuredmedia":[{"embeddable":true,"href":"https:\/\/musicmedia.fi\/fi\/wp-json\/wp\/v2\/media\/6782"}],"wp:attachment":[{"href":"https:\/\/musicmedia.fi\/fi\/wp-json\/wp\/v2\/media?parent=6780"}],"wp:term":[{"taxonomy":"category","embeddable":true,"href":"https:\/\/musicmedia.fi\/fi\/wp-json\/wp\/v2\/categories?post=6780"},{"taxonomy":"post_tag","embeddable":true,"href":"https:\/\/musicmedia.fi\/fi\/wp-json\/wp\/v2\/tags?post=6780"}],"curies":[{"name":"wp","href":"https:\/\/api.w.org\/{rel}","templated":true}]}}