{"id":6730,"date":"2024-03-14T17:01:02","date_gmt":"2024-03-14T15:01:02","guid":{"rendered":"https:\/\/musicmedia.fi\/?p=6730"},"modified":"2024-11-04T10:37:01","modified_gmt":"2024-11-04T08:37:01","slug":"music-x-media-etsii-harjoittelijoita-syksyn-2024-tapahtumaan","status":"publish","type":"post","link":"https:\/\/musicmedia.fi\/fi\/music-x-media-etsii-harjoittelijoita-syksyn-2024-tapahtumaan\/","title":{"rendered":"Music x Media etsii harjoittelijoita syksyn 2024 tapahtumaan"},"content":{"rendered":"<p><span style=\"font-weight: 400;\">Suomen johtava musiikki-, viihde- ja tapahtuma-alan konferenssi Music x Media etsii 1-2 ty\u00f6harjoittelijaa tiimiins\u00e4 tekem\u00e4\u00e4n 2.-4.10.2024 Tampereella j\u00e4rjestett\u00e4v\u00e4\u00e4 tapahtumaa.<\/span><\/p>\n<p><span style=\"font-weight: 400;\">Tapahtuma rakentaa siltoja toimialojen v\u00e4lille ja edist\u00e4\u00e4 niiden v\u00e4list\u00e4 yhteisty\u00f6t\u00e4. Music x Media j\u00e4rjestettiin Tampereella ensimm\u00e4isen kerran vuonna 1989.<\/span> <span style=\"font-weight: 400;\">Samaan aikaan j\u00e4rjestett\u00e4v\u00e4 Music x Median showcase-festivaali <a href=\"https:\/\/lostinmusic.fi\/\" target=\"_blank\" rel=\"noopener\">Lost In Music<\/a> tuo yhteen uudet, nousevat artistit, b\u00e4ndit ja musiikin rakastajat.<\/span><\/p>\n<p><span style=\"font-weight: 400;\">Harjoittelijat osallistuvat monipuolisesti tapahtuman tuotantoon, teht\u00e4vien koostuessa p\u00e4\u00e4asiassa tapahtumien tuotannon ja\/tai viestinn\u00e4n avustavista teht\u00e4vist\u00e4.\u00a0<\/span><\/p>\n<p><span style=\"font-weight: 400;\">Paikkoja on p\u00e4\u00e4s\u00e4\u00e4nt\u00f6isesti kaksi, toinen ensisijassa tuotantoon ja toinen viestint\u00e4\u00e4n. Molemmissa rooleissa voidaan kuitenkin sivuta molempia osa-alueita.<\/span><\/p>\n<p><span style=\"font-weight: 400;\">Tuotannon harjoittelijan toimenkuvaan kuuluu esimerkiksi tuotannollisia koordinointi- ja yhteydenpitoteht\u00e4vi\u00e4 liittyen puhujiin sek\u00e4 tapahtumapaikan j\u00e4rjestelyihin ja erilaisiin muihin juokseviin teht\u00e4viin.<\/span><\/p>\n<p><span style=\"font-weight: 400;\">Viestinn\u00e4n harjoittelijan teht\u00e4viin voi kuulua mm. sosiaalisen median sis\u00e4ll\u00f6ntuotantoa, graafista suunnittelua tai tekstien kirjoittamista.<\/span><\/p>\n<p><span style=\"font-weight: 400;\">Harjoittelijoiden lopullista roolia tullaan painottamaan harjoittelijan omien taitojen ja toiveiden mukaan.\u00a0<\/span><\/p>\n<p><span style=\"font-weight: 400;\">Toivomme hakijoiden<\/span><\/p>\n<ul>\n<li><span style=\"font-weight: 400;\">olevan positiivisia, ratkaisukeskeisi\u00e4 ja itseohjautuvia luottotyyppej\u00e4<\/span><\/li>\n<li><span style=\"font-weight: 400;\">kykenev\u00e4n toimimaan paineen alla<\/span><\/li>\n<li><span style=\"font-weight: 400;\">viestiv\u00e4n sujuvasti suomeksi ja englanniksi, kirjallisesti sek\u00e4 suullisesti<\/span><\/li>\n<li><span style=\"font-weight: 400;\">toimivan rohkeasti erilaisten ihmisten kanssa ja erilaisissa ymp\u00e4rist\u00f6iss\u00e4<\/span><\/li>\n<li><span style=\"font-weight: 400;\">rakastavan kulttuuria ja tapahtumia!<\/span><\/li>\n<\/ul>\n<p><span style=\"font-weight: 400;\">Music x Median harjoittelujakson kesto on noin 2-3 kuukautta, ajoittuen osittain osa-aikaisesti kev\u00e4\u00e4lle\/kes\u00e4lle ja p\u00e4\u00e4ttyen lokakuuhun. P\u00e4\u00e4asiallisesti suurin osa ty\u00f6ajasta sijoittuu elo-syyskuulle ja lokakuun alkuun.<\/span><\/p>\n<p><span style=\"font-weight: 400;\">Harjoittelun kestoa, osa-aikaisuuden jakautumista ja aloitus- sek\u00e4 lopetusaikaa voidaan m\u00e4\u00e4ritell\u00e4 harjoittelijan oman ty\u00f6- tai opiskelutilanteen mukaan.<\/span><\/p>\n<p><span style=\"font-weight: 400;\">Viime vuoden viestinn\u00e4n harjoittelija Miia sanoo harjoittelustaan n\u00e4in:<\/span><\/p>\n<p><span style=\"font-weight: 400;\">\u201cOpin todella paljon uutta tapahtumatuottamisesta ja -viestinn\u00e4st\u00e4 sek\u00e4 sen eri vaiheista. P\u00e4\u00e4sin tekem\u00e4\u00e4n monipuolisesti viestinn\u00e4n eri teht\u00e4vi\u00e4 sek\u00e4 kehitt\u00e4m\u00e4\u00e4n itse\u00e4ni niiden saralla. Parasta harjoittelussa oli ehdottomasti meid\u00e4n loistava tiimi ja kovan ty\u00f6n huipennus eli itse Music x Media -tapahtuma!\u201d<\/span><\/p>\n<p><span style=\"font-weight: 400;\">Kolmip\u00e4iv\u00e4isess\u00e4 Music x Media ja Lost in Music -tapahtumassa inspiroidutaan ajankohtaisista keskusteluista ja musiikista, vauhditetaan liiketoimintaa ja verkostoidutaan. Lokakuussa Tampereelle odotetaan yli 1 500 konferenssiosallistujaa, tuhansia uuden musiikin yst\u00e4vi\u00e4, yli 100 puhujaa sek\u00e4 artisteja.<\/span><\/p>\n<p><span style=\"font-weight: 400;\">Tapahtuman ennakkotuotanto tapahtuu p\u00e4\u00e4s\u00e4\u00e4nt\u00f6isesti Helsingiss\u00e4, osan ty\u00f6skentelyst\u00e4 ollen et\u00e4ty\u00f6t\u00e4, mutta Helsingiss\u00e4 asuminen ei ole v\u00e4ltt\u00e4m\u00e4t\u00f6nt\u00e4. Tapahtumaviikolla koko tiimi ty\u00f6skentelee Tampereella. Harjoittelun kestoa, ajankohtaa ja paikkaa on mahdollista muokata harjoittelijan omien aikataulujen mukaan.\u00a0<\/span><\/p>\n<p><span style=\"font-weight: 400;\">T\u00e4yt\u00e4 <a href=\"https:\/\/docs.google.com\/forms\/d\/e\/1FAIpQLSeuTe9nufCdoVRj2nzu1OPRRda1zn62HNo7FROgZvGoZTh3Hg\/viewform?usp=sf_link\" target=\"_blank\" rel=\"noopener\">hakulomake<\/a> ja liit\u00e4 mukaan CV:si 1.4.2024 menness\u00e4.<\/span><\/p>\n<p><span style=\"font-weight: 400;\">Kysytt\u00e4v\u00e4\u00e4? Voit olla yhteyksiss\u00e4:<\/span><\/p>\n<p><span style=\"font-weight: 400;\">Music x Media, Petra Kyt\u00f6l\u00e4, petra.kytola@musicmedia.fi \/ 0505010148<\/span><\/p>\n<p>&nbsp;<\/p>\n","protected":false},"excerpt":{"rendered":"<p>Suomen johtava musiikki-, viihde- ja tapahtuma-alan konferenssi Music x Media etsii 1-2 ty\u00f6harjoittelijaa tiimiins\u00e4 tekem\u00e4\u00e4n 2.-4.10.2024 Tampereella j\u00e4rjestett\u00e4v\u00e4\u00e4 tapahtumaa. Tapahtuma rakentaa siltoja toimialojen v\u00e4lille ja edist\u00e4\u00e4 niiden v\u00e4list\u00e4 yhteisty\u00f6t\u00e4. Music x Media j\u00e4rjestettiin Tampereella ensimm\u00e4isen kerran vuonna 1989. Samaan aikaan j\u00e4rjestett\u00e4v\u00e4 Music x Median showcase-festivaali Lost In Music tuo yhteen uudet, nousevat artistit, b\u00e4ndit ja [&hellip;]<\/p>\n","protected":false},"author":11,"featured_media":6731,"comment_status":"closed","ping_status":"open","sticky":false,"template":"","format":"standard","meta":{"_acf_changed":false,"inline_featured_image":false,"footnotes":""},"categories":[756],"tags":[],"class_list":["post-6730","post","type-post","status-publish","format-standard","has-post-thumbnail","hentry","category-vain-suomeksi"],"acf":[],"yoast_head":"<!-- This site is optimized with the Yoast SEO plugin v25.7 - https:\/\/yoast.com\/wordpress\/plugins\/seo\/ -->\n<title>Music x Media etsii harjoittelijoita syksyn 2024 tapahtumaan - Music x Media<\/title>\n<meta name=\"robots\" content=\"index, follow, max-snippet:-1, max-image-preview:large, max-video-preview:-1\" \/>\n<link rel=\"canonical\" href=\"https:\/\/musicmedia.fi\/fi\/music-x-media-etsii-harjoittelijoita-syksyn-2024-tapahtumaan\/\" \/>\n<meta property=\"og:locale\" content=\"fi_FI\" \/>\n<meta property=\"og:type\" content=\"article\" \/>\n<meta property=\"og:title\" content=\"Music x Media etsii harjoittelijoita syksyn 2024 tapahtumaan - Music x Media\" \/>\n<meta property=\"og:description\" content=\"Suomen johtava musiikki-, viihde- ja tapahtuma-alan konferenssi Music x Media etsii 1-2 ty\u00f6harjoittelijaa tiimiins\u00e4 tekem\u00e4\u00e4n 2.-4.10.2024 Tampereella j\u00e4rjestett\u00e4v\u00e4\u00e4 tapahtumaa. Tapahtuma rakentaa siltoja toimialojen v\u00e4lille ja edist\u00e4\u00e4 niiden v\u00e4list\u00e4 yhteisty\u00f6t\u00e4. Music x Media j\u00e4rjestettiin Tampereella ensimm\u00e4isen kerran vuonna 1989. Samaan aikaan j\u00e4rjestett\u00e4v\u00e4 Music x Median showcase-festivaali Lost In Music tuo yhteen uudet, nousevat artistit, b\u00e4ndit ja [&hellip;]\" \/>\n<meta property=\"og:url\" content=\"https:\/\/musicmedia.fi\/fi\/music-x-media-etsii-harjoittelijoita-syksyn-2024-tapahtumaan\/\" \/>\n<meta property=\"og:site_name\" content=\"Music x Media\" \/>\n<meta property=\"article:published_time\" content=\"2024-03-14T15:01:02+00:00\" \/>\n<meta property=\"article:modified_time\" content=\"2024-11-04T08:37:01+00:00\" \/>\n<meta property=\"og:image\" content=\"https:\/\/musicmedia.fi\/wp-content\/uploads\/2024\/03\/53247021797_f00069d4e0_o.jpg\" \/>\n\t<meta property=\"og:image:width\" content=\"2112\" \/>\n\t<meta property=\"og:image:height\" content=\"1600\" \/>\n\t<meta property=\"og:image:type\" content=\"image\/jpeg\" \/>\n<meta name=\"author\" content=\"info@musicmedia.fi\" \/>\n<meta name=\"twitter:card\" content=\"summary_large_image\" \/>\n<meta name=\"twitter:label1\" content=\"Kirjoittanut\" \/>\n\t<meta name=\"twitter:data1\" content=\"info@musicmedia.fi\" \/>\n\t<meta name=\"twitter:label2\" content=\"Arvioitu lukuaika\" \/>\n\t<meta name=\"twitter:data2\" content=\"3 minuuttia\" \/>\n<script type=\"application\/ld+json\" class=\"yoast-schema-graph\">{\"@context\":\"https:\/\/schema.org\",\"@graph\":[{\"@type\":\"Article\",\"@id\":\"https:\/\/musicmedia.fi\/music-x-media-etsii-harjoittelijoita-syksyn-2024-tapahtumaan\/#article\",\"isPartOf\":{\"@id\":\"https:\/\/musicmedia.fi\/music-x-media-etsii-harjoittelijoita-syksyn-2024-tapahtumaan\/\"},\"author\":{\"name\":\"info@musicmedia.fi\",\"@id\":\"https:\/\/musicmedia.fi\/#\/schema\/person\/4d79763c56ccb5c8c01ae47497da967d\"},\"headline\":\"Music x Media etsii harjoittelijoita syksyn 2024 tapahtumaan\",\"datePublished\":\"2024-03-14T15:01:02+00:00\",\"dateModified\":\"2024-11-04T08:37:01+00:00\",\"mainEntityOfPage\":{\"@id\":\"https:\/\/musicmedia.fi\/music-x-media-etsii-harjoittelijoita-syksyn-2024-tapahtumaan\/\"},\"wordCount\":412,\"publisher\":{\"@id\":\"https:\/\/musicmedia.fi\/#organization\"},\"image\":{\"@id\":\"https:\/\/musicmedia.fi\/music-x-media-etsii-harjoittelijoita-syksyn-2024-tapahtumaan\/#primaryimage\"},\"thumbnailUrl\":\"https:\/\/musicmedia.fi\/wp-content\/uploads\/2024\/03\/53247021797_f00069d4e0_o.jpg\",\"articleSection\":[\"Vain suomeksi\"],\"inLanguage\":\"fi\"},{\"@type\":\"WebPage\",\"@id\":\"https:\/\/musicmedia.fi\/music-x-media-etsii-harjoittelijoita-syksyn-2024-tapahtumaan\/\",\"url\":\"https:\/\/musicmedia.fi\/music-x-media-etsii-harjoittelijoita-syksyn-2024-tapahtumaan\/\",\"name\":\"Music x Media etsii harjoittelijoita syksyn 2024 tapahtumaan - Music x Media\",\"isPartOf\":{\"@id\":\"https:\/\/musicmedia.fi\/#website\"},\"primaryImageOfPage\":{\"@id\":\"https:\/\/musicmedia.fi\/music-x-media-etsii-harjoittelijoita-syksyn-2024-tapahtumaan\/#primaryimage\"},\"image\":{\"@id\":\"https:\/\/musicmedia.fi\/music-x-media-etsii-harjoittelijoita-syksyn-2024-tapahtumaan\/#primaryimage\"},\"thumbnailUrl\":\"https:\/\/musicmedia.fi\/wp-content\/uploads\/2024\/03\/53247021797_f00069d4e0_o.jpg\",\"datePublished\":\"2024-03-14T15:01:02+00:00\",\"dateModified\":\"2024-11-04T08:37:01+00:00\",\"breadcrumb\":{\"@id\":\"https:\/\/musicmedia.fi\/music-x-media-etsii-harjoittelijoita-syksyn-2024-tapahtumaan\/#breadcrumb\"},\"inLanguage\":\"fi\",\"potentialAction\":[{\"@type\":\"ReadAction\",\"target\":[\"https:\/\/musicmedia.fi\/music-x-media-etsii-harjoittelijoita-syksyn-2024-tapahtumaan\/\"]}]},{\"@type\":\"ImageObject\",\"inLanguage\":\"fi\",\"@id\":\"https:\/\/musicmedia.fi\/music-x-media-etsii-harjoittelijoita-syksyn-2024-tapahtumaan\/#primaryimage\",\"url\":\"https:\/\/musicmedia.fi\/wp-content\/uploads\/2024\/03\/53247021797_f00069d4e0_o.jpg\",\"contentUrl\":\"https:\/\/musicmedia.fi\/wp-content\/uploads\/2024\/03\/53247021797_f00069d4e0_o.jpg\",\"width\":2112,\"height\":1600},{\"@type\":\"BreadcrumbList\",\"@id\":\"https:\/\/musicmedia.fi\/music-x-media-etsii-harjoittelijoita-syksyn-2024-tapahtumaan\/#breadcrumb\",\"itemListElement\":[{\"@type\":\"ListItem\",\"position\":1,\"name\":\"Home\",\"item\":\"https:\/\/musicmedia.fi\/\"},{\"@type\":\"ListItem\",\"position\":2,\"name\":\"Music x Media etsii harjoittelijoita syksyn 2024 tapahtumaan\"}]},{\"@type\":\"WebSite\",\"@id\":\"https:\/\/musicmedia.fi\/#website\",\"url\":\"https:\/\/musicmedia.fi\/\",\"name\":\"Music x Media\",\"description\":\"Musiikki-, viihde- ja tapahtuma-alojen kohtaamispaikka\",\"publisher\":{\"@id\":\"https:\/\/musicmedia.fi\/#organization\"},\"potentialAction\":[{\"@type\":\"SearchAction\",\"target\":{\"@type\":\"EntryPoint\",\"urlTemplate\":\"https:\/\/musicmedia.fi\/?s={search_term_string}\"},\"query-input\":{\"@type\":\"PropertyValueSpecification\",\"valueRequired\":true,\"valueName\":\"search_term_string\"}}],\"inLanguage\":\"fi\"},{\"@type\":\"Organization\",\"@id\":\"https:\/\/musicmedia.fi\/#organization\",\"name\":\"Music x Media\",\"url\":\"https:\/\/musicmedia.fi\/\",\"logo\":{\"@type\":\"ImageObject\",\"inLanguage\":\"fi\",\"@id\":\"https:\/\/musicmedia.fi\/#\/schema\/logo\/image\/\",\"url\":\"https:\/\/musicmedia.fi\/wp-content\/uploads\/2022\/05\/logo.png\",\"contentUrl\":\"https:\/\/musicmedia.fi\/wp-content\/uploads\/2022\/05\/logo.png\",\"width\":276,\"height\":147,\"caption\":\"Music x Media\"},\"image\":{\"@id\":\"https:\/\/musicmedia.fi\/#\/schema\/logo\/image\/\"}},{\"@type\":\"Person\",\"@id\":\"https:\/\/musicmedia.fi\/#\/schema\/person\/4d79763c56ccb5c8c01ae47497da967d\",\"name\":\"info@musicmedia.fi\",\"url\":\"https:\/\/musicmedia.fi\/fi\/author\/infomusicmedia-fi\/\"}]}<\/script>\n<!-- \/ Yoast SEO plugin. -->","yoast_head_json":{"title":"Music x Media etsii harjoittelijoita syksyn 2024 tapahtumaan - Music x Media","robots":{"index":"index","follow":"follow","max-snippet":"max-snippet:-1","max-image-preview":"max-image-preview:large","max-video-preview":"max-video-preview:-1"},"canonical":"https:\/\/musicmedia.fi\/fi\/music-x-media-etsii-harjoittelijoita-syksyn-2024-tapahtumaan\/","og_locale":"fi_FI","og_type":"article","og_title":"Music x Media etsii harjoittelijoita syksyn 2024 tapahtumaan - Music x Media","og_description":"Suomen johtava musiikki-, viihde- ja tapahtuma-alan konferenssi Music x Media etsii 1-2 ty\u00f6harjoittelijaa tiimiins\u00e4 tekem\u00e4\u00e4n 2.-4.10.2024 Tampereella j\u00e4rjestett\u00e4v\u00e4\u00e4 tapahtumaa. Tapahtuma rakentaa siltoja toimialojen v\u00e4lille ja edist\u00e4\u00e4 niiden v\u00e4list\u00e4 yhteisty\u00f6t\u00e4. Music x Media j\u00e4rjestettiin Tampereella ensimm\u00e4isen kerran vuonna 1989. Samaan aikaan j\u00e4rjestett\u00e4v\u00e4 Music x Median showcase-festivaali Lost In Music tuo yhteen uudet, nousevat artistit, b\u00e4ndit ja [&hellip;]","og_url":"https:\/\/musicmedia.fi\/fi\/music-x-media-etsii-harjoittelijoita-syksyn-2024-tapahtumaan\/","og_site_name":"Music x Media","article_published_time":"2024-03-14T15:01:02+00:00","article_modified_time":"2024-11-04T08:37:01+00:00","og_image":[{"width":2112,"height":1600,"url":"https:\/\/musicmedia.fi\/wp-content\/uploads\/2024\/03\/53247021797_f00069d4e0_o.jpg","type":"image\/jpeg"}],"author":"info@musicmedia.fi","twitter_card":"summary_large_image","twitter_misc":{"Kirjoittanut":"info@musicmedia.fi","Arvioitu lukuaika":"3 minuuttia"},"schema":{"@context":"https:\/\/schema.org","@graph":[{"@type":"Article","@id":"https:\/\/musicmedia.fi\/music-x-media-etsii-harjoittelijoita-syksyn-2024-tapahtumaan\/#article","isPartOf":{"@id":"https:\/\/musicmedia.fi\/music-x-media-etsii-harjoittelijoita-syksyn-2024-tapahtumaan\/"},"author":{"name":"info@musicmedia.fi","@id":"https:\/\/musicmedia.fi\/#\/schema\/person\/4d79763c56ccb5c8c01ae47497da967d"},"headline":"Music x Media etsii harjoittelijoita syksyn 2024 tapahtumaan","datePublished":"2024-03-14T15:01:02+00:00","dateModified":"2024-11-04T08:37:01+00:00","mainEntityOfPage":{"@id":"https:\/\/musicmedia.fi\/music-x-media-etsii-harjoittelijoita-syksyn-2024-tapahtumaan\/"},"wordCount":412,"publisher":{"@id":"https:\/\/musicmedia.fi\/#organization"},"image":{"@id":"https:\/\/musicmedia.fi\/music-x-media-etsii-harjoittelijoita-syksyn-2024-tapahtumaan\/#primaryimage"},"thumbnailUrl":"https:\/\/musicmedia.fi\/wp-content\/uploads\/2024\/03\/53247021797_f00069d4e0_o.jpg","articleSection":["Vain suomeksi"],"inLanguage":"fi"},{"@type":"WebPage","@id":"https:\/\/musicmedia.fi\/music-x-media-etsii-harjoittelijoita-syksyn-2024-tapahtumaan\/","url":"https:\/\/musicmedia.fi\/music-x-media-etsii-harjoittelijoita-syksyn-2024-tapahtumaan\/","name":"Music x Media etsii harjoittelijoita syksyn 2024 tapahtumaan - Music x Media","isPartOf":{"@id":"https:\/\/musicmedia.fi\/#website"},"primaryImageOfPage":{"@id":"https:\/\/musicmedia.fi\/music-x-media-etsii-harjoittelijoita-syksyn-2024-tapahtumaan\/#primaryimage"},"image":{"@id":"https:\/\/musicmedia.fi\/music-x-media-etsii-harjoittelijoita-syksyn-2024-tapahtumaan\/#primaryimage"},"thumbnailUrl":"https:\/\/musicmedia.fi\/wp-content\/uploads\/2024\/03\/53247021797_f00069d4e0_o.jpg","datePublished":"2024-03-14T15:01:02+00:00","dateModified":"2024-11-04T08:37:01+00:00","breadcrumb":{"@id":"https:\/\/musicmedia.fi\/music-x-media-etsii-harjoittelijoita-syksyn-2024-tapahtumaan\/#breadcrumb"},"inLanguage":"fi","potentialAction":[{"@type":"ReadAction","target":["https:\/\/musicmedia.fi\/music-x-media-etsii-harjoittelijoita-syksyn-2024-tapahtumaan\/"]}]},{"@type":"ImageObject","inLanguage":"fi","@id":"https:\/\/musicmedia.fi\/music-x-media-etsii-harjoittelijoita-syksyn-2024-tapahtumaan\/#primaryimage","url":"https:\/\/musicmedia.fi\/wp-content\/uploads\/2024\/03\/53247021797_f00069d4e0_o.jpg","contentUrl":"https:\/\/musicmedia.fi\/wp-content\/uploads\/2024\/03\/53247021797_f00069d4e0_o.jpg","width":2112,"height":1600},{"@type":"BreadcrumbList","@id":"https:\/\/musicmedia.fi\/music-x-media-etsii-harjoittelijoita-syksyn-2024-tapahtumaan\/#breadcrumb","itemListElement":[{"@type":"ListItem","position":1,"name":"Home","item":"https:\/\/musicmedia.fi\/"},{"@type":"ListItem","position":2,"name":"Music x Media etsii harjoittelijoita syksyn 2024 tapahtumaan"}]},{"@type":"WebSite","@id":"https:\/\/musicmedia.fi\/#website","url":"https:\/\/musicmedia.fi\/","name":"Music x Media","description":"Musiikki-, viihde- ja tapahtuma-alojen kohtaamispaikka","publisher":{"@id":"https:\/\/musicmedia.fi\/#organization"},"potentialAction":[{"@type":"SearchAction","target":{"@type":"EntryPoint","urlTemplate":"https:\/\/musicmedia.fi\/?s={search_term_string}"},"query-input":{"@type":"PropertyValueSpecification","valueRequired":true,"valueName":"search_term_string"}}],"inLanguage":"fi"},{"@type":"Organization","@id":"https:\/\/musicmedia.fi\/#organization","name":"Music x Media","url":"https:\/\/musicmedia.fi\/","logo":{"@type":"ImageObject","inLanguage":"fi","@id":"https:\/\/musicmedia.fi\/#\/schema\/logo\/image\/","url":"https:\/\/musicmedia.fi\/wp-content\/uploads\/2022\/05\/logo.png","contentUrl":"https:\/\/musicmedia.fi\/wp-content\/uploads\/2022\/05\/logo.png","width":276,"height":147,"caption":"Music x Media"},"image":{"@id":"https:\/\/musicmedia.fi\/#\/schema\/logo\/image\/"}},{"@type":"Person","@id":"https:\/\/musicmedia.fi\/#\/schema\/person\/4d79763c56ccb5c8c01ae47497da967d","name":"info@musicmedia.fi","url":"https:\/\/musicmedia.fi\/fi\/author\/infomusicmedia-fi\/"}]}},"_links":{"self":[{"href":"https:\/\/musicmedia.fi\/fi\/wp-json\/wp\/v2\/posts\/6730","targetHints":{"allow":["GET"]}}],"collection":[{"href":"https:\/\/musicmedia.fi\/fi\/wp-json\/wp\/v2\/posts"}],"about":[{"href":"https:\/\/musicmedia.fi\/fi\/wp-json\/wp\/v2\/types\/post"}],"author":[{"embeddable":true,"href":"https:\/\/musicmedia.fi\/fi\/wp-json\/wp\/v2\/users\/11"}],"replies":[{"embeddable":true,"href":"https:\/\/musicmedia.fi\/fi\/wp-json\/wp\/v2\/comments?post=6730"}],"version-history":[{"count":6,"href":"https:\/\/musicmedia.fi\/fi\/wp-json\/wp\/v2\/posts\/6730\/revisions"}],"predecessor-version":[{"id":6745,"href":"https:\/\/musicmedia.fi\/fi\/wp-json\/wp\/v2\/posts\/6730\/revisions\/6745"}],"wp:featuredmedia":[{"embeddable":true,"href":"https:\/\/musicmedia.fi\/fi\/wp-json\/wp\/v2\/media\/6731"}],"wp:attachment":[{"href":"https:\/\/musicmedia.fi\/fi\/wp-json\/wp\/v2\/media?parent=6730"}],"wp:term":[{"taxonomy":"category","embeddable":true,"href":"https:\/\/musicmedia.fi\/fi\/wp-json\/wp\/v2\/categories?post=6730"},{"taxonomy":"post_tag","embeddable":true,"href":"https:\/\/musicmedia.fi\/fi\/wp-json\/wp\/v2\/tags?post=6730"}],"curies":[{"name":"wp","href":"https:\/\/api.w.org\/{rel}","templated":true}]}}