{"id":6716,"date":"2024-03-05T15:18:36","date_gmt":"2024-03-05T13:18:36","guid":{"rendered":"https:\/\/musicmedia.fi\/?p=6716"},"modified":"2024-11-04T10:37:02","modified_gmt":"2024-11-04T08:37:02","slug":"ensimmainen-kasvusopimus-luoville-monistettaville-sisaltoaloille","status":"publish","type":"post","link":"https:\/\/musicmedia.fi\/fi\/ensimmainen-kasvusopimus-luoville-monistettaville-sisaltoaloille\/","title":{"rendered":"Ensimm\u00e4inen kasvusopimus luoville monistettaville sis\u00e4lt\u00f6aloille"},"content":{"rendered":"<p class=\"p1\"><strong><span class=\"s1\">Musiikki-, kirjallisuus- ja peliala kasvavat yhteisty\u00f6n avulla\u00a0<\/span><\/strong><\/p>\n<p class=\"p3\"><span class=\"s1\">T\u00e4n\u00e4\u00e4n 5. maaliskuuta julkaistu ensimm\u00e4inen kasvusopimus on uudenlainen dialogi- ja yhteisty\u00f6malli julkisen sektorin ja luovien alojen yritysten v\u00e4lill\u00e4, jossa otetaan huomioon kokonaisvaltaisesti alan eri ulottuvuudet. <a href=\"https:\/\/julkaisut.valtioneuvosto.fi\/handle\/10024\/165476\" target=\"_blank\" rel=\"noopener\">Kasvusopimus<\/a> on my\u00f6s konkreettinen toimintasuunnitelma, jossa julkinen sektori ja eri toimialojen edustajat m\u00e4\u00e4rittelev\u00e4t yhdess\u00e4 alan tulevaisuuden kasvu- ja kehitystavoitteet sek\u00e4 liiketoimintamahdollisuudet. Kasvusopimuksella edistet\u00e4\u00e4n julkisen sektorin ja musiikki-, kirjallisuus- sek\u00e4 pelialan jatkuvaa tavoitteellista vuoropuhelua.<\/span><\/p>\n<p class=\"p3\"><span class=\"s1\">Monistettavien sis\u00e4lt\u00f6alojen kasvusopimusprojektissa on rakennettu samaan aikaan useamman luovan sis\u00e4lt\u00f6alan yhteisi\u00e4 kasvun rakenteita, tavoitteita ja niit\u00e4 edist\u00e4vi\u00e4 toimenpiteit\u00e4. Monistettavien luovien alojen kasvusopimusprosessissa kokonaisuuden suunnitteluun on osallistunut satoja yrityksi\u00e4 musiikki-, kirjallisuus- ja pelialalta. Monistettaviin sis\u00e4lt\u00f6ihin tyypillisesti kuuluva AV-ala julkaisi oman <a href=\"https:\/\/www.kasvusopimus.fi\/\">kasvusopimuksensa<\/a> jo vuonna 2023.<\/span><\/p>\n<p class=\"p3\"><span class=\"s1\"><b>Kasvusopimuksen p\u00e4\u00e4tavoitteet<\/b><\/span><\/p>\n<p class=\"p3\"><span class=\"s1\">Monistettavien sis\u00e4lt\u00f6jen alojen kasvusopimukselle on muodostettu visio, tavoitteet, tavoitteita tukevat toimenpiteet sek\u00e4 alustava kasvun mittaristo. Lis\u00e4ksi projektissa on hahmoteltu my\u00f6s laajemmin eri luovien alojen kasvusopimuksien toimintaperiaatteita. On t\u00e4rke\u00e4\u00e4, ett\u00e4 yksitt\u00e4isist\u00e4 kasvusopimuksista muodostuu looginen kokonaisuus ja toiminnat t\u00e4ydent\u00e4v\u00e4t toisiaan. T\u00e4m\u00e4 tarkoittaa yhteist\u00e4 kasvusopimuksien tavoitteiden asettamista ja tuloksien seurantaa.<\/span><\/p>\n<p class=\"p4\"><span class=\"s2\">Nyt julkistettavassa monistettavien sis\u00e4lt\u00f6alojen kasvusopimuksen tavoitteissa nostetaan esille <strong>kuusi p\u00e4\u00e4tavoitetta<\/strong>:<\/span><\/p>\n<ol>\n<li><span class=\"s1\">Kehit\u00e4mme suomalaisten IP-oikeuksien jalostusastetta korkeammaksi ja mahdollistamme oikeuksien paremman jatkohy\u00f6dynt\u00e4misen.<br \/>\n<\/span><\/li>\n<li><span class=\"s1\">Panostamme j\u00e4rjestelm\u00e4llisesti kansainv\u00e4liseen n\u00e4kyvyyteen.<br \/>\n<\/span><\/li>\n<li><span class=\"s1\">Kehit\u00e4mme koulutustoimijoiden ja luovan alan yritysten v\u00e4list\u00e4 yhteisty\u00f6t\u00e4 ja osaamistarpeiden tunnistamista.<br \/>\n<\/span><\/li>\n<li><span class=\"s1\">Luomme uusia alustoja toimijoiden kohtaamiselle, dialogille ja toimialarajat ylitt\u00e4v\u00e4lle yhteisty\u00f6lle.<br \/>\n<\/span><\/li>\n<li><span class=\"s1\">Muodostamme kasvulle KPI-mittarit (Key Performance Indicators) ja asetamme kasvun vertailuluvut (delta).<br \/>\n<\/span><\/li>\n<li><span class=\"s1\">Seuraamme ja mittaamme tuloksia.<br \/>\n<\/span><\/li>\n<\/ol>\n<p class=\"p8\"><span class=\"s2\">Kaikkien tavoitteiden osalta t\u00e4rkeint\u00e4 on toimialojen halu kehitt\u00e4\u00e4 yhteisty\u00f6t\u00e4, tarjota yrityksille ja eri toimijoille tilaisuuksia ja alustoja, kuten Music x Media, kohtaamisille sek\u00e4 mahdollisuus investoida yhteiseen innovaatiokehitykseen toimialarajat ylitt\u00e4vill\u00e4 projekteilla.<\/span><\/p>\n<p class=\"p8\"><span class=\"s2\"><b>Kasvatetaan Suomen aineetonta p\u00e4\u00e4omaa yhdess\u00e4<\/b><\/span><\/p>\n<p class=\"p8\"><span class=\"s2\">Tavoitteena on, ett\u00e4 Suomesta kasvaa luovan teollisuuden osalta aineettoman p\u00e4\u00e4oman jatkojalostaja, ei raaka-ainetalous. T\u00e4m\u00e4 tarkoittaa esimerkiksi laajempaa immateriaalioikeuksien omistusta suomalaisissa luovan teollisuuden yrityksiss\u00e4. N\u00e4in pystymme hy\u00f6dynt\u00e4m\u00e4\u00e4n oikeuksien k\u00e4ytt\u00f6\u00e4 laajemmin ja pidemp\u00e4\u00e4n kuin yksitt\u00e4isen\u00e4 projektina ja sen tuotantona.\u00a0<\/span><\/p>\n<p class=\"p8\"><span class=\"s2\">Kun maailma on siirtym\u00e4ss\u00e4 yh\u00e4 kiihtyv\u00e4mmin savupiipputeollisuudesta el\u00e4myksien, kokemusten ja aineettomien hy\u00f6dykkeiden arvoon perustuvaan talouteen, t\u00e4m\u00e4 siirtym\u00e4 tulee olemaan Suomen tulevaisuuden kilpailukyvyn kannalta kriittisen t\u00e4rke\u00e4 tavoite.<\/span><\/p>\n<p class=\"p9\"><span class=\"s4\">Aineettoman p\u00e4\u00e4oman hy\u00f6dynt\u00e4misess\u00e4 on paljon potentiaalia. Muun muassa <\/span><span class=\"s2\">Etlan tuoreen <a href=\"https:\/\/www.etla.fi\/ajankohtaista\/uutiset-ja-tiedotteet\/etla-suomi-on-ruotsiin-verrattuna-surkimus-aineettomiin-tuotannontekijoihin-investoimisessa-ja-niiden-hyodyntamisessa\/\" target=\"_blank\" rel=\"noopener\">tutkimuksen<\/a> mukaan Ruotsi saa merkitt\u00e4v\u00e4sti Suomea enemm\u00e4n irti aineettomiin oikeuksiin liittyvist\u00e4 innovaatioista. Ruotsissa on Suomeen verrattuna nelinkertainen aineeton p\u00e4\u00e4omakanta ja Etla vertaa Suomea aineettomien p\u00e4\u00e4omien hy\u00f6dynt\u00e4misess\u00e4 \u201csurkimukseksi\u201d Ruotsiin verrattuna.<\/span><\/p>\n","protected":false},"excerpt":{"rendered":"<p>Musiikki-, kirjallisuus- ja peliala kasvavat yhteisty\u00f6n avulla\u00a0 T\u00e4n\u00e4\u00e4n 5. maaliskuuta julkaistu ensimm\u00e4inen kasvusopimus on uudenlainen dialogi- ja yhteisty\u00f6malli julkisen sektorin ja luovien alojen yritysten v\u00e4lill\u00e4, jossa otetaan huomioon kokonaisvaltaisesti alan eri ulottuvuudet. Kasvusopimus on my\u00f6s konkreettinen toimintasuunnitelma, jossa julkinen sektori ja eri toimialojen edustajat m\u00e4\u00e4rittelev\u00e4t yhdess\u00e4 alan tulevaisuuden kasvu- ja kehitystavoitteet sek\u00e4 liiketoimintamahdollisuudet. Kasvusopimuksella edistet\u00e4\u00e4n [&hellip;]<\/p>\n","protected":false},"author":11,"featured_media":6717,"comment_status":"closed","ping_status":"open","sticky":false,"template":"","format":"standard","meta":{"_acf_changed":false,"inline_featured_image":false,"footnotes":""},"categories":[756],"tags":[],"class_list":["post-6716","post","type-post","status-publish","format-standard","has-post-thumbnail","hentry","category-vain-suomeksi"],"acf":[],"yoast_head":"<!-- This site is optimized with the Yoast SEO plugin v25.7 - https:\/\/yoast.com\/wordpress\/plugins\/seo\/ -->\n<title>Ensimm\u00e4inen kasvusopimus luoville monistettaville sis\u00e4lt\u00f6aloille - Music x Media<\/title>\n<meta name=\"robots\" content=\"index, follow, max-snippet:-1, max-image-preview:large, max-video-preview:-1\" \/>\n<link rel=\"canonical\" href=\"https:\/\/musicmedia.fi\/fi\/ensimmainen-kasvusopimus-luoville-monistettaville-sisaltoaloille\/\" \/>\n<meta property=\"og:locale\" content=\"fi_FI\" \/>\n<meta property=\"og:type\" content=\"article\" \/>\n<meta property=\"og:title\" content=\"Ensimm\u00e4inen kasvusopimus luoville monistettaville sis\u00e4lt\u00f6aloille - Music x Media\" \/>\n<meta property=\"og:description\" content=\"Musiikki-, kirjallisuus- ja peliala kasvavat yhteisty\u00f6n avulla\u00a0 T\u00e4n\u00e4\u00e4n 5. maaliskuuta julkaistu ensimm\u00e4inen kasvusopimus on uudenlainen dialogi- ja yhteisty\u00f6malli julkisen sektorin ja luovien alojen yritysten v\u00e4lill\u00e4, jossa otetaan huomioon kokonaisvaltaisesti alan eri ulottuvuudet. Kasvusopimus on my\u00f6s konkreettinen toimintasuunnitelma, jossa julkinen sektori ja eri toimialojen edustajat m\u00e4\u00e4rittelev\u00e4t yhdess\u00e4 alan tulevaisuuden kasvu- ja kehitystavoitteet sek\u00e4 liiketoimintamahdollisuudet. Kasvusopimuksella edistet\u00e4\u00e4n [&hellip;]\" \/>\n<meta property=\"og:url\" content=\"https:\/\/musicmedia.fi\/fi\/ensimmainen-kasvusopimus-luoville-monistettaville-sisaltoaloille\/\" \/>\n<meta property=\"og:site_name\" content=\"Music x Media\" \/>\n<meta property=\"article:published_time\" content=\"2024-03-05T13:18:36+00:00\" \/>\n<meta property=\"article:modified_time\" content=\"2024-11-04T08:37:02+00:00\" \/>\n<meta property=\"og:image\" content=\"https:\/\/musicmedia.fi\/wp-content\/uploads\/2024\/03\/53248255318_99cbe0409a_o-scaled.jpg\" \/>\n\t<meta property=\"og:image:width\" content=\"2560\" \/>\n\t<meta property=\"og:image:height\" content=\"1707\" \/>\n\t<meta property=\"og:image:type\" content=\"image\/jpeg\" \/>\n<meta name=\"author\" content=\"info@musicmedia.fi\" \/>\n<meta name=\"twitter:card\" content=\"summary_large_image\" \/>\n<meta name=\"twitter:label1\" content=\"Kirjoittanut\" \/>\n\t<meta name=\"twitter:data1\" content=\"info@musicmedia.fi\" \/>\n\t<meta name=\"twitter:label2\" content=\"Arvioitu lukuaika\" \/>\n\t<meta name=\"twitter:data2\" content=\"3 minuuttia\" \/>\n<script type=\"application\/ld+json\" class=\"yoast-schema-graph\">{\"@context\":\"https:\/\/schema.org\",\"@graph\":[{\"@type\":\"Article\",\"@id\":\"https:\/\/musicmedia.fi\/ensimmainen-kasvusopimus-luoville-monistettaville-sisaltoaloille\/#article\",\"isPartOf\":{\"@id\":\"https:\/\/musicmedia.fi\/ensimmainen-kasvusopimus-luoville-monistettaville-sisaltoaloille\/\"},\"author\":{\"name\":\"info@musicmedia.fi\",\"@id\":\"https:\/\/musicmedia.fi\/#\/schema\/person\/4d79763c56ccb5c8c01ae47497da967d\"},\"headline\":\"Ensimm\u00e4inen kasvusopimus luoville monistettaville sis\u00e4lt\u00f6aloille\",\"datePublished\":\"2024-03-05T13:18:36+00:00\",\"dateModified\":\"2024-11-04T08:37:02+00:00\",\"mainEntityOfPage\":{\"@id\":\"https:\/\/musicmedia.fi\/ensimmainen-kasvusopimus-luoville-monistettaville-sisaltoaloille\/\"},\"wordCount\":433,\"publisher\":{\"@id\":\"https:\/\/musicmedia.fi\/#organization\"},\"image\":{\"@id\":\"https:\/\/musicmedia.fi\/ensimmainen-kasvusopimus-luoville-monistettaville-sisaltoaloille\/#primaryimage\"},\"thumbnailUrl\":\"https:\/\/musicmedia.fi\/wp-content\/uploads\/2024\/03\/53248255318_99cbe0409a_o-scaled.jpg\",\"articleSection\":[\"Vain suomeksi\"],\"inLanguage\":\"fi\"},{\"@type\":\"WebPage\",\"@id\":\"https:\/\/musicmedia.fi\/ensimmainen-kasvusopimus-luoville-monistettaville-sisaltoaloille\/\",\"url\":\"https:\/\/musicmedia.fi\/ensimmainen-kasvusopimus-luoville-monistettaville-sisaltoaloille\/\",\"name\":\"Ensimm\u00e4inen kasvusopimus luoville monistettaville sis\u00e4lt\u00f6aloille - Music x Media\",\"isPartOf\":{\"@id\":\"https:\/\/musicmedia.fi\/#website\"},\"primaryImageOfPage\":{\"@id\":\"https:\/\/musicmedia.fi\/ensimmainen-kasvusopimus-luoville-monistettaville-sisaltoaloille\/#primaryimage\"},\"image\":{\"@id\":\"https:\/\/musicmedia.fi\/ensimmainen-kasvusopimus-luoville-monistettaville-sisaltoaloille\/#primaryimage\"},\"thumbnailUrl\":\"https:\/\/musicmedia.fi\/wp-content\/uploads\/2024\/03\/53248255318_99cbe0409a_o-scaled.jpg\",\"datePublished\":\"2024-03-05T13:18:36+00:00\",\"dateModified\":\"2024-11-04T08:37:02+00:00\",\"breadcrumb\":{\"@id\":\"https:\/\/musicmedia.fi\/ensimmainen-kasvusopimus-luoville-monistettaville-sisaltoaloille\/#breadcrumb\"},\"inLanguage\":\"fi\",\"potentialAction\":[{\"@type\":\"ReadAction\",\"target\":[\"https:\/\/musicmedia.fi\/ensimmainen-kasvusopimus-luoville-monistettaville-sisaltoaloille\/\"]}]},{\"@type\":\"ImageObject\",\"inLanguage\":\"fi\",\"@id\":\"https:\/\/musicmedia.fi\/ensimmainen-kasvusopimus-luoville-monistettaville-sisaltoaloille\/#primaryimage\",\"url\":\"https:\/\/musicmedia.fi\/wp-content\/uploads\/2024\/03\/53248255318_99cbe0409a_o-scaled.jpg\",\"contentUrl\":\"https:\/\/musicmedia.fi\/wp-content\/uploads\/2024\/03\/53248255318_99cbe0409a_o-scaled.jpg\",\"width\":2560,\"height\":1707,\"caption\":\"Music x Media 2023 photo Miikka Varila\"},{\"@type\":\"BreadcrumbList\",\"@id\":\"https:\/\/musicmedia.fi\/ensimmainen-kasvusopimus-luoville-monistettaville-sisaltoaloille\/#breadcrumb\",\"itemListElement\":[{\"@type\":\"ListItem\",\"position\":1,\"name\":\"Home\",\"item\":\"https:\/\/musicmedia.fi\/\"},{\"@type\":\"ListItem\",\"position\":2,\"name\":\"Ensimm\u00e4inen kasvusopimus luoville monistettaville sis\u00e4lt\u00f6aloille\"}]},{\"@type\":\"WebSite\",\"@id\":\"https:\/\/musicmedia.fi\/#website\",\"url\":\"https:\/\/musicmedia.fi\/\",\"name\":\"Music x Media\",\"description\":\"Musiikki-, viihde- ja tapahtuma-alojen kohtaamispaikka\",\"publisher\":{\"@id\":\"https:\/\/musicmedia.fi\/#organization\"},\"potentialAction\":[{\"@type\":\"SearchAction\",\"target\":{\"@type\":\"EntryPoint\",\"urlTemplate\":\"https:\/\/musicmedia.fi\/?s={search_term_string}\"},\"query-input\":{\"@type\":\"PropertyValueSpecification\",\"valueRequired\":true,\"valueName\":\"search_term_string\"}}],\"inLanguage\":\"fi\"},{\"@type\":\"Organization\",\"@id\":\"https:\/\/musicmedia.fi\/#organization\",\"name\":\"Music x Media\",\"url\":\"https:\/\/musicmedia.fi\/\",\"logo\":{\"@type\":\"ImageObject\",\"inLanguage\":\"fi\",\"@id\":\"https:\/\/musicmedia.fi\/#\/schema\/logo\/image\/\",\"url\":\"https:\/\/musicmedia.fi\/wp-content\/uploads\/2022\/05\/logo.png\",\"contentUrl\":\"https:\/\/musicmedia.fi\/wp-content\/uploads\/2022\/05\/logo.png\",\"width\":276,\"height\":147,\"caption\":\"Music x Media\"},\"image\":{\"@id\":\"https:\/\/musicmedia.fi\/#\/schema\/logo\/image\/\"}},{\"@type\":\"Person\",\"@id\":\"https:\/\/musicmedia.fi\/#\/schema\/person\/4d79763c56ccb5c8c01ae47497da967d\",\"name\":\"info@musicmedia.fi\",\"url\":\"https:\/\/musicmedia.fi\/fi\/author\/infomusicmedia-fi\/\"}]}<\/script>\n<!-- \/ Yoast SEO plugin. -->","yoast_head_json":{"title":"Ensimm\u00e4inen kasvusopimus luoville monistettaville sis\u00e4lt\u00f6aloille - Music x Media","robots":{"index":"index","follow":"follow","max-snippet":"max-snippet:-1","max-image-preview":"max-image-preview:large","max-video-preview":"max-video-preview:-1"},"canonical":"https:\/\/musicmedia.fi\/fi\/ensimmainen-kasvusopimus-luoville-monistettaville-sisaltoaloille\/","og_locale":"fi_FI","og_type":"article","og_title":"Ensimm\u00e4inen kasvusopimus luoville monistettaville sis\u00e4lt\u00f6aloille - Music x Media","og_description":"Musiikki-, kirjallisuus- ja peliala kasvavat yhteisty\u00f6n avulla\u00a0 T\u00e4n\u00e4\u00e4n 5. maaliskuuta julkaistu ensimm\u00e4inen kasvusopimus on uudenlainen dialogi- ja yhteisty\u00f6malli julkisen sektorin ja luovien alojen yritysten v\u00e4lill\u00e4, jossa otetaan huomioon kokonaisvaltaisesti alan eri ulottuvuudet. Kasvusopimus on my\u00f6s konkreettinen toimintasuunnitelma, jossa julkinen sektori ja eri toimialojen edustajat m\u00e4\u00e4rittelev\u00e4t yhdess\u00e4 alan tulevaisuuden kasvu- ja kehitystavoitteet sek\u00e4 liiketoimintamahdollisuudet. Kasvusopimuksella edistet\u00e4\u00e4n [&hellip;]","og_url":"https:\/\/musicmedia.fi\/fi\/ensimmainen-kasvusopimus-luoville-monistettaville-sisaltoaloille\/","og_site_name":"Music x Media","article_published_time":"2024-03-05T13:18:36+00:00","article_modified_time":"2024-11-04T08:37:02+00:00","og_image":[{"width":2560,"height":1707,"url":"https:\/\/musicmedia.fi\/wp-content\/uploads\/2024\/03\/53248255318_99cbe0409a_o-scaled.jpg","type":"image\/jpeg"}],"author":"info@musicmedia.fi","twitter_card":"summary_large_image","twitter_misc":{"Kirjoittanut":"info@musicmedia.fi","Arvioitu lukuaika":"3 minuuttia"},"schema":{"@context":"https:\/\/schema.org","@graph":[{"@type":"Article","@id":"https:\/\/musicmedia.fi\/ensimmainen-kasvusopimus-luoville-monistettaville-sisaltoaloille\/#article","isPartOf":{"@id":"https:\/\/musicmedia.fi\/ensimmainen-kasvusopimus-luoville-monistettaville-sisaltoaloille\/"},"author":{"name":"info@musicmedia.fi","@id":"https:\/\/musicmedia.fi\/#\/schema\/person\/4d79763c56ccb5c8c01ae47497da967d"},"headline":"Ensimm\u00e4inen kasvusopimus luoville monistettaville sis\u00e4lt\u00f6aloille","datePublished":"2024-03-05T13:18:36+00:00","dateModified":"2024-11-04T08:37:02+00:00","mainEntityOfPage":{"@id":"https:\/\/musicmedia.fi\/ensimmainen-kasvusopimus-luoville-monistettaville-sisaltoaloille\/"},"wordCount":433,"publisher":{"@id":"https:\/\/musicmedia.fi\/#organization"},"image":{"@id":"https:\/\/musicmedia.fi\/ensimmainen-kasvusopimus-luoville-monistettaville-sisaltoaloille\/#primaryimage"},"thumbnailUrl":"https:\/\/musicmedia.fi\/wp-content\/uploads\/2024\/03\/53248255318_99cbe0409a_o-scaled.jpg","articleSection":["Vain suomeksi"],"inLanguage":"fi"},{"@type":"WebPage","@id":"https:\/\/musicmedia.fi\/ensimmainen-kasvusopimus-luoville-monistettaville-sisaltoaloille\/","url":"https:\/\/musicmedia.fi\/ensimmainen-kasvusopimus-luoville-monistettaville-sisaltoaloille\/","name":"Ensimm\u00e4inen kasvusopimus luoville monistettaville sis\u00e4lt\u00f6aloille - Music x Media","isPartOf":{"@id":"https:\/\/musicmedia.fi\/#website"},"primaryImageOfPage":{"@id":"https:\/\/musicmedia.fi\/ensimmainen-kasvusopimus-luoville-monistettaville-sisaltoaloille\/#primaryimage"},"image":{"@id":"https:\/\/musicmedia.fi\/ensimmainen-kasvusopimus-luoville-monistettaville-sisaltoaloille\/#primaryimage"},"thumbnailUrl":"https:\/\/musicmedia.fi\/wp-content\/uploads\/2024\/03\/53248255318_99cbe0409a_o-scaled.jpg","datePublished":"2024-03-05T13:18:36+00:00","dateModified":"2024-11-04T08:37:02+00:00","breadcrumb":{"@id":"https:\/\/musicmedia.fi\/ensimmainen-kasvusopimus-luoville-monistettaville-sisaltoaloille\/#breadcrumb"},"inLanguage":"fi","potentialAction":[{"@type":"ReadAction","target":["https:\/\/musicmedia.fi\/ensimmainen-kasvusopimus-luoville-monistettaville-sisaltoaloille\/"]}]},{"@type":"ImageObject","inLanguage":"fi","@id":"https:\/\/musicmedia.fi\/ensimmainen-kasvusopimus-luoville-monistettaville-sisaltoaloille\/#primaryimage","url":"https:\/\/musicmedia.fi\/wp-content\/uploads\/2024\/03\/53248255318_99cbe0409a_o-scaled.jpg","contentUrl":"https:\/\/musicmedia.fi\/wp-content\/uploads\/2024\/03\/53248255318_99cbe0409a_o-scaled.jpg","width":2560,"height":1707,"caption":"Music x Media 2023 photo Miikka Varila"},{"@type":"BreadcrumbList","@id":"https:\/\/musicmedia.fi\/ensimmainen-kasvusopimus-luoville-monistettaville-sisaltoaloille\/#breadcrumb","itemListElement":[{"@type":"ListItem","position":1,"name":"Home","item":"https:\/\/musicmedia.fi\/"},{"@type":"ListItem","position":2,"name":"Ensimm\u00e4inen kasvusopimus luoville monistettaville sis\u00e4lt\u00f6aloille"}]},{"@type":"WebSite","@id":"https:\/\/musicmedia.fi\/#website","url":"https:\/\/musicmedia.fi\/","name":"Music x Media","description":"Musiikki-, viihde- ja tapahtuma-alojen kohtaamispaikka","publisher":{"@id":"https:\/\/musicmedia.fi\/#organization"},"potentialAction":[{"@type":"SearchAction","target":{"@type":"EntryPoint","urlTemplate":"https:\/\/musicmedia.fi\/?s={search_term_string}"},"query-input":{"@type":"PropertyValueSpecification","valueRequired":true,"valueName":"search_term_string"}}],"inLanguage":"fi"},{"@type":"Organization","@id":"https:\/\/musicmedia.fi\/#organization","name":"Music x Media","url":"https:\/\/musicmedia.fi\/","logo":{"@type":"ImageObject","inLanguage":"fi","@id":"https:\/\/musicmedia.fi\/#\/schema\/logo\/image\/","url":"https:\/\/musicmedia.fi\/wp-content\/uploads\/2022\/05\/logo.png","contentUrl":"https:\/\/musicmedia.fi\/wp-content\/uploads\/2022\/05\/logo.png","width":276,"height":147,"caption":"Music x Media"},"image":{"@id":"https:\/\/musicmedia.fi\/#\/schema\/logo\/image\/"}},{"@type":"Person","@id":"https:\/\/musicmedia.fi\/#\/schema\/person\/4d79763c56ccb5c8c01ae47497da967d","name":"info@musicmedia.fi","url":"https:\/\/musicmedia.fi\/fi\/author\/infomusicmedia-fi\/"}]}},"_links":{"self":[{"href":"https:\/\/musicmedia.fi\/fi\/wp-json\/wp\/v2\/posts\/6716","targetHints":{"allow":["GET"]}}],"collection":[{"href":"https:\/\/musicmedia.fi\/fi\/wp-json\/wp\/v2\/posts"}],"about":[{"href":"https:\/\/musicmedia.fi\/fi\/wp-json\/wp\/v2\/types\/post"}],"author":[{"embeddable":true,"href":"https:\/\/musicmedia.fi\/fi\/wp-json\/wp\/v2\/users\/11"}],"replies":[{"embeddable":true,"href":"https:\/\/musicmedia.fi\/fi\/wp-json\/wp\/v2\/comments?post=6716"}],"version-history":[{"count":1,"href":"https:\/\/musicmedia.fi\/fi\/wp-json\/wp\/v2\/posts\/6716\/revisions"}],"predecessor-version":[{"id":6718,"href":"https:\/\/musicmedia.fi\/fi\/wp-json\/wp\/v2\/posts\/6716\/revisions\/6718"}],"wp:featuredmedia":[{"embeddable":true,"href":"https:\/\/musicmedia.fi\/fi\/wp-json\/wp\/v2\/media\/6717"}],"wp:attachment":[{"href":"https:\/\/musicmedia.fi\/fi\/wp-json\/wp\/v2\/media?parent=6716"}],"wp:term":[{"taxonomy":"category","embeddable":true,"href":"https:\/\/musicmedia.fi\/fi\/wp-json\/wp\/v2\/categories?post=6716"},{"taxonomy":"post_tag","embeddable":true,"href":"https:\/\/musicmedia.fi\/fi\/wp-json\/wp\/v2\/tags?post=6716"}],"curies":[{"name":"wp","href":"https:\/\/api.w.org\/{rel}","templated":true}]}}