{"id":6641,"date":"2024-01-16T12:00:24","date_gmt":"2024-01-16T10:00:24","guid":{"rendered":"https:\/\/musicmedia.fi\/?p=6641"},"modified":"2024-04-18T09:53:19","modified_gmt":"2024-04-18T06:53:19","slug":"aki-roukala-lost-in-music-festivaalin-uudeksi-taiteelliseksi-johtajaksi","status":"publish","type":"post","link":"https:\/\/musicmedia.fi\/fi\/aki-roukala-lost-in-music-festivaalin-uudeksi-taiteelliseksi-johtajaksi\/","title":{"rendered":"Aki Roukala Lost In Music -festivaalin uudeksi taiteelliseksi johtajaksi"},"content":{"rendered":"<p>Suomen johtava uuden musiikin showcase-festivaali, Lost In Music, on tehnyt yhteisty\u00f6sopimuksen Aki Roukalan kanssa. Roukala aloittaa Lost In Musicin taiteellisena johtajana heti ja tulee vastaamaan vuoden 2024 Lost In Musicin taiteellisesta linjasta ja artistikiinnityksist\u00e4. Roukalan monipuolinen musiikkialan kokemus ja vahva visio tapahtuman suunnasta tuovat Lost In Musicille uudenlaista energiaa ja n\u00e4kemyst\u00e4.<\/p>\n<p>\u201dOlen otettu uudesta roolistani Lost In Musicin taiteellisena johtajana ja odotan innolla p\u00e4\u00e4sev\u00e4ni kehitt\u00e4m\u00e4\u00e4n festivaalia kompaktimpaan suuntaan siten, ett\u00e4 se palvelee entist\u00e4 tehokkaammin promoottoreita ja muita alan ammattilaisia, mutta ennen kaikkea festivaaleilla esiintyvi\u00e4 artisteja&#8221;, sanoo Roukala.<\/p>\n<p>Music x Median toimitusjohtaja Jani Jalonen toteaa: &#8221;Olemme iloisia ja ylpeit\u00e4, kun voimme aloittaa Aki Roukalan kanssa yhteisty\u00f6n. Akin asiantuntemus ja musiikillinen n\u00e4kemys tekev\u00e4t h\u00e4nest\u00e4 ihanteellisen henkil\u00f6n viem\u00e4\u00e4n festivaalia eteenp\u00e4in. Samalla tulemme tiivist\u00e4m\u00e4\u00e4n Lost In Musicin ja Music x Median v\u00e4list\u00e4 synergiaa ja yhteisty\u00f6t\u00e4.\u201d<\/p>\n<p>Lost In Music j\u00e4rjestet\u00e4\u00e4n Tampereella 2. \u2013 4.10.2024. Tapahtuman avoin artistihaku avautuu helmikuussa osoitteessa <a href=\"http:\/\/www.lostinmusic.fi\">www.lostinmusic.fi<\/a>. Showcase-festivaalin tavoitteena on esitell\u00e4 Suomen kiinnostavimpia uusia artisteja ja musiikintekij\u00f6it\u00e4 suurelle yleis\u00f6lle sek\u00e4 yhteisty\u00f6ss\u00e4 Music x Median kanssa musiikkialan ammattilaisille.<\/p>\n","protected":false},"excerpt":{"rendered":"<p>Suomen johtava uuden musiikin showcase-festivaali, Lost In Music, on tehnyt yhteisty\u00f6sopimuksen Aki Roukalan kanssa. Roukala aloittaa Lost In Musicin taiteellisena johtajana heti ja tulee vastaamaan vuoden 2024 Lost In Musicin taiteellisesta linjasta ja artistikiinnityksist\u00e4. Roukalan monipuolinen musiikkialan kokemus ja vahva visio tapahtuman suunnasta tuovat Lost In Musicille uudenlaista energiaa ja n\u00e4kemyst\u00e4. \u201dOlen otettu uudesta roolistani [&hellip;]<\/p>\n","protected":false},"author":11,"featured_media":6642,"comment_status":"closed","ping_status":"open","sticky":false,"template":"","format":"standard","meta":{"_acf_changed":false,"inline_featured_image":false,"footnotes":""},"categories":[756],"tags":[],"class_list":["post-6641","post","type-post","status-publish","format-standard","has-post-thumbnail","hentry","category-vain-suomeksi"],"acf":[],"yoast_head":"<!-- This site is optimized with the Yoast SEO plugin v25.7 - https:\/\/yoast.com\/wordpress\/plugins\/seo\/ -->\n<title>Aki Roukala Lost In Music -festivaalin uudeksi taiteelliseksi johtajaksi - Music x Media<\/title>\n<meta name=\"robots\" content=\"index, follow, max-snippet:-1, max-image-preview:large, max-video-preview:-1\" \/>\n<link rel=\"canonical\" href=\"https:\/\/musicmedia.fi\/fi\/aki-roukala-lost-in-music-festivaalin-uudeksi-taiteelliseksi-johtajaksi\/\" \/>\n<meta property=\"og:locale\" content=\"fi_FI\" \/>\n<meta property=\"og:type\" content=\"article\" \/>\n<meta property=\"og:title\" content=\"Aki Roukala Lost In Music -festivaalin uudeksi taiteelliseksi johtajaksi - Music x Media\" \/>\n<meta property=\"og:description\" content=\"Suomen johtava uuden musiikin showcase-festivaali, Lost In Music, on tehnyt yhteisty\u00f6sopimuksen Aki Roukalan kanssa. Roukala aloittaa Lost In Musicin taiteellisena johtajana heti ja tulee vastaamaan vuoden 2024 Lost In Musicin taiteellisesta linjasta ja artistikiinnityksist\u00e4. Roukalan monipuolinen musiikkialan kokemus ja vahva visio tapahtuman suunnasta tuovat Lost In Musicille uudenlaista energiaa ja n\u00e4kemyst\u00e4. \u201dOlen otettu uudesta roolistani [&hellip;]\" \/>\n<meta property=\"og:url\" content=\"https:\/\/musicmedia.fi\/fi\/aki-roukala-lost-in-music-festivaalin-uudeksi-taiteelliseksi-johtajaksi\/\" \/>\n<meta property=\"og:site_name\" content=\"Music x Media\" \/>\n<meta property=\"article:published_time\" content=\"2024-01-16T10:00:24+00:00\" \/>\n<meta property=\"article:modified_time\" content=\"2024-04-18T06:53:19+00:00\" \/>\n<meta property=\"og:image\" content=\"https:\/\/musicmedia.fi\/wp-content\/uploads\/2024\/01\/lim-uusi-promoottori-scaled.jpeg\" \/>\n\t<meta property=\"og:image:width\" content=\"1920\" \/>\n\t<meta property=\"og:image:height\" content=\"2560\" \/>\n\t<meta property=\"og:image:type\" content=\"image\/jpeg\" \/>\n<meta name=\"author\" content=\"info@musicmedia.fi\" \/>\n<meta name=\"twitter:card\" content=\"summary_large_image\" \/>\n<meta name=\"twitter:label1\" content=\"Kirjoittanut\" \/>\n\t<meta name=\"twitter:data1\" content=\"info@musicmedia.fi\" \/>\n\t<meta name=\"twitter:label2\" content=\"Arvioitu lukuaika\" \/>\n\t<meta name=\"twitter:data2\" content=\"2 minuuttia\" \/>\n<script type=\"application\/ld+json\" class=\"yoast-schema-graph\">{\"@context\":\"https:\/\/schema.org\",\"@graph\":[{\"@type\":\"Article\",\"@id\":\"https:\/\/musicmedia.fi\/aki-roukala-lost-in-music-festivaalin-uudeksi-taiteelliseksi-johtajaksi\/#article\",\"isPartOf\":{\"@id\":\"https:\/\/musicmedia.fi\/aki-roukala-lost-in-music-festivaalin-uudeksi-taiteelliseksi-johtajaksi\/\"},\"author\":{\"name\":\"info@musicmedia.fi\",\"@id\":\"https:\/\/musicmedia.fi\/#\/schema\/person\/4d79763c56ccb5c8c01ae47497da967d\"},\"headline\":\"Aki Roukala Lost In Music -festivaalin uudeksi taiteelliseksi johtajaksi\",\"datePublished\":\"2024-01-16T10:00:24+00:00\",\"dateModified\":\"2024-04-18T06:53:19+00:00\",\"mainEntityOfPage\":{\"@id\":\"https:\/\/musicmedia.fi\/aki-roukala-lost-in-music-festivaalin-uudeksi-taiteelliseksi-johtajaksi\/\"},\"wordCount\":195,\"publisher\":{\"@id\":\"https:\/\/musicmedia.fi\/#organization\"},\"image\":{\"@id\":\"https:\/\/musicmedia.fi\/aki-roukala-lost-in-music-festivaalin-uudeksi-taiteelliseksi-johtajaksi\/#primaryimage\"},\"thumbnailUrl\":\"https:\/\/musicmedia.fi\/wp-content\/uploads\/2024\/01\/lim-uusi-promoottori-scaled.jpeg\",\"articleSection\":[\"Vain suomeksi\"],\"inLanguage\":\"fi\"},{\"@type\":\"WebPage\",\"@id\":\"https:\/\/musicmedia.fi\/aki-roukala-lost-in-music-festivaalin-uudeksi-taiteelliseksi-johtajaksi\/\",\"url\":\"https:\/\/musicmedia.fi\/aki-roukala-lost-in-music-festivaalin-uudeksi-taiteelliseksi-johtajaksi\/\",\"name\":\"Aki Roukala Lost In Music -festivaalin uudeksi taiteelliseksi johtajaksi - Music x Media\",\"isPartOf\":{\"@id\":\"https:\/\/musicmedia.fi\/#website\"},\"primaryImageOfPage\":{\"@id\":\"https:\/\/musicmedia.fi\/aki-roukala-lost-in-music-festivaalin-uudeksi-taiteelliseksi-johtajaksi\/#primaryimage\"},\"image\":{\"@id\":\"https:\/\/musicmedia.fi\/aki-roukala-lost-in-music-festivaalin-uudeksi-taiteelliseksi-johtajaksi\/#primaryimage\"},\"thumbnailUrl\":\"https:\/\/musicmedia.fi\/wp-content\/uploads\/2024\/01\/lim-uusi-promoottori-scaled.jpeg\",\"datePublished\":\"2024-01-16T10:00:24+00:00\",\"dateModified\":\"2024-04-18T06:53:19+00:00\",\"breadcrumb\":{\"@id\":\"https:\/\/musicmedia.fi\/aki-roukala-lost-in-music-festivaalin-uudeksi-taiteelliseksi-johtajaksi\/#breadcrumb\"},\"inLanguage\":\"fi\",\"potentialAction\":[{\"@type\":\"ReadAction\",\"target\":[\"https:\/\/musicmedia.fi\/aki-roukala-lost-in-music-festivaalin-uudeksi-taiteelliseksi-johtajaksi\/\"]}]},{\"@type\":\"ImageObject\",\"inLanguage\":\"fi\",\"@id\":\"https:\/\/musicmedia.fi\/aki-roukala-lost-in-music-festivaalin-uudeksi-taiteelliseksi-johtajaksi\/#primaryimage\",\"url\":\"https:\/\/musicmedia.fi\/wp-content\/uploads\/2024\/01\/lim-uusi-promoottori-scaled.jpeg\",\"contentUrl\":\"https:\/\/musicmedia.fi\/wp-content\/uploads\/2024\/01\/lim-uusi-promoottori-scaled.jpeg\",\"width\":1920,\"height\":2560},{\"@type\":\"BreadcrumbList\",\"@id\":\"https:\/\/musicmedia.fi\/aki-roukala-lost-in-music-festivaalin-uudeksi-taiteelliseksi-johtajaksi\/#breadcrumb\",\"itemListElement\":[{\"@type\":\"ListItem\",\"position\":1,\"name\":\"Home\",\"item\":\"https:\/\/musicmedia.fi\/\"},{\"@type\":\"ListItem\",\"position\":2,\"name\":\"Aki Roukala Lost In Music -festivaalin uudeksi taiteelliseksi johtajaksi\"}]},{\"@type\":\"WebSite\",\"@id\":\"https:\/\/musicmedia.fi\/#website\",\"url\":\"https:\/\/musicmedia.fi\/\",\"name\":\"Music x Media\",\"description\":\"Musiikki-, viihde- ja tapahtuma-alojen kohtaamispaikka\",\"publisher\":{\"@id\":\"https:\/\/musicmedia.fi\/#organization\"},\"potentialAction\":[{\"@type\":\"SearchAction\",\"target\":{\"@type\":\"EntryPoint\",\"urlTemplate\":\"https:\/\/musicmedia.fi\/?s={search_term_string}\"},\"query-input\":{\"@type\":\"PropertyValueSpecification\",\"valueRequired\":true,\"valueName\":\"search_term_string\"}}],\"inLanguage\":\"fi\"},{\"@type\":\"Organization\",\"@id\":\"https:\/\/musicmedia.fi\/#organization\",\"name\":\"Music x Media\",\"url\":\"https:\/\/musicmedia.fi\/\",\"logo\":{\"@type\":\"ImageObject\",\"inLanguage\":\"fi\",\"@id\":\"https:\/\/musicmedia.fi\/#\/schema\/logo\/image\/\",\"url\":\"https:\/\/musicmedia.fi\/wp-content\/uploads\/2022\/05\/logo.png\",\"contentUrl\":\"https:\/\/musicmedia.fi\/wp-content\/uploads\/2022\/05\/logo.png\",\"width\":276,\"height\":147,\"caption\":\"Music x Media\"},\"image\":{\"@id\":\"https:\/\/musicmedia.fi\/#\/schema\/logo\/image\/\"}},{\"@type\":\"Person\",\"@id\":\"https:\/\/musicmedia.fi\/#\/schema\/person\/4d79763c56ccb5c8c01ae47497da967d\",\"name\":\"info@musicmedia.fi\",\"url\":\"https:\/\/musicmedia.fi\/fi\/author\/infomusicmedia-fi\/\"}]}<\/script>\n<!-- \/ Yoast SEO plugin. -->","yoast_head_json":{"title":"Aki Roukala Lost In Music -festivaalin uudeksi taiteelliseksi johtajaksi - Music x Media","robots":{"index":"index","follow":"follow","max-snippet":"max-snippet:-1","max-image-preview":"max-image-preview:large","max-video-preview":"max-video-preview:-1"},"canonical":"https:\/\/musicmedia.fi\/fi\/aki-roukala-lost-in-music-festivaalin-uudeksi-taiteelliseksi-johtajaksi\/","og_locale":"fi_FI","og_type":"article","og_title":"Aki Roukala Lost In Music -festivaalin uudeksi taiteelliseksi johtajaksi - Music x Media","og_description":"Suomen johtava uuden musiikin showcase-festivaali, Lost In Music, on tehnyt yhteisty\u00f6sopimuksen Aki Roukalan kanssa. Roukala aloittaa Lost In Musicin taiteellisena johtajana heti ja tulee vastaamaan vuoden 2024 Lost In Musicin taiteellisesta linjasta ja artistikiinnityksist\u00e4. Roukalan monipuolinen musiikkialan kokemus ja vahva visio tapahtuman suunnasta tuovat Lost In Musicille uudenlaista energiaa ja n\u00e4kemyst\u00e4. \u201dOlen otettu uudesta roolistani [&hellip;]","og_url":"https:\/\/musicmedia.fi\/fi\/aki-roukala-lost-in-music-festivaalin-uudeksi-taiteelliseksi-johtajaksi\/","og_site_name":"Music x Media","article_published_time":"2024-01-16T10:00:24+00:00","article_modified_time":"2024-04-18T06:53:19+00:00","og_image":[{"width":1920,"height":2560,"url":"https:\/\/musicmedia.fi\/wp-content\/uploads\/2024\/01\/lim-uusi-promoottori-scaled.jpeg","type":"image\/jpeg"}],"author":"info@musicmedia.fi","twitter_card":"summary_large_image","twitter_misc":{"Kirjoittanut":"info@musicmedia.fi","Arvioitu lukuaika":"2 minuuttia"},"schema":{"@context":"https:\/\/schema.org","@graph":[{"@type":"Article","@id":"https:\/\/musicmedia.fi\/aki-roukala-lost-in-music-festivaalin-uudeksi-taiteelliseksi-johtajaksi\/#article","isPartOf":{"@id":"https:\/\/musicmedia.fi\/aki-roukala-lost-in-music-festivaalin-uudeksi-taiteelliseksi-johtajaksi\/"},"author":{"name":"info@musicmedia.fi","@id":"https:\/\/musicmedia.fi\/#\/schema\/person\/4d79763c56ccb5c8c01ae47497da967d"},"headline":"Aki Roukala Lost In Music -festivaalin uudeksi taiteelliseksi johtajaksi","datePublished":"2024-01-16T10:00:24+00:00","dateModified":"2024-04-18T06:53:19+00:00","mainEntityOfPage":{"@id":"https:\/\/musicmedia.fi\/aki-roukala-lost-in-music-festivaalin-uudeksi-taiteelliseksi-johtajaksi\/"},"wordCount":195,"publisher":{"@id":"https:\/\/musicmedia.fi\/#organization"},"image":{"@id":"https:\/\/musicmedia.fi\/aki-roukala-lost-in-music-festivaalin-uudeksi-taiteelliseksi-johtajaksi\/#primaryimage"},"thumbnailUrl":"https:\/\/musicmedia.fi\/wp-content\/uploads\/2024\/01\/lim-uusi-promoottori-scaled.jpeg","articleSection":["Vain suomeksi"],"inLanguage":"fi"},{"@type":"WebPage","@id":"https:\/\/musicmedia.fi\/aki-roukala-lost-in-music-festivaalin-uudeksi-taiteelliseksi-johtajaksi\/","url":"https:\/\/musicmedia.fi\/aki-roukala-lost-in-music-festivaalin-uudeksi-taiteelliseksi-johtajaksi\/","name":"Aki Roukala Lost In Music -festivaalin uudeksi taiteelliseksi johtajaksi - Music x Media","isPartOf":{"@id":"https:\/\/musicmedia.fi\/#website"},"primaryImageOfPage":{"@id":"https:\/\/musicmedia.fi\/aki-roukala-lost-in-music-festivaalin-uudeksi-taiteelliseksi-johtajaksi\/#primaryimage"},"image":{"@id":"https:\/\/musicmedia.fi\/aki-roukala-lost-in-music-festivaalin-uudeksi-taiteelliseksi-johtajaksi\/#primaryimage"},"thumbnailUrl":"https:\/\/musicmedia.fi\/wp-content\/uploads\/2024\/01\/lim-uusi-promoottori-scaled.jpeg","datePublished":"2024-01-16T10:00:24+00:00","dateModified":"2024-04-18T06:53:19+00:00","breadcrumb":{"@id":"https:\/\/musicmedia.fi\/aki-roukala-lost-in-music-festivaalin-uudeksi-taiteelliseksi-johtajaksi\/#breadcrumb"},"inLanguage":"fi","potentialAction":[{"@type":"ReadAction","target":["https:\/\/musicmedia.fi\/aki-roukala-lost-in-music-festivaalin-uudeksi-taiteelliseksi-johtajaksi\/"]}]},{"@type":"ImageObject","inLanguage":"fi","@id":"https:\/\/musicmedia.fi\/aki-roukala-lost-in-music-festivaalin-uudeksi-taiteelliseksi-johtajaksi\/#primaryimage","url":"https:\/\/musicmedia.fi\/wp-content\/uploads\/2024\/01\/lim-uusi-promoottori-scaled.jpeg","contentUrl":"https:\/\/musicmedia.fi\/wp-content\/uploads\/2024\/01\/lim-uusi-promoottori-scaled.jpeg","width":1920,"height":2560},{"@type":"BreadcrumbList","@id":"https:\/\/musicmedia.fi\/aki-roukala-lost-in-music-festivaalin-uudeksi-taiteelliseksi-johtajaksi\/#breadcrumb","itemListElement":[{"@type":"ListItem","position":1,"name":"Home","item":"https:\/\/musicmedia.fi\/"},{"@type":"ListItem","position":2,"name":"Aki Roukala Lost In Music -festivaalin uudeksi taiteelliseksi johtajaksi"}]},{"@type":"WebSite","@id":"https:\/\/musicmedia.fi\/#website","url":"https:\/\/musicmedia.fi\/","name":"Music x Media","description":"Musiikki-, viihde- ja tapahtuma-alojen kohtaamispaikka","publisher":{"@id":"https:\/\/musicmedia.fi\/#organization"},"potentialAction":[{"@type":"SearchAction","target":{"@type":"EntryPoint","urlTemplate":"https:\/\/musicmedia.fi\/?s={search_term_string}"},"query-input":{"@type":"PropertyValueSpecification","valueRequired":true,"valueName":"search_term_string"}}],"inLanguage":"fi"},{"@type":"Organization","@id":"https:\/\/musicmedia.fi\/#organization","name":"Music x Media","url":"https:\/\/musicmedia.fi\/","logo":{"@type":"ImageObject","inLanguage":"fi","@id":"https:\/\/musicmedia.fi\/#\/schema\/logo\/image\/","url":"https:\/\/musicmedia.fi\/wp-content\/uploads\/2022\/05\/logo.png","contentUrl":"https:\/\/musicmedia.fi\/wp-content\/uploads\/2022\/05\/logo.png","width":276,"height":147,"caption":"Music x Media"},"image":{"@id":"https:\/\/musicmedia.fi\/#\/schema\/logo\/image\/"}},{"@type":"Person","@id":"https:\/\/musicmedia.fi\/#\/schema\/person\/4d79763c56ccb5c8c01ae47497da967d","name":"info@musicmedia.fi","url":"https:\/\/musicmedia.fi\/fi\/author\/infomusicmedia-fi\/"}]}},"_links":{"self":[{"href":"https:\/\/musicmedia.fi\/fi\/wp-json\/wp\/v2\/posts\/6641","targetHints":{"allow":["GET"]}}],"collection":[{"href":"https:\/\/musicmedia.fi\/fi\/wp-json\/wp\/v2\/posts"}],"about":[{"href":"https:\/\/musicmedia.fi\/fi\/wp-json\/wp\/v2\/types\/post"}],"author":[{"embeddable":true,"href":"https:\/\/musicmedia.fi\/fi\/wp-json\/wp\/v2\/users\/11"}],"replies":[{"embeddable":true,"href":"https:\/\/musicmedia.fi\/fi\/wp-json\/wp\/v2\/comments?post=6641"}],"version-history":[{"count":2,"href":"https:\/\/musicmedia.fi\/fi\/wp-json\/wp\/v2\/posts\/6641\/revisions"}],"predecessor-version":[{"id":6712,"href":"https:\/\/musicmedia.fi\/fi\/wp-json\/wp\/v2\/posts\/6641\/revisions\/6712"}],"wp:featuredmedia":[{"embeddable":true,"href":"https:\/\/musicmedia.fi\/fi\/wp-json\/wp\/v2\/media\/6642"}],"wp:attachment":[{"href":"https:\/\/musicmedia.fi\/fi\/wp-json\/wp\/v2\/media?parent=6641"}],"wp:term":[{"taxonomy":"category","embeddable":true,"href":"https:\/\/musicmedia.fi\/fi\/wp-json\/wp\/v2\/categories?post=6641"},{"taxonomy":"post_tag","embeddable":true,"href":"https:\/\/musicmedia.fi\/fi\/wp-json\/wp\/v2\/tags?post=6641"}],"curies":[{"name":"wp","href":"https:\/\/api.w.org\/{rel}","templated":true}]}}