{"id":6519,"date":"2023-10-11T14:49:13","date_gmt":"2023-10-11T11:49:13","guid":{"rendered":"https:\/\/musicmedia.fi\/?p=6519"},"modified":"2024-11-04T10:59:59","modified_gmt":"2024-11-04T08:59:59","slug":"iso-kiitos-music-x-median-kavijoille","status":"publish","type":"post","link":"https:\/\/musicmedia.fi\/fi\/iso-kiitos-music-x-median-kavijoille\/","title":{"rendered":"Iso kiitos Music x Median k\u00e4vij\u00f6ille!"},"content":{"rendered":"<div>\n<p><strong>Music x Media on paikka, jossa luova intohimo ja tulevaisuuden visiot kohtaavat, ja t\u00e4m\u00e4n vuoden tapahtuma on ollut<\/strong><strong>\u00a0siit\u00e4<\/strong><strong>\u00a0j\u00e4lleen upea esimerkki. Kiit\u00e4mme kaikkia osallistujia, puhujia ja yhteisty\u00f6kumppaneita! Vuoden 2023 tapahtuma on tarjonnut uusia n\u00e4k\u00f6kulmia kehitt\u00e4\u00e4 Music x Median tulevaisuutta entist\u00e4kin paremmaksi.<\/strong><\/p>\n<\/div>\n<div>\n<div>\n<p>Music x Media -tapahtumaan osallistui t\u00e4n\u00e4 vuonna\u00a0<strong>1100 k\u00e4vij\u00e4\u00e4<\/strong>, noin\u00a0<strong>250 puhujaa\u00a0<\/strong>sek\u00e4\u00a0<strong>50 vapaaehtoista ty\u00f6ntekij\u00e4\u00e4<\/strong>. Nelip\u00e4iv\u00e4inen seminaariohjelmisto koostui t\u00e4n\u00e4 vuonna\u00a0<strong>l\u00e4hes sadasta ohjelmasis\u00e4ll\u00f6st\u00e4<\/strong>. Lost in Music -festivaali puolestaan sai\u00a0<strong>12 000 k\u00e4vij\u00e4n\u00a0<\/strong>enn\u00e4tysyleis\u00f6n.<\/p>\n<p>Music x Media haluaa syd\u00e4mellisesti kiitt\u00e4\u00e4 jokaista, joka osallistui tapahtumaamme<strong>\u00a04.\u20137.2023<\/strong>: kiitos k\u00e4vij\u00f6ille, puhujille, gaalavieraille ja vapaaehtoisille siit\u00e4, ett\u00e4 olitte mukana luomassa innostavaa ja keskustelua her\u00e4tt\u00e4v\u00e4\u00e4 tapahtumaa.<\/p>\n<p>Kiit\u00e4mme my\u00f6s kansainv\u00e4lisi\u00e4 vieraitamme, jotka toivat Tampereelle uusia yhteisty\u00f6mahdollisuuksia ja seurasivat suomalaisen musiikin nousevia nimi\u00e4 Lost in Music -festivaalilla. Toivomme, ett\u00e4 tapahtuman aikana k\u00e4ynnistynyt yhteydenpito uusien kontaktien kanssa jatkuu.<\/p>\n<p>Suuret kiitokset my\u00f6s yhteisty\u00f6kumppaneillemme!<\/p>\n<p aria-hidden=\"true\">\n<h2><strong>Tapahtuman palautekysely<\/strong><\/h2>\n<p>Kuinka onnistuimme sinun mielest\u00e4si? Ent\u00e4 mit\u00e4 toivoisit Music x Medialta jatkossa? Miten voisimme sinun mielest\u00e4si olla parhaalla tavalla mukana alan ymp\u00e4rivuotisessa toiminnassa?<\/p>\n<p>Kannustamme kaikkia tapahtumak\u00e4vij\u00f6it\u00e4\u00a0<a id=\"OWA511215d6-6a75-fde8-26d5-ffa00a9218a2\" href=\"https:\/\/musicxmedia.cmail20.com\/t\/d-i-viktiuk-l-j\/\" target=\"_blank\" rel=\"noopener noreferrer\" data-auth=\"NotApplicable\" data-linkindex=\"1\">j\u00e4tt\u00e4m\u00e4\u00e4n palautetta<\/a>\u00a0ja kehitysehdotuksia tapahtuman sis\u00e4ll\u00f6ist\u00e4, toimivuudesta, ilmapiirist\u00e4 ja oheistapahtumista.\u00a0Palautteen avulla pyrimme takaamaan, ett\u00e4 ensi vuoden tapahtuma vastaisi entist\u00e4kin paremmin alan tarpeita. T\u00e4n\u00e4 vuonna tapahtuma toteutettiin toista kertaa nelip\u00e4iv\u00e4isen\u00e4 ja\u00a0se\u00a0jatkoi viimevuotista suuntaa sis\u00e4lt\u00f6jen, tavoitteiden ja kohderyhmien osalta.<\/p>\n<p>Linkki\u00a0<a id=\"OWA7b780ebc-19ec-bf4b-6e89-6e76464b78d6\" href=\"https:\/\/musicxmedia.cmail20.com\/t\/d-i-viktiuk-l-t\/\" target=\"_blank\" rel=\"noopener noreferrer\" data-auth=\"NotApplicable\" data-linkindex=\"2\">palautekyselyyn<\/a>.\u200b<\/p>\n<p aria-hidden=\"true\">\n<h2><strong>H\u00e4irint\u00e4yhteyshenkil\u00f6 palvelee<\/strong><\/h2>\n<p>Toivomme, ett\u00e4 kaikilla on ollut turvallinen tapahtumakokemus Tampere-talossa sek\u00e4 Lost in Musicin keikkapaikoilla. Jos kuitenkin koit tai havaitsit mink\u00e4\u00e4nlaista ep\u00e4asiallista k\u00e4yt\u00f6st\u00e4, olethan yhteydess\u00e4 h\u00e4irint\u00e4yhteyshenkil\u00f6\u00f6mme, joka\u00a0<strong>p\u00e4ivyst\u00e4\u00e4 15.10. asti<\/strong>.<\/p>\n<p>H\u00e4irint\u00e4yhteyshenkil\u00f6lle voit tehd\u00e4\u00a0<a id=\"OWAfe7839f6-5bc0-9726-a090-57dbadb216cd\" href=\"https:\/\/musicxmedia.cmail20.com\/t\/d-i-viktiuk-l-i\/\" target=\"_blank\" rel=\"noopener noreferrer\" data-auth=\"NotApplicable\" data-linkindex=\"3\">h\u00e4irint\u00e4ilmoituksen<\/a>, jonka pohjalta tapahtumaturvallisuutta voidaan jatkossa kehitt\u00e4\u00e4. Halutessasi voit my\u00f6s saada keskusteluapua ja ohjausta mahdollisten hankalien tilanteiden selvitt\u00e4miseen.<\/p>\n<p>H\u00e4irint\u00e4yhteyshenkil\u00f6\u00f6n\u00a0voit olla yhteydess\u00e4 s\u00e4hk\u00f6postitse ja WhatsAppilla ymp\u00e4ri vuorokauden sek\u00e4 puhelimitse klo 12:00\u201314:00.<\/p>\n<p>Yhteystiedot:<\/p>\n<p><strong>Tellervo Kraft<\/strong><br aria-hidden=\"true\" \/>+358 40 365 3487<br aria-hidden=\"true\" \/>hairintayhteyshenkilo@lostinmusic.fi<\/p>\n<p>Music x Median tavoitteena on ollut tarjota mahdollisimman turvallinen tila tapahtuman vieraille, ty\u00f6ntekij\u00f6ille ja esiintyjille. T\u00e4m\u00e4 koskee niin seminaareja kuin Industry Awards -gaalaa ja Lost in Music -festivaalia. Tapahtumissamme kaikilla on oikeus tuntea olonsa turvalliseksi ilman pelkoa mink\u00e4\u00e4nlaisesta h\u00e4irinn\u00e4st\u00e4, syrjinn\u00e4st\u00e4 tai seksuaalisesta ja verbaalisesta ahdistelusta.\u00a0Fyysinen\u00a0ja psyykkinen koskemattomuus on meid\u00e4n kaikkien oikeus. Mik\u00e4li t\u00e4t\u00e4 oikeutta on rikottu, on meid\u00e4n tarpeellista tiet\u00e4\u00e4 asiasta.<\/p>\n<p aria-hidden=\"true\">\n<h2><strong>Tapahtuman kuvapankki<\/strong><\/h2>\n<p>Seminaarip\u00e4ivien aikana otetut kuvat l\u00f6ytyv\u00e4t Flickr-kuvakansiosta\u00a0<a id=\"OWA3e81c2e1-5eae-3fa0-fa82-26b464b3514b\" href=\"https:\/\/musicxmedia.cmail20.com\/t\/d-i-viktiuk-l-d\/\" target=\"_blank\" rel=\"noopener noreferrer\" data-auth=\"NotApplicable\" data-linkindex=\"4\">t\u00e4\u00e4lt\u00e4<\/a>\u00a0\u2013 huomaathan, ett\u00e4 kuvapankki t\u00e4ydentyy viel\u00e4.\u00a0Industry Awards -gaalan tunnelmiin p\u00e4\u00e4see palaamaan niin ik\u00e4\u00e4n\u00a0<a id=\"OWA97248aa9-0689-7cf6-2377-8862af528008\" href=\"https:\/\/musicxmedia.cmail20.com\/t\/d-i-viktiuk-l-h\/\" target=\"_blank\" rel=\"noopener noreferrer\" data-auth=\"NotApplicable\" data-linkindex=\"5\">Flickriss\u00e4<\/a>.<\/p>\n<p>T\u00e4g\u00e4\u00e4th\u00e4n somessa jakamiisi kuviin Music x Median ja mainitset julkaisun yhteydess\u00e4 kuvaajan, jonka nimi selvi\u00e4\u00e4 kuvatiedoston nimest\u00e4.<\/p>\n<p>Tapahtumassamme toimi lis\u00e4ksi tiimi vapaaehtoisia valokuvaajia, jotka ansaitsevat ty\u00f6st\u00e4\u00e4n erityiskiitoksen!<\/p>\n<p aria-hidden=\"true\">\n<h2><strong>Industry Awards -gaalan voittajat<\/strong><\/h2>\n<p>Kiitos kaikille, jotka juhlistivat kanssamme kuluneen vuoden saavutuksia Industry Awards -gaalassa. Gaalassa jaettiin 32 palkintoa ja voittajiin voit tutustua tarkemmin\u00a0<a id=\"OWAeb895ad7-ec95-7690-89f0-8150c670c2ce\" href=\"https:\/\/musicxmedia.cmail20.com\/t\/d-i-viktiuk-l-k\/\" target=\"_blank\" rel=\"noopener noreferrer\" data-auth=\"NotApplicable\" data-linkindex=\"6\">t\u00e4\u00e4ll\u00e4<\/a>.<\/p>\n<p><br aria-hidden=\"true\" \/><\/p>\n<p><strong>Ensi vuoden tapahtumap\u00e4iv\u00e4t julkistetaan pian!<\/strong><\/p>\n<\/div>\n<p>&nbsp;<\/p>\n<div>\n<p><em>Kiinnostuitko yhteisty\u00f6kumppanuudesta? Jos organisaatiosi on kiinnostunut yhteisty\u00f6kumppanuudesta ensi vuoden tapahtumassa, voit olla yhteydess\u00e4 info@musicmedia.fi<\/p>\n<p><\/em><\/p>\n<\/div>\n<\/div>\n<p>Kuva: Miikka Varila<\/p>\n","protected":false},"excerpt":{"rendered":"<p>Music x Media on paikka, jossa luova intohimo ja tulevaisuuden visiot kohtaavat, ja t\u00e4m\u00e4n vuoden tapahtuma on ollut\u00a0siit\u00e4\u00a0j\u00e4lleen upea esimerkki. Kiit\u00e4mme kaikkia osallistujia, puhujia ja yhteisty\u00f6kumppaneita! Vuoden 2023 tapahtuma on tarjonnut uusia n\u00e4k\u00f6kulmia kehitt\u00e4\u00e4 Music x Median tulevaisuutta entist\u00e4kin paremmaksi. Music x Media -tapahtumaan osallistui t\u00e4n\u00e4 vuonna\u00a01100 k\u00e4vij\u00e4\u00e4, noin\u00a0250 puhujaa\u00a0sek\u00e4\u00a050 vapaaehtoista ty\u00f6ntekij\u00e4\u00e4. Nelip\u00e4iv\u00e4inen seminaariohjelmisto koostui [&hellip;]<\/p>\n","protected":false},"author":11,"featured_media":6520,"comment_status":"closed","ping_status":"open","sticky":false,"template":"","format":"standard","meta":{"_acf_changed":false,"inline_featured_image":false,"footnotes":""},"categories":[756],"tags":[],"class_list":["post-6519","post","type-post","status-publish","format-standard","has-post-thumbnail","hentry","category-vain-suomeksi"],"acf":[],"yoast_head":"<!-- This site is optimized with the Yoast SEO plugin v25.7 - https:\/\/yoast.com\/wordpress\/plugins\/seo\/ -->\n<title>Iso kiitos Music x Median k\u00e4vij\u00f6ille! - Music x Media<\/title>\n<meta name=\"robots\" content=\"index, follow, max-snippet:-1, max-image-preview:large, max-video-preview:-1\" \/>\n<link rel=\"canonical\" href=\"https:\/\/musicmedia.fi\/fi\/iso-kiitos-music-x-median-kavijoille\/\" \/>\n<meta property=\"og:locale\" content=\"fi_FI\" \/>\n<meta property=\"og:type\" content=\"article\" \/>\n<meta property=\"og:title\" content=\"Iso kiitos Music x Median k\u00e4vij\u00f6ille! - Music x Media\" \/>\n<meta property=\"og:description\" content=\"Music x Media on paikka, jossa luova intohimo ja tulevaisuuden visiot kohtaavat, ja t\u00e4m\u00e4n vuoden tapahtuma on ollut\u00a0siit\u00e4\u00a0j\u00e4lleen upea esimerkki. Kiit\u00e4mme kaikkia osallistujia, puhujia ja yhteisty\u00f6kumppaneita! Vuoden 2023 tapahtuma on tarjonnut uusia n\u00e4k\u00f6kulmia kehitt\u00e4\u00e4 Music x Median tulevaisuutta entist\u00e4kin paremmaksi. Music x Media -tapahtumaan osallistui t\u00e4n\u00e4 vuonna\u00a01100 k\u00e4vij\u00e4\u00e4, noin\u00a0250 puhujaa\u00a0sek\u00e4\u00a050 vapaaehtoista ty\u00f6ntekij\u00e4\u00e4. Nelip\u00e4iv\u00e4inen seminaariohjelmisto koostui [&hellip;]\" \/>\n<meta property=\"og:url\" content=\"https:\/\/musicmedia.fi\/fi\/iso-kiitos-music-x-median-kavijoille\/\" \/>\n<meta property=\"og:site_name\" content=\"Music x Media\" \/>\n<meta property=\"article:published_time\" content=\"2023-10-11T11:49:13+00:00\" \/>\n<meta property=\"article:modified_time\" content=\"2024-11-04T08:59:59+00:00\" \/>\n<meta property=\"og:image\" content=\"https:\/\/musicmedia.fi\/wp-content\/uploads\/2023\/10\/MxM_0610_MiikkaVarila_procella_pekkahaavisto-2-scaled.jpg\" \/>\n\t<meta property=\"og:image:width\" content=\"2560\" \/>\n\t<meta property=\"og:image:height\" content=\"1707\" \/>\n\t<meta property=\"og:image:type\" content=\"image\/jpeg\" \/>\n<meta name=\"author\" content=\"info@musicmedia.fi\" \/>\n<meta name=\"twitter:card\" content=\"summary_large_image\" \/>\n<meta name=\"twitter:label1\" content=\"Kirjoittanut\" \/>\n\t<meta name=\"twitter:data1\" content=\"info@musicmedia.fi\" \/>\n\t<meta name=\"twitter:label2\" content=\"Arvioitu lukuaika\" \/>\n\t<meta name=\"twitter:data2\" content=\"3 minuuttia\" \/>\n<script type=\"application\/ld+json\" class=\"yoast-schema-graph\">{\"@context\":\"https:\/\/schema.org\",\"@graph\":[{\"@type\":\"Article\",\"@id\":\"https:\/\/musicmedia.fi\/iso-kiitos-music-x-median-kavijoille\/#article\",\"isPartOf\":{\"@id\":\"https:\/\/musicmedia.fi\/iso-kiitos-music-x-median-kavijoille\/\"},\"author\":{\"name\":\"info@musicmedia.fi\",\"@id\":\"https:\/\/musicmedia.fi\/#\/schema\/person\/4d79763c56ccb5c8c01ae47497da967d\"},\"headline\":\"Iso kiitos Music x Median k\u00e4vij\u00f6ille!\",\"datePublished\":\"2023-10-11T11:49:13+00:00\",\"dateModified\":\"2024-11-04T08:59:59+00:00\",\"mainEntityOfPage\":{\"@id\":\"https:\/\/musicmedia.fi\/iso-kiitos-music-x-median-kavijoille\/\"},\"wordCount\":537,\"publisher\":{\"@id\":\"https:\/\/musicmedia.fi\/#organization\"},\"image\":{\"@id\":\"https:\/\/musicmedia.fi\/iso-kiitos-music-x-median-kavijoille\/#primaryimage\"},\"thumbnailUrl\":\"https:\/\/musicmedia.fi\/wp-content\/uploads\/2023\/10\/MxM_0610_MiikkaVarila_procella_pekkahaavisto-2-scaled.jpg\",\"articleSection\":[\"Vain suomeksi\"],\"inLanguage\":\"fi\"},{\"@type\":\"WebPage\",\"@id\":\"https:\/\/musicmedia.fi\/iso-kiitos-music-x-median-kavijoille\/\",\"url\":\"https:\/\/musicmedia.fi\/iso-kiitos-music-x-median-kavijoille\/\",\"name\":\"Iso kiitos Music x Median k\u00e4vij\u00f6ille! - Music x Media\",\"isPartOf\":{\"@id\":\"https:\/\/musicmedia.fi\/#website\"},\"primaryImageOfPage\":{\"@id\":\"https:\/\/musicmedia.fi\/iso-kiitos-music-x-median-kavijoille\/#primaryimage\"},\"image\":{\"@id\":\"https:\/\/musicmedia.fi\/iso-kiitos-music-x-median-kavijoille\/#primaryimage\"},\"thumbnailUrl\":\"https:\/\/musicmedia.fi\/wp-content\/uploads\/2023\/10\/MxM_0610_MiikkaVarila_procella_pekkahaavisto-2-scaled.jpg\",\"datePublished\":\"2023-10-11T11:49:13+00:00\",\"dateModified\":\"2024-11-04T08:59:59+00:00\",\"breadcrumb\":{\"@id\":\"https:\/\/musicmedia.fi\/iso-kiitos-music-x-median-kavijoille\/#breadcrumb\"},\"inLanguage\":\"fi\",\"potentialAction\":[{\"@type\":\"ReadAction\",\"target\":[\"https:\/\/musicmedia.fi\/iso-kiitos-music-x-median-kavijoille\/\"]}]},{\"@type\":\"ImageObject\",\"inLanguage\":\"fi\",\"@id\":\"https:\/\/musicmedia.fi\/iso-kiitos-music-x-median-kavijoille\/#primaryimage\",\"url\":\"https:\/\/musicmedia.fi\/wp-content\/uploads\/2023\/10\/MxM_0610_MiikkaVarila_procella_pekkahaavisto-2-scaled.jpg\",\"contentUrl\":\"https:\/\/musicmedia.fi\/wp-content\/uploads\/2023\/10\/MxM_0610_MiikkaVarila_procella_pekkahaavisto-2-scaled.jpg\",\"width\":2560,\"height\":1707},{\"@type\":\"BreadcrumbList\",\"@id\":\"https:\/\/musicmedia.fi\/iso-kiitos-music-x-median-kavijoille\/#breadcrumb\",\"itemListElement\":[{\"@type\":\"ListItem\",\"position\":1,\"name\":\"Home\",\"item\":\"https:\/\/musicmedia.fi\/\"},{\"@type\":\"ListItem\",\"position\":2,\"name\":\"Iso kiitos Music x Median k\u00e4vij\u00f6ille!\"}]},{\"@type\":\"WebSite\",\"@id\":\"https:\/\/musicmedia.fi\/#website\",\"url\":\"https:\/\/musicmedia.fi\/\",\"name\":\"Music x Media\",\"description\":\"Musiikki-, viihde- ja tapahtuma-alojen kohtaamispaikka\",\"publisher\":{\"@id\":\"https:\/\/musicmedia.fi\/#organization\"},\"potentialAction\":[{\"@type\":\"SearchAction\",\"target\":{\"@type\":\"EntryPoint\",\"urlTemplate\":\"https:\/\/musicmedia.fi\/?s={search_term_string}\"},\"query-input\":{\"@type\":\"PropertyValueSpecification\",\"valueRequired\":true,\"valueName\":\"search_term_string\"}}],\"inLanguage\":\"fi\"},{\"@type\":\"Organization\",\"@id\":\"https:\/\/musicmedia.fi\/#organization\",\"name\":\"Music x Media\",\"url\":\"https:\/\/musicmedia.fi\/\",\"logo\":{\"@type\":\"ImageObject\",\"inLanguage\":\"fi\",\"@id\":\"https:\/\/musicmedia.fi\/#\/schema\/logo\/image\/\",\"url\":\"https:\/\/musicmedia.fi\/wp-content\/uploads\/2022\/05\/logo.png\",\"contentUrl\":\"https:\/\/musicmedia.fi\/wp-content\/uploads\/2022\/05\/logo.png\",\"width\":276,\"height\":147,\"caption\":\"Music x Media\"},\"image\":{\"@id\":\"https:\/\/musicmedia.fi\/#\/schema\/logo\/image\/\"}},{\"@type\":\"Person\",\"@id\":\"https:\/\/musicmedia.fi\/#\/schema\/person\/4d79763c56ccb5c8c01ae47497da967d\",\"name\":\"info@musicmedia.fi\",\"url\":\"https:\/\/musicmedia.fi\/fi\/author\/infomusicmedia-fi\/\"}]}<\/script>\n<!-- \/ Yoast SEO plugin. -->","yoast_head_json":{"title":"Iso kiitos Music x Median k\u00e4vij\u00f6ille! - Music x Media","robots":{"index":"index","follow":"follow","max-snippet":"max-snippet:-1","max-image-preview":"max-image-preview:large","max-video-preview":"max-video-preview:-1"},"canonical":"https:\/\/musicmedia.fi\/fi\/iso-kiitos-music-x-median-kavijoille\/","og_locale":"fi_FI","og_type":"article","og_title":"Iso kiitos Music x Median k\u00e4vij\u00f6ille! - Music x Media","og_description":"Music x Media on paikka, jossa luova intohimo ja tulevaisuuden visiot kohtaavat, ja t\u00e4m\u00e4n vuoden tapahtuma on ollut\u00a0siit\u00e4\u00a0j\u00e4lleen upea esimerkki. Kiit\u00e4mme kaikkia osallistujia, puhujia ja yhteisty\u00f6kumppaneita! Vuoden 2023 tapahtuma on tarjonnut uusia n\u00e4k\u00f6kulmia kehitt\u00e4\u00e4 Music x Median tulevaisuutta entist\u00e4kin paremmaksi. Music x Media -tapahtumaan osallistui t\u00e4n\u00e4 vuonna\u00a01100 k\u00e4vij\u00e4\u00e4, noin\u00a0250 puhujaa\u00a0sek\u00e4\u00a050 vapaaehtoista ty\u00f6ntekij\u00e4\u00e4. Nelip\u00e4iv\u00e4inen seminaariohjelmisto koostui [&hellip;]","og_url":"https:\/\/musicmedia.fi\/fi\/iso-kiitos-music-x-median-kavijoille\/","og_site_name":"Music x Media","article_published_time":"2023-10-11T11:49:13+00:00","article_modified_time":"2024-11-04T08:59:59+00:00","og_image":[{"width":2560,"height":1707,"url":"https:\/\/musicmedia.fi\/wp-content\/uploads\/2023\/10\/MxM_0610_MiikkaVarila_procella_pekkahaavisto-2-scaled.jpg","type":"image\/jpeg"}],"author":"info@musicmedia.fi","twitter_card":"summary_large_image","twitter_misc":{"Kirjoittanut":"info@musicmedia.fi","Arvioitu lukuaika":"3 minuuttia"},"schema":{"@context":"https:\/\/schema.org","@graph":[{"@type":"Article","@id":"https:\/\/musicmedia.fi\/iso-kiitos-music-x-median-kavijoille\/#article","isPartOf":{"@id":"https:\/\/musicmedia.fi\/iso-kiitos-music-x-median-kavijoille\/"},"author":{"name":"info@musicmedia.fi","@id":"https:\/\/musicmedia.fi\/#\/schema\/person\/4d79763c56ccb5c8c01ae47497da967d"},"headline":"Iso kiitos Music x Median k\u00e4vij\u00f6ille!","datePublished":"2023-10-11T11:49:13+00:00","dateModified":"2024-11-04T08:59:59+00:00","mainEntityOfPage":{"@id":"https:\/\/musicmedia.fi\/iso-kiitos-music-x-median-kavijoille\/"},"wordCount":537,"publisher":{"@id":"https:\/\/musicmedia.fi\/#organization"},"image":{"@id":"https:\/\/musicmedia.fi\/iso-kiitos-music-x-median-kavijoille\/#primaryimage"},"thumbnailUrl":"https:\/\/musicmedia.fi\/wp-content\/uploads\/2023\/10\/MxM_0610_MiikkaVarila_procella_pekkahaavisto-2-scaled.jpg","articleSection":["Vain suomeksi"],"inLanguage":"fi"},{"@type":"WebPage","@id":"https:\/\/musicmedia.fi\/iso-kiitos-music-x-median-kavijoille\/","url":"https:\/\/musicmedia.fi\/iso-kiitos-music-x-median-kavijoille\/","name":"Iso kiitos Music x Median k\u00e4vij\u00f6ille! - Music x Media","isPartOf":{"@id":"https:\/\/musicmedia.fi\/#website"},"primaryImageOfPage":{"@id":"https:\/\/musicmedia.fi\/iso-kiitos-music-x-median-kavijoille\/#primaryimage"},"image":{"@id":"https:\/\/musicmedia.fi\/iso-kiitos-music-x-median-kavijoille\/#primaryimage"},"thumbnailUrl":"https:\/\/musicmedia.fi\/wp-content\/uploads\/2023\/10\/MxM_0610_MiikkaVarila_procella_pekkahaavisto-2-scaled.jpg","datePublished":"2023-10-11T11:49:13+00:00","dateModified":"2024-11-04T08:59:59+00:00","breadcrumb":{"@id":"https:\/\/musicmedia.fi\/iso-kiitos-music-x-median-kavijoille\/#breadcrumb"},"inLanguage":"fi","potentialAction":[{"@type":"ReadAction","target":["https:\/\/musicmedia.fi\/iso-kiitos-music-x-median-kavijoille\/"]}]},{"@type":"ImageObject","inLanguage":"fi","@id":"https:\/\/musicmedia.fi\/iso-kiitos-music-x-median-kavijoille\/#primaryimage","url":"https:\/\/musicmedia.fi\/wp-content\/uploads\/2023\/10\/MxM_0610_MiikkaVarila_procella_pekkahaavisto-2-scaled.jpg","contentUrl":"https:\/\/musicmedia.fi\/wp-content\/uploads\/2023\/10\/MxM_0610_MiikkaVarila_procella_pekkahaavisto-2-scaled.jpg","width":2560,"height":1707},{"@type":"BreadcrumbList","@id":"https:\/\/musicmedia.fi\/iso-kiitos-music-x-median-kavijoille\/#breadcrumb","itemListElement":[{"@type":"ListItem","position":1,"name":"Home","item":"https:\/\/musicmedia.fi\/"},{"@type":"ListItem","position":2,"name":"Iso kiitos Music x Median k\u00e4vij\u00f6ille!"}]},{"@type":"WebSite","@id":"https:\/\/musicmedia.fi\/#website","url":"https:\/\/musicmedia.fi\/","name":"Music x Media","description":"Musiikki-, viihde- ja tapahtuma-alojen kohtaamispaikka","publisher":{"@id":"https:\/\/musicmedia.fi\/#organization"},"potentialAction":[{"@type":"SearchAction","target":{"@type":"EntryPoint","urlTemplate":"https:\/\/musicmedia.fi\/?s={search_term_string}"},"query-input":{"@type":"PropertyValueSpecification","valueRequired":true,"valueName":"search_term_string"}}],"inLanguage":"fi"},{"@type":"Organization","@id":"https:\/\/musicmedia.fi\/#organization","name":"Music x Media","url":"https:\/\/musicmedia.fi\/","logo":{"@type":"ImageObject","inLanguage":"fi","@id":"https:\/\/musicmedia.fi\/#\/schema\/logo\/image\/","url":"https:\/\/musicmedia.fi\/wp-content\/uploads\/2022\/05\/logo.png","contentUrl":"https:\/\/musicmedia.fi\/wp-content\/uploads\/2022\/05\/logo.png","width":276,"height":147,"caption":"Music x Media"},"image":{"@id":"https:\/\/musicmedia.fi\/#\/schema\/logo\/image\/"}},{"@type":"Person","@id":"https:\/\/musicmedia.fi\/#\/schema\/person\/4d79763c56ccb5c8c01ae47497da967d","name":"info@musicmedia.fi","url":"https:\/\/musicmedia.fi\/fi\/author\/infomusicmedia-fi\/"}]}},"_links":{"self":[{"href":"https:\/\/musicmedia.fi\/fi\/wp-json\/wp\/v2\/posts\/6519","targetHints":{"allow":["GET"]}}],"collection":[{"href":"https:\/\/musicmedia.fi\/fi\/wp-json\/wp\/v2\/posts"}],"about":[{"href":"https:\/\/musicmedia.fi\/fi\/wp-json\/wp\/v2\/types\/post"}],"author":[{"embeddable":true,"href":"https:\/\/musicmedia.fi\/fi\/wp-json\/wp\/v2\/users\/11"}],"replies":[{"embeddable":true,"href":"https:\/\/musicmedia.fi\/fi\/wp-json\/wp\/v2\/comments?post=6519"}],"version-history":[{"count":1,"href":"https:\/\/musicmedia.fi\/fi\/wp-json\/wp\/v2\/posts\/6519\/revisions"}],"predecessor-version":[{"id":6521,"href":"https:\/\/musicmedia.fi\/fi\/wp-json\/wp\/v2\/posts\/6519\/revisions\/6521"}],"wp:featuredmedia":[{"embeddable":true,"href":"https:\/\/musicmedia.fi\/fi\/wp-json\/wp\/v2\/media\/6520"}],"wp:attachment":[{"href":"https:\/\/musicmedia.fi\/fi\/wp-json\/wp\/v2\/media?parent=6519"}],"wp:term":[{"taxonomy":"category","embeddable":true,"href":"https:\/\/musicmedia.fi\/fi\/wp-json\/wp\/v2\/categories?post=6519"},{"taxonomy":"post_tag","embeddable":true,"href":"https:\/\/musicmedia.fi\/fi\/wp-json\/wp\/v2\/tags?post=6519"}],"curies":[{"name":"wp","href":"https:\/\/api.w.org\/{rel}","templated":true}]}}