{"id":4809,"date":"2023-07-04T16:05:22","date_gmt":"2023-07-04T13:05:22","guid":{"rendered":"https:\/\/musicmedia.fi\/?p=4809"},"modified":"2024-11-04T11:04:38","modified_gmt":"2024-11-04T09:04:38","slug":"kulttuuriala-vihapuhetta-vastaa","status":"publish","type":"post","link":"https:\/\/musicmedia.fi\/fi\/kulttuuriala-vihapuhetta-vastaa\/","title":{"rendered":"Kulttuuriala vihapuhetta vastaan"},"content":{"rendered":"<p><strong>Music x Media haluaa luoda kulttuurialalle terveemp\u00e4\u00e4 keskustelukulttuuria:\u00a0tapahtuman uudenlainen keskustelukonsepti on py\u00f6re\u00e4n p\u00f6yd\u00e4n keskustelu, roundtable, johon jokaisella tapahtumaan rekister\u00f6ityneell\u00e4 on mahdollisuus osallistua.\u00a0<\/strong><\/p>\n<p>Roundtable-keskusteluilla tavoitellaan tasavertaisempaa ja moniarvoisempaa kulttuurialaa, jossa jokaisella on mahdollisuus tuoda turvallisessa tilassa esille oma mielipiteens\u00e4. Keskustelut j\u00e4rjestet\u00e4\u00e4n Er\u00e4tauko-menetelm\u00e4ll\u00e4, jossa t\u00e4hd\u00e4t\u00e4\u00e4n aiheen, toisten ja my\u00f6s itsen parempaan ymm\u00e4rt\u00e4miseen. Keskustelujen kirjo ulottuu lippukaupan solmukohdista somekiusaamiselta suojautumiseen ja sen est\u00e4miseen, tapahtumien VIP-lipuista kateuteen. Tilakapasiteetin takia roundtable-keskustelut vaativat ennakkoilmoittautumisen.<\/p>\n<p><span style=\"font-weight: 400;\">Tapahtuman aluksi keskiviikkona 4.10. Er\u00e4tauko-s\u00e4\u00e4ti\u00f6n toimitusjohtaja <strong>Laura Arikka<\/strong> kertoo er\u00e4tauko-menetelm\u00e4st\u00e4 ja antaa k\u00e4yt\u00e4nn\u00f6n ohjeita keskustelujen vet\u00e4miseen ja keskustelemiseen. T\u00e4m\u00e4n j\u00e4lkeen ohjelmassa on keskusteluja, joita j\u00e4rjest\u00e4v\u00e4t Music x Median lis\u00e4ksi muun muassa LiveFIN, <\/span><span style=\"font-weight: 400;\">Music Manager&#8217;s Forum Finland ry (MMF Finland), <\/span><span style=\"font-weight: 400;\">sek\u00e4 SOA JA Tapahtumateollisuus Ry. Keskusteluja edelt\u00e4v\u00e4t teemaan johdattelevat esitelm\u00e4t tai haastattelut. <\/span><\/p>\n<p><span style=\"font-weight: 400;\">Keskusteluja j\u00e4rjestet\u00e4\u00e4n sek\u00e4 suomeksi ja englanniksi, yhteen py\u00f6re\u00e4\u00e4n p\u00f6yt\u00e4\u00e4n voi osallistua 5-25 henkil\u00f6\u00e4 ja <\/span><span style=\"font-weight: 400;\">niill\u00e4 on ohjaaja, joka pit\u00e4\u00e4 huolta keskustelun rakentavasta ja tasavertaisesta ilmapiirist\u00e4. Keskustelun luottamuksellisuudesta ja pelis\u00e4\u00e4nn\u00f6ist\u00e4 sovitaan jokaisen keskustelun aluksi. <\/span><span style=\"font-weight: 400;\">Er\u00e4tauko-menetelm\u00e4\u00e4n voi tutustua<\/span><a href=\"https:\/\/www.eratauko.fi\/mika-eratauko\/\"><span style=\"font-weight: 400;\"> t\u00e4\u00e4ll\u00e4.<\/span><\/a><span style=\"font-weight: 400;\">\u00a0<\/span><\/p>\n<p><span style=\"font-weight: 400;\">Music x Media on my\u00f6s Hyvin sanottu -hankkeen kumppani. <\/span><a href=\"https:\/\/yle.fi\/aihe\/s\/10000584\"><i><span style=\"font-weight: 400;\">Hyvin sanottu \u2013 Bra sagt<\/span><\/i><\/a><span style=\"font-weight: 400;\"> on Ylen ja Er\u00e4tauko-s\u00e4\u00e4ti\u00f6n luotsaama viisivuotinen hanke, jonka osallistujat pyrkiv\u00e4t vahvistamaan suomalaisen keskustelukulttuurin parhaita puolia ja luomaan turvallisia keskusteluymp\u00e4rist\u00f6j\u00e4. Samalla vahvistamme suomalaisten luottamusta ja ymm\u00e4rryst\u00e4 toisiaan kohtaan.<\/span><\/p>\n<p><span style=\"font-weight: 400;\">Kulttuurista on perinteisesti keskusteltu suomalaisessa mediassakin ristiriitojen ja vastakkainasettelujen kautta. Tyypillist\u00e4 toimialalle on my\u00f6s ristiriitojen ja ep\u00e4kohtien puiminen julkisuudessa tai sosiaalisen median kautta. Uskomme, ett\u00e4 yhteisen keskustelukulttuurin kehitt\u00e4misell\u00e4 pystyt\u00e4\u00e4n vaikuttamaan alan kasvuun, hyvinvointiin ja ty\u00f6nantajaimagoon.\u00a0<\/span><\/p>\n<p>&nbsp;<\/p>\n<p><span style=\"font-weight: 400;\">Rekister\u00f6idy Music x Mediaan ja ilmoittaudu keskusteluihin. L\u00f6yd\u00e4t ohjelman\u00a0<a href=\"https:\/\/musicmedia.fi\/ohjelma\/\">t\u00e4\u00e4ll\u00e4<\/a>. <em>Vinkki: k\u00e4yt\u00e4 roundtable-rajausta.<\/em><\/span><i><\/i><\/p>\n<p>&nbsp;<\/p>\n","protected":false},"excerpt":{"rendered":"<p>Music x Media haluaa luoda kulttuurialalle terveemp\u00e4\u00e4 keskustelukulttuuria:\u00a0tapahtuman uudenlainen keskustelukonsepti on py\u00f6re\u00e4n p\u00f6yd\u00e4n keskustelu, roundtable, johon jokaisella tapahtumaan rekister\u00f6ityneell\u00e4 on mahdollisuus osallistua.\u00a0 Roundtable-keskusteluilla tavoitellaan tasavertaisempaa ja moniarvoisempaa kulttuurialaa, jossa jokaisella on mahdollisuus tuoda turvallisessa tilassa esille oma mielipiteens\u00e4. Keskustelut j\u00e4rjestet\u00e4\u00e4n Er\u00e4tauko-menetelm\u00e4ll\u00e4, jossa t\u00e4hd\u00e4t\u00e4\u00e4n aiheen, toisten ja my\u00f6s itsen parempaan ymm\u00e4rt\u00e4miseen. Keskustelujen kirjo ulottuu lippukaupan solmukohdista [&hellip;]<\/p>\n","protected":false},"author":11,"featured_media":4821,"comment_status":"closed","ping_status":"open","sticky":false,"template":"","format":"standard","meta":{"_acf_changed":false,"inline_featured_image":false,"footnotes":""},"categories":[756],"tags":[],"class_list":["post-4809","post","type-post","status-publish","format-standard","has-post-thumbnail","hentry","category-vain-suomeksi"],"acf":[],"yoast_head":"<!-- This site is optimized with the Yoast SEO plugin v25.7 - https:\/\/yoast.com\/wordpress\/plugins\/seo\/ -->\n<title>Kulttuuriala vihapuhetta vastaan - Music x Media<\/title>\n<meta name=\"robots\" content=\"index, follow, max-snippet:-1, max-image-preview:large, max-video-preview:-1\" \/>\n<link rel=\"canonical\" href=\"https:\/\/musicmedia.fi\/fi\/kulttuuriala-vihapuhetta-vastaa\/\" \/>\n<meta property=\"og:locale\" content=\"fi_FI\" \/>\n<meta property=\"og:type\" content=\"article\" \/>\n<meta property=\"og:title\" content=\"Kulttuuriala vihapuhetta vastaan - Music x Media\" \/>\n<meta property=\"og:description\" content=\"Music x Media haluaa luoda kulttuurialalle terveemp\u00e4\u00e4 keskustelukulttuuria:\u00a0tapahtuman uudenlainen keskustelukonsepti on py\u00f6re\u00e4n p\u00f6yd\u00e4n keskustelu, roundtable, johon jokaisella tapahtumaan rekister\u00f6ityneell\u00e4 on mahdollisuus osallistua.\u00a0 Roundtable-keskusteluilla tavoitellaan tasavertaisempaa ja moniarvoisempaa kulttuurialaa, jossa jokaisella on mahdollisuus tuoda turvallisessa tilassa esille oma mielipiteens\u00e4. Keskustelut j\u00e4rjestet\u00e4\u00e4n Er\u00e4tauko-menetelm\u00e4ll\u00e4, jossa t\u00e4hd\u00e4t\u00e4\u00e4n aiheen, toisten ja my\u00f6s itsen parempaan ymm\u00e4rt\u00e4miseen. Keskustelujen kirjo ulottuu lippukaupan solmukohdista [&hellip;]\" \/>\n<meta property=\"og:url\" content=\"https:\/\/musicmedia.fi\/fi\/kulttuuriala-vihapuhetta-vastaa\/\" \/>\n<meta property=\"og:site_name\" content=\"Music x Media\" \/>\n<meta property=\"article:published_time\" content=\"2023-07-04T13:05:22+00:00\" \/>\n<meta property=\"article:modified_time\" content=\"2024-11-04T09:04:38+00:00\" \/>\n<meta property=\"og:image\" content=\"https:\/\/musicmedia.fi\/wp-content\/uploads\/2023\/07\/MxM_2909_to_MiikkaVarila_Tiketti_retoriikka-1-scaled.jpg\" \/>\n\t<meta property=\"og:image:width\" content=\"2560\" \/>\n\t<meta property=\"og:image:height\" content=\"1707\" \/>\n\t<meta property=\"og:image:type\" content=\"image\/jpeg\" \/>\n<meta name=\"author\" content=\"info@musicmedia.fi\" \/>\n<meta name=\"twitter:card\" content=\"summary_large_image\" \/>\n<meta name=\"twitter:label1\" content=\"Kirjoittanut\" \/>\n\t<meta name=\"twitter:data1\" content=\"info@musicmedia.fi\" \/>\n\t<meta name=\"twitter:label2\" content=\"Arvioitu lukuaika\" \/>\n\t<meta name=\"twitter:data2\" content=\"2 minuuttia\" \/>\n<script type=\"application\/ld+json\" class=\"yoast-schema-graph\">{\"@context\":\"https:\/\/schema.org\",\"@graph\":[{\"@type\":\"Article\",\"@id\":\"https:\/\/musicmedia.fi\/kulttuuriala-vihapuhetta-vastaa\/#article\",\"isPartOf\":{\"@id\":\"https:\/\/musicmedia.fi\/kulttuuriala-vihapuhetta-vastaa\/\"},\"author\":{\"name\":\"info@musicmedia.fi\",\"@id\":\"https:\/\/musicmedia.fi\/#\/schema\/person\/4d79763c56ccb5c8c01ae47497da967d\"},\"headline\":\"Kulttuuriala vihapuhetta vastaan\",\"datePublished\":\"2023-07-04T13:05:22+00:00\",\"dateModified\":\"2024-11-04T09:04:38+00:00\",\"mainEntityOfPage\":{\"@id\":\"https:\/\/musicmedia.fi\/kulttuuriala-vihapuhetta-vastaa\/\"},\"wordCount\":313,\"publisher\":{\"@id\":\"https:\/\/musicmedia.fi\/#organization\"},\"image\":{\"@id\":\"https:\/\/musicmedia.fi\/kulttuuriala-vihapuhetta-vastaa\/#primaryimage\"},\"thumbnailUrl\":\"https:\/\/musicmedia.fi\/wp-content\/uploads\/2023\/07\/MxM_2909_to_MiikkaVarila_Tiketti_retoriikka-1-scaled.jpg\",\"articleSection\":[\"Vain suomeksi\"],\"inLanguage\":\"fi\"},{\"@type\":\"WebPage\",\"@id\":\"https:\/\/musicmedia.fi\/kulttuuriala-vihapuhetta-vastaa\/\",\"url\":\"https:\/\/musicmedia.fi\/kulttuuriala-vihapuhetta-vastaa\/\",\"name\":\"Kulttuuriala vihapuhetta vastaan - Music x Media\",\"isPartOf\":{\"@id\":\"https:\/\/musicmedia.fi\/#website\"},\"primaryImageOfPage\":{\"@id\":\"https:\/\/musicmedia.fi\/kulttuuriala-vihapuhetta-vastaa\/#primaryimage\"},\"image\":{\"@id\":\"https:\/\/musicmedia.fi\/kulttuuriala-vihapuhetta-vastaa\/#primaryimage\"},\"thumbnailUrl\":\"https:\/\/musicmedia.fi\/wp-content\/uploads\/2023\/07\/MxM_2909_to_MiikkaVarila_Tiketti_retoriikka-1-scaled.jpg\",\"datePublished\":\"2023-07-04T13:05:22+00:00\",\"dateModified\":\"2024-11-04T09:04:38+00:00\",\"breadcrumb\":{\"@id\":\"https:\/\/musicmedia.fi\/kulttuuriala-vihapuhetta-vastaa\/#breadcrumb\"},\"inLanguage\":\"fi\",\"potentialAction\":[{\"@type\":\"ReadAction\",\"target\":[\"https:\/\/musicmedia.fi\/kulttuuriala-vihapuhetta-vastaa\/\"]}]},{\"@type\":\"ImageObject\",\"inLanguage\":\"fi\",\"@id\":\"https:\/\/musicmedia.fi\/kulttuuriala-vihapuhetta-vastaa\/#primaryimage\",\"url\":\"https:\/\/musicmedia.fi\/wp-content\/uploads\/2023\/07\/MxM_2909_to_MiikkaVarila_Tiketti_retoriikka-1-scaled.jpg\",\"contentUrl\":\"https:\/\/musicmedia.fi\/wp-content\/uploads\/2023\/07\/MxM_2909_to_MiikkaVarila_Tiketti_retoriikka-1-scaled.jpg\",\"width\":2560,\"height\":1707},{\"@type\":\"BreadcrumbList\",\"@id\":\"https:\/\/musicmedia.fi\/kulttuuriala-vihapuhetta-vastaa\/#breadcrumb\",\"itemListElement\":[{\"@type\":\"ListItem\",\"position\":1,\"name\":\"Home\",\"item\":\"https:\/\/musicmedia.fi\/\"},{\"@type\":\"ListItem\",\"position\":2,\"name\":\"Kulttuuriala vihapuhetta vastaan\"}]},{\"@type\":\"WebSite\",\"@id\":\"https:\/\/musicmedia.fi\/#website\",\"url\":\"https:\/\/musicmedia.fi\/\",\"name\":\"Music x Media\",\"description\":\"Musiikki-, viihde- ja tapahtuma-alojen kohtaamispaikka\",\"publisher\":{\"@id\":\"https:\/\/musicmedia.fi\/#organization\"},\"potentialAction\":[{\"@type\":\"SearchAction\",\"target\":{\"@type\":\"EntryPoint\",\"urlTemplate\":\"https:\/\/musicmedia.fi\/?s={search_term_string}\"},\"query-input\":{\"@type\":\"PropertyValueSpecification\",\"valueRequired\":true,\"valueName\":\"search_term_string\"}}],\"inLanguage\":\"fi\"},{\"@type\":\"Organization\",\"@id\":\"https:\/\/musicmedia.fi\/#organization\",\"name\":\"Music x Media\",\"url\":\"https:\/\/musicmedia.fi\/\",\"logo\":{\"@type\":\"ImageObject\",\"inLanguage\":\"fi\",\"@id\":\"https:\/\/musicmedia.fi\/#\/schema\/logo\/image\/\",\"url\":\"https:\/\/musicmedia.fi\/wp-content\/uploads\/2022\/05\/logo.png\",\"contentUrl\":\"https:\/\/musicmedia.fi\/wp-content\/uploads\/2022\/05\/logo.png\",\"width\":276,\"height\":147,\"caption\":\"Music x Media\"},\"image\":{\"@id\":\"https:\/\/musicmedia.fi\/#\/schema\/logo\/image\/\"}},{\"@type\":\"Person\",\"@id\":\"https:\/\/musicmedia.fi\/#\/schema\/person\/4d79763c56ccb5c8c01ae47497da967d\",\"name\":\"info@musicmedia.fi\",\"url\":\"https:\/\/musicmedia.fi\/fi\/author\/infomusicmedia-fi\/\"}]}<\/script>\n<!-- \/ Yoast SEO plugin. -->","yoast_head_json":{"title":"Kulttuuriala vihapuhetta vastaan - Music x Media","robots":{"index":"index","follow":"follow","max-snippet":"max-snippet:-1","max-image-preview":"max-image-preview:large","max-video-preview":"max-video-preview:-1"},"canonical":"https:\/\/musicmedia.fi\/fi\/kulttuuriala-vihapuhetta-vastaa\/","og_locale":"fi_FI","og_type":"article","og_title":"Kulttuuriala vihapuhetta vastaan - Music x Media","og_description":"Music x Media haluaa luoda kulttuurialalle terveemp\u00e4\u00e4 keskustelukulttuuria:\u00a0tapahtuman uudenlainen keskustelukonsepti on py\u00f6re\u00e4n p\u00f6yd\u00e4n keskustelu, roundtable, johon jokaisella tapahtumaan rekister\u00f6ityneell\u00e4 on mahdollisuus osallistua.\u00a0 Roundtable-keskusteluilla tavoitellaan tasavertaisempaa ja moniarvoisempaa kulttuurialaa, jossa jokaisella on mahdollisuus tuoda turvallisessa tilassa esille oma mielipiteens\u00e4. Keskustelut j\u00e4rjestet\u00e4\u00e4n Er\u00e4tauko-menetelm\u00e4ll\u00e4, jossa t\u00e4hd\u00e4t\u00e4\u00e4n aiheen, toisten ja my\u00f6s itsen parempaan ymm\u00e4rt\u00e4miseen. Keskustelujen kirjo ulottuu lippukaupan solmukohdista [&hellip;]","og_url":"https:\/\/musicmedia.fi\/fi\/kulttuuriala-vihapuhetta-vastaa\/","og_site_name":"Music x Media","article_published_time":"2023-07-04T13:05:22+00:00","article_modified_time":"2024-11-04T09:04:38+00:00","og_image":[{"width":2560,"height":1707,"url":"https:\/\/musicmedia.fi\/wp-content\/uploads\/2023\/07\/MxM_2909_to_MiikkaVarila_Tiketti_retoriikka-1-scaled.jpg","type":"image\/jpeg"}],"author":"info@musicmedia.fi","twitter_card":"summary_large_image","twitter_misc":{"Kirjoittanut":"info@musicmedia.fi","Arvioitu lukuaika":"2 minuuttia"},"schema":{"@context":"https:\/\/schema.org","@graph":[{"@type":"Article","@id":"https:\/\/musicmedia.fi\/kulttuuriala-vihapuhetta-vastaa\/#article","isPartOf":{"@id":"https:\/\/musicmedia.fi\/kulttuuriala-vihapuhetta-vastaa\/"},"author":{"name":"info@musicmedia.fi","@id":"https:\/\/musicmedia.fi\/#\/schema\/person\/4d79763c56ccb5c8c01ae47497da967d"},"headline":"Kulttuuriala vihapuhetta vastaan","datePublished":"2023-07-04T13:05:22+00:00","dateModified":"2024-11-04T09:04:38+00:00","mainEntityOfPage":{"@id":"https:\/\/musicmedia.fi\/kulttuuriala-vihapuhetta-vastaa\/"},"wordCount":313,"publisher":{"@id":"https:\/\/musicmedia.fi\/#organization"},"image":{"@id":"https:\/\/musicmedia.fi\/kulttuuriala-vihapuhetta-vastaa\/#primaryimage"},"thumbnailUrl":"https:\/\/musicmedia.fi\/wp-content\/uploads\/2023\/07\/MxM_2909_to_MiikkaVarila_Tiketti_retoriikka-1-scaled.jpg","articleSection":["Vain suomeksi"],"inLanguage":"fi"},{"@type":"WebPage","@id":"https:\/\/musicmedia.fi\/kulttuuriala-vihapuhetta-vastaa\/","url":"https:\/\/musicmedia.fi\/kulttuuriala-vihapuhetta-vastaa\/","name":"Kulttuuriala vihapuhetta vastaan - Music x Media","isPartOf":{"@id":"https:\/\/musicmedia.fi\/#website"},"primaryImageOfPage":{"@id":"https:\/\/musicmedia.fi\/kulttuuriala-vihapuhetta-vastaa\/#primaryimage"},"image":{"@id":"https:\/\/musicmedia.fi\/kulttuuriala-vihapuhetta-vastaa\/#primaryimage"},"thumbnailUrl":"https:\/\/musicmedia.fi\/wp-content\/uploads\/2023\/07\/MxM_2909_to_MiikkaVarila_Tiketti_retoriikka-1-scaled.jpg","datePublished":"2023-07-04T13:05:22+00:00","dateModified":"2024-11-04T09:04:38+00:00","breadcrumb":{"@id":"https:\/\/musicmedia.fi\/kulttuuriala-vihapuhetta-vastaa\/#breadcrumb"},"inLanguage":"fi","potentialAction":[{"@type":"ReadAction","target":["https:\/\/musicmedia.fi\/kulttuuriala-vihapuhetta-vastaa\/"]}]},{"@type":"ImageObject","inLanguage":"fi","@id":"https:\/\/musicmedia.fi\/kulttuuriala-vihapuhetta-vastaa\/#primaryimage","url":"https:\/\/musicmedia.fi\/wp-content\/uploads\/2023\/07\/MxM_2909_to_MiikkaVarila_Tiketti_retoriikka-1-scaled.jpg","contentUrl":"https:\/\/musicmedia.fi\/wp-content\/uploads\/2023\/07\/MxM_2909_to_MiikkaVarila_Tiketti_retoriikka-1-scaled.jpg","width":2560,"height":1707},{"@type":"BreadcrumbList","@id":"https:\/\/musicmedia.fi\/kulttuuriala-vihapuhetta-vastaa\/#breadcrumb","itemListElement":[{"@type":"ListItem","position":1,"name":"Home","item":"https:\/\/musicmedia.fi\/"},{"@type":"ListItem","position":2,"name":"Kulttuuriala vihapuhetta vastaan"}]},{"@type":"WebSite","@id":"https:\/\/musicmedia.fi\/#website","url":"https:\/\/musicmedia.fi\/","name":"Music x Media","description":"Musiikki-, viihde- ja tapahtuma-alojen kohtaamispaikka","publisher":{"@id":"https:\/\/musicmedia.fi\/#organization"},"potentialAction":[{"@type":"SearchAction","target":{"@type":"EntryPoint","urlTemplate":"https:\/\/musicmedia.fi\/?s={search_term_string}"},"query-input":{"@type":"PropertyValueSpecification","valueRequired":true,"valueName":"search_term_string"}}],"inLanguage":"fi"},{"@type":"Organization","@id":"https:\/\/musicmedia.fi\/#organization","name":"Music x Media","url":"https:\/\/musicmedia.fi\/","logo":{"@type":"ImageObject","inLanguage":"fi","@id":"https:\/\/musicmedia.fi\/#\/schema\/logo\/image\/","url":"https:\/\/musicmedia.fi\/wp-content\/uploads\/2022\/05\/logo.png","contentUrl":"https:\/\/musicmedia.fi\/wp-content\/uploads\/2022\/05\/logo.png","width":276,"height":147,"caption":"Music x Media"},"image":{"@id":"https:\/\/musicmedia.fi\/#\/schema\/logo\/image\/"}},{"@type":"Person","@id":"https:\/\/musicmedia.fi\/#\/schema\/person\/4d79763c56ccb5c8c01ae47497da967d","name":"info@musicmedia.fi","url":"https:\/\/musicmedia.fi\/fi\/author\/infomusicmedia-fi\/"}]}},"_links":{"self":[{"href":"https:\/\/musicmedia.fi\/fi\/wp-json\/wp\/v2\/posts\/4809","targetHints":{"allow":["GET"]}}],"collection":[{"href":"https:\/\/musicmedia.fi\/fi\/wp-json\/wp\/v2\/posts"}],"about":[{"href":"https:\/\/musicmedia.fi\/fi\/wp-json\/wp\/v2\/types\/post"}],"author":[{"embeddable":true,"href":"https:\/\/musicmedia.fi\/fi\/wp-json\/wp\/v2\/users\/11"}],"replies":[{"embeddable":true,"href":"https:\/\/musicmedia.fi\/fi\/wp-json\/wp\/v2\/comments?post=4809"}],"version-history":[{"count":9,"href":"https:\/\/musicmedia.fi\/fi\/wp-json\/wp\/v2\/posts\/4809\/revisions"}],"predecessor-version":[{"id":5282,"href":"https:\/\/musicmedia.fi\/fi\/wp-json\/wp\/v2\/posts\/4809\/revisions\/5282"}],"wp:featuredmedia":[{"embeddable":true,"href":"https:\/\/musicmedia.fi\/fi\/wp-json\/wp\/v2\/media\/4821"}],"wp:attachment":[{"href":"https:\/\/musicmedia.fi\/fi\/wp-json\/wp\/v2\/media?parent=4809"}],"wp:term":[{"taxonomy":"category","embeddable":true,"href":"https:\/\/musicmedia.fi\/fi\/wp-json\/wp\/v2\/categories?post=4809"},{"taxonomy":"post_tag","embeddable":true,"href":"https:\/\/musicmedia.fi\/fi\/wp-json\/wp\/v2\/tags?post=4809"}],"curies":[{"name":"wp","href":"https:\/\/api.w.org\/{rel}","templated":true}]}}