{"id":4374,"date":"2023-05-31T10:16:36","date_gmt":"2023-05-31T07:16:36","guid":{"rendered":"https:\/\/musicmedia.fi\/?p=4374"},"modified":"2024-11-04T11:04:41","modified_gmt":"2024-11-04T09:04:41","slug":"olemme-mukana-suomiareenassa-taide-kuuluu-kaikille-kuuleeko-kukaan","status":"publish","type":"post","link":"https:\/\/musicmedia.fi\/fi\/olemme-mukana-suomiareenassa-taide-kuuluu-kaikille-kuuleeko-kukaan\/","title":{"rendered":"Olemme mukana SuomiAreenassa \u2013 Taide kuuluu kaikille, kuuleeko kukaan?"},"content":{"rendered":"<p>&nbsp;<\/p>\n<p><a href=\"https:\/\/www.suomiareena.fi\/\"><span style=\"font-weight: 400;\">SuomiAreena<\/span><\/a><span style=\"font-weight: 400;\"> on Suomen suurin yhteiskunnallinen festivaali, joka j\u00e4rjestet\u00e4\u00e4n Porissa 27.\u201330.6.2023. Tapahtuman ohjelma koostuu aiheista, jotka puhututtavat yhteiskunnassa juuri nyt. <\/span><span style=\"font-weight: 400;\">Music x Media j\u00e4rjest\u00e4\u00e4 yhteisty\u00f6ss\u00e4 <\/span><a href=\"https:\/\/frame-finland.fi\/en\"><span style=\"font-weight: 400;\">Framen<\/span><\/a><span style=\"font-weight: 400;\"> ja <\/span><a href=\"https:\/\/kirjailijaliitto.fi\/\"><span style=\"font-weight: 400;\">Suomen Kirjailijaliiton<\/span><\/a> <span style=\"font-weight: 400;\">kanssa tapahtumaan keskustelu<\/span><span style=\"font-weight: 400;\">n <\/span><em><span style=\"font-weight: 400;\">Taide kuuluu kaikille, kuuleeko kukaan?<\/span><\/em> <span style=\"font-weight: 400;\">taiteen yhteiskunnallisesta merkityksest\u00e4 ja asemasta.\u00a0<\/span><\/p>\n<p><span style=\"font-weight: 400;\">Taide tuo n\u00e4kyv\u00e4ksi ihmiskunnan suurimpia uhkia, k\u00e4sittelee traumoja, peilaa mennytt\u00e4, ennustaa tulevaa, opettaa empatiaan ja vahvistaa demokratiaa &#8211; muuttaa maailmaa. Taiteen potentiaalia ja taiteen tekij\u00f6iden n\u00e4kemyksi\u00e4 ei tunnuta kuitenkaan huomioitavan ja tunnustavan nykyp\u00e4iv\u00e4n tulevaisuusorientoituneessa aikalaiskeskustelussa juuri lainkaan. Harvemmin taiteilijoita my\u00f6sk\u00e4\u00e4n kuullaan asiantuntijoina esimerkiksi mediassa. Onko taide ollut liian hiljaa vai eik\u00f6 sit\u00e4 vain muisteta kuulla?\u00a0\u00a0<\/span><\/p>\n<p><span style=\"font-weight: 400;\">Otsikon <\/span><a href=\"https:\/\/www.suomiareena.fi\/pori\/ohjelma\/04F751C5-21C5-4996-B97E-A4A370A412DA\"><i><span style=\"font-weight: 400;\">Taide kuuluu kaikille, kuuleeko kukaan?<\/span><\/i><\/a><span style=\"font-weight: 400;\"> alla her\u00e4tell\u00e4\u00e4n filosofista ja yhteiskunnallisesti merkitt\u00e4v\u00e4\u00e4 kulttuurikeskustelua, jossa veikkausvoittovarojen ja kulttuurikritiikin sijaan pureudutaan taiteen sis\u00e4lt\u00f6ihin ja niiden rooliin yhteiskunnassa.\u00a0<\/span><span style=\"font-weight: 400;\">Keskustelemaan saapuvat<\/span><b> Anu Laitila<\/b>, <b>Karri Miettinen<\/b>, <b>Susanna Pettersson<\/b>, <b>Eleonoora Riihinen <\/b><span style=\"font-weight: 400;\">sek\u00e4 <\/span><b>Ville-Juhani Sutinen <span style=\"font-weight: 400;\">keskiviikkona 28.6. klo 19.00-19.45 Raatihuoneenpuiston lavalla.\u00a0<\/span><\/b><\/p>\n<p>&nbsp;<\/p>\n<p>&nbsp;<\/p>\n<h2><b>Taide kuuluu kaikille, kuuleeko kukaan?<\/b><\/h2>\n<p>&nbsp;<\/p>\n<p><span style=\"font-weight: 400;\">Suomi Areena, Pori<br \/>\n<\/span><\/p>\n<p><span style=\"font-weight: 400;\">28.6.2023 klo 19.00 Raatihuoneenpuiston lava<\/span><\/p>\n<p>&nbsp;<\/p>\n<p><span style=\"font-weight: 400;\">J\u00e4rjest\u00e4j\u00e4t: Frame Contemporary Art Finland, Suomen Kirjailijaliitto, Music x Media<\/span><\/p>\n<p>&nbsp;<\/p>\n<p><span style=\"font-weight: 400;\">Keskustelijat:<\/span><span style=\"font-weight: 400;\"><br \/>\n<\/span><span style=\"font-weight: 400;\">Anu Laitila (moderaattori)<\/span><span style=\"font-weight: 400;\"><br \/>\n<\/span><span style=\"font-weight: 400;\">Susanna Pettersson<br \/>\n<\/span><span style=\"font-weight: 400;\">Karri Miettinen<br \/>\n<\/span><span style=\"font-weight: 400;\">Eleonoora Riihinen<\/span><span style=\"font-weight: 400;\"><br \/>\n<\/span><span style=\"font-weight: 400;\">Ville-Juhani Sutinen<\/span><\/p>\n<p>&nbsp;<\/p>\n<p><span style=\"font-weight: 400;\">Taide tuo n\u00e4kyv\u00e4ksi ihmiskunnan suurimpia uhkia, k\u00e4sittelee traumoja, peilaa mennytt\u00e4, ennustaa tulevaa, opettaa empatiaan ja vahvistaa demokratiaa &#8211; muuttaa maailmaa. Taiteen potentiaalia ja taiteen tekij\u00f6iden n\u00e4kemyksi\u00e4 ei tunnuta kuitenkaan huomioitavan ja tunnustavan nykyp\u00e4iv\u00e4n tulevaisuusorientoituneessa aikalaiskeskustelussa juuri lainkaan. Harvemmin taiteilijoita my\u00f6sk\u00e4\u00e4n kuullaan asiantuntijoina esimerkiksi mediassa. Onko taide ollut liian hiljaa vai eik\u00f6 sit\u00e4 vain muisteta kuulla?<\/span><\/p>\n<p>&nbsp;<\/p>\n<p><span style=\"font-weight: 400;\">Vieraile SuomiAreenan <a href=\"https:\/\/www.suomiareena.fi\/pori\/ohjelma\/04F751C5-21C5-4996-B97E-A4A370A412DA\">ohjelmasivulla<\/a>.<\/span><\/p>\n<p>&nbsp;<\/p>\n<p>&nbsp;<\/p>\n<h2><strong>Puhujat<\/strong><\/h2>\n<p>&nbsp;<\/p>\n<p><b><i>Karri Miettinen<\/i><\/b><i><span style=\"font-weight: 400;\"> alias Paleface on uraauurtava suomalaisr\u00e4pp\u00e4ri ja monipuolinen kirjoittaja. Omien soololevyjens\u00e4 lis\u00e4ksi h\u00e4n on toiminut muun muassa Ricky-Tick Big Band &amp; Julkinen Sana-kokoonpanossa. Miettisen ja Esa Salmisen teos Kolmetoista kertaa kovempi \u2014 R\u00e4pp\u00e4rin k\u00e4sikirja palkittiin vuonna 2020 tiedonjulkistamisen valtionpalkinnolla. Pitk\u00e4n artistiuran lis\u00e4ksi Paleface on toiminut aktiivisesti ihmisoikeusliikkeess\u00e4.<\/span><\/i><\/p>\n<p><i><span style=\"font-weight: 400;\">Dosentti <\/span><\/i><b><i>Susanna Pettersson<\/i><\/b><i><span style=\"font-weight: 400;\"> on Suomen Kulttuurirahaston toimitusjohtaja. Aikaisemmin h\u00e4n on toiminut Ruotsin Nationalmuseumin p\u00e4\u00e4johtajana sek\u00e4 Ateneumin taidemuseon, Suomen Lontoon instituutin ja Alvar Aalto -s\u00e4\u00e4ti\u00f6n ja museon johtajana. Lis\u00e4ksi h\u00e4n on mm. Stiftelsen Nobel Centerin hallituksen j\u00e4sen.<\/span><\/i><\/p>\n<p><b><i>Eleonoora Riihinen<\/i><\/b><i><span style=\"font-weight: 400;\"> on Helsingin Sanomien kulttuuritoimittaja ja kirjallisuuskriitikko. Riihinen on kiinnostunut populaarikulttuurin ilmi\u00f6ist\u00e4 laajasti, mutta h\u00e4nen erityisalaansa on kirjallisuus. H\u00e4n on mukana Helsingin Sanomien kirjallisuuspalkintoraadissa.<\/span><\/i><\/p>\n<p><b><i>Anu Laitila<\/i><\/b><i><span style=\"font-weight: 400;\"> on Turun kaupungin kulttuurijohtaja. H\u00e4n on aikaisemmin ty\u00f6skennellyt toimialajohtajana Keravan kaupungilla sek\u00e4 johtajana kulttuurialan organisaatioissa, mm. Suomen Viron-instituutissa. Laitila on koulutukseltaan FM (Helsingin yliopisto) ja EMBA (Henley Business School). Laitila on valinnut Finlandia Junior -voittajan ja toiminut lukuisissa luottamusteht\u00e4viss\u00e4.\u00a0\u00a0<\/span><\/i><\/p>\n<p><b><i>Ville-Juhani Sutinen<\/i><\/b><i><span style=\"font-weight: 400;\"> on Jyv\u00e4skyl\u00e4ss\u00e4 asuva kirjailija ja k\u00e4\u00e4nt\u00e4j\u00e4. H\u00e4nelt\u00e4 on ilmestynyt niin romaaneja, esseit\u00e4 kuin tietokirjoja, ja h\u00e4n on suomentanut klassikkokirjallisuutta.<\/span><\/i><\/p>\n<p><i><span style=\"font-weight: 400;\">\u00a0<\/span><\/i><\/p>\n","protected":false},"excerpt":{"rendered":"<p>&nbsp; SuomiAreena on Suomen suurin yhteiskunnallinen festivaali, joka j\u00e4rjestet\u00e4\u00e4n Porissa 27.\u201330.6.2023. Tapahtuman ohjelma koostuu aiheista, jotka puhututtavat yhteiskunnassa juuri nyt. Music x Media j\u00e4rjest\u00e4\u00e4 yhteisty\u00f6ss\u00e4 Framen ja Suomen Kirjailijaliiton kanssa tapahtumaan keskustelun Taide kuuluu kaikille, kuuleeko kukaan? taiteen yhteiskunnallisesta merkityksest\u00e4 ja asemasta.\u00a0 Taide tuo n\u00e4kyv\u00e4ksi ihmiskunnan suurimpia uhkia, k\u00e4sittelee traumoja, peilaa mennytt\u00e4, ennustaa tulevaa, opettaa [&hellip;]<\/p>\n","protected":false},"author":11,"featured_media":4375,"comment_status":"closed","ping_status":"open","sticky":false,"template":"","format":"standard","meta":{"_acf_changed":false,"inline_featured_image":false,"footnotes":""},"categories":[756],"tags":[],"class_list":["post-4374","post","type-post","status-publish","format-standard","has-post-thumbnail","hentry","category-vain-suomeksi"],"acf":[],"yoast_head":"<!-- This site is optimized with the Yoast SEO plugin v25.7 - https:\/\/yoast.com\/wordpress\/plugins\/seo\/ -->\n<title>Olemme mukana SuomiAreenassa \u2013 Taide kuuluu kaikille, kuuleeko kukaan? - Music x Media<\/title>\n<meta name=\"robots\" content=\"index, follow, max-snippet:-1, max-image-preview:large, max-video-preview:-1\" \/>\n<link rel=\"canonical\" href=\"https:\/\/musicmedia.fi\/fi\/olemme-mukana-suomiareenassa-taide-kuuluu-kaikille-kuuleeko-kukaan\/\" \/>\n<meta property=\"og:locale\" content=\"fi_FI\" \/>\n<meta property=\"og:type\" content=\"article\" \/>\n<meta property=\"og:title\" content=\"Olemme mukana SuomiAreenassa \u2013 Taide kuuluu kaikille, kuuleeko kukaan? - Music x Media\" \/>\n<meta property=\"og:description\" content=\"&nbsp; SuomiAreena on Suomen suurin yhteiskunnallinen festivaali, joka j\u00e4rjestet\u00e4\u00e4n Porissa 27.\u201330.6.2023. Tapahtuman ohjelma koostuu aiheista, jotka puhututtavat yhteiskunnassa juuri nyt. Music x Media j\u00e4rjest\u00e4\u00e4 yhteisty\u00f6ss\u00e4 Framen ja Suomen Kirjailijaliiton kanssa tapahtumaan keskustelun Taide kuuluu kaikille, kuuleeko kukaan? taiteen yhteiskunnallisesta merkityksest\u00e4 ja asemasta.\u00a0 Taide tuo n\u00e4kyv\u00e4ksi ihmiskunnan suurimpia uhkia, k\u00e4sittelee traumoja, peilaa mennytt\u00e4, ennustaa tulevaa, opettaa [&hellip;]\" \/>\n<meta property=\"og:url\" content=\"https:\/\/musicmedia.fi\/fi\/olemme-mukana-suomiareenassa-taide-kuuluu-kaikille-kuuleeko-kukaan\/\" \/>\n<meta property=\"og:site_name\" content=\"Music x Media\" \/>\n<meta property=\"article:published_time\" content=\"2023-05-31T07:16:36+00:00\" \/>\n<meta property=\"article:modified_time\" content=\"2024-11-04T09:04:41+00:00\" \/>\n<meta property=\"og:image\" content=\"https:\/\/musicmedia.fi\/wp-content\/uploads\/2023\/05\/Olemme-mukana-SuomiAreenassa.png\" \/>\n\t<meta property=\"og:image:width\" content=\"940\" \/>\n\t<meta property=\"og:image:height\" content=\"788\" \/>\n\t<meta property=\"og:image:type\" content=\"image\/png\" \/>\n<meta name=\"author\" content=\"info@musicmedia.fi\" \/>\n<meta name=\"twitter:card\" content=\"summary_large_image\" \/>\n<meta name=\"twitter:label1\" content=\"Kirjoittanut\" \/>\n\t<meta name=\"twitter:data1\" content=\"info@musicmedia.fi\" \/>\n\t<meta name=\"twitter:label2\" content=\"Arvioitu lukuaika\" \/>\n\t<meta name=\"twitter:data2\" content=\"3 minuuttia\" \/>\n<script type=\"application\/ld+json\" class=\"yoast-schema-graph\">{\"@context\":\"https:\/\/schema.org\",\"@graph\":[{\"@type\":\"Article\",\"@id\":\"https:\/\/musicmedia.fi\/olemme-mukana-suomiareenassa-taide-kuuluu-kaikille-kuuleeko-kukaan\/#article\",\"isPartOf\":{\"@id\":\"https:\/\/musicmedia.fi\/olemme-mukana-suomiareenassa-taide-kuuluu-kaikille-kuuleeko-kukaan\/\"},\"author\":{\"name\":\"info@musicmedia.fi\",\"@id\":\"https:\/\/musicmedia.fi\/#\/schema\/person\/4d79763c56ccb5c8c01ae47497da967d\"},\"headline\":\"Olemme mukana SuomiAreenassa \u2013 Taide kuuluu kaikille, kuuleeko kukaan?\",\"datePublished\":\"2023-05-31T07:16:36+00:00\",\"dateModified\":\"2024-11-04T09:04:41+00:00\",\"mainEntityOfPage\":{\"@id\":\"https:\/\/musicmedia.fi\/olemme-mukana-suomiareenassa-taide-kuuluu-kaikille-kuuleeko-kukaan\/\"},\"wordCount\":477,\"publisher\":{\"@id\":\"https:\/\/musicmedia.fi\/#organization\"},\"image\":{\"@id\":\"https:\/\/musicmedia.fi\/olemme-mukana-suomiareenassa-taide-kuuluu-kaikille-kuuleeko-kukaan\/#primaryimage\"},\"thumbnailUrl\":\"https:\/\/musicmedia.fi\/wp-content\/uploads\/2023\/05\/Olemme-mukana-SuomiAreenassa.png\",\"articleSection\":[\"Vain suomeksi\"],\"inLanguage\":\"fi\"},{\"@type\":\"WebPage\",\"@id\":\"https:\/\/musicmedia.fi\/olemme-mukana-suomiareenassa-taide-kuuluu-kaikille-kuuleeko-kukaan\/\",\"url\":\"https:\/\/musicmedia.fi\/olemme-mukana-suomiareenassa-taide-kuuluu-kaikille-kuuleeko-kukaan\/\",\"name\":\"Olemme mukana SuomiAreenassa \u2013 Taide kuuluu kaikille, kuuleeko kukaan? - Music x Media\",\"isPartOf\":{\"@id\":\"https:\/\/musicmedia.fi\/#website\"},\"primaryImageOfPage\":{\"@id\":\"https:\/\/musicmedia.fi\/olemme-mukana-suomiareenassa-taide-kuuluu-kaikille-kuuleeko-kukaan\/#primaryimage\"},\"image\":{\"@id\":\"https:\/\/musicmedia.fi\/olemme-mukana-suomiareenassa-taide-kuuluu-kaikille-kuuleeko-kukaan\/#primaryimage\"},\"thumbnailUrl\":\"https:\/\/musicmedia.fi\/wp-content\/uploads\/2023\/05\/Olemme-mukana-SuomiAreenassa.png\",\"datePublished\":\"2023-05-31T07:16:36+00:00\",\"dateModified\":\"2024-11-04T09:04:41+00:00\",\"breadcrumb\":{\"@id\":\"https:\/\/musicmedia.fi\/olemme-mukana-suomiareenassa-taide-kuuluu-kaikille-kuuleeko-kukaan\/#breadcrumb\"},\"inLanguage\":\"fi\",\"potentialAction\":[{\"@type\":\"ReadAction\",\"target\":[\"https:\/\/musicmedia.fi\/olemme-mukana-suomiareenassa-taide-kuuluu-kaikille-kuuleeko-kukaan\/\"]}]},{\"@type\":\"ImageObject\",\"inLanguage\":\"fi\",\"@id\":\"https:\/\/musicmedia.fi\/olemme-mukana-suomiareenassa-taide-kuuluu-kaikille-kuuleeko-kukaan\/#primaryimage\",\"url\":\"https:\/\/musicmedia.fi\/wp-content\/uploads\/2023\/05\/Olemme-mukana-SuomiAreenassa.png\",\"contentUrl\":\"https:\/\/musicmedia.fi\/wp-content\/uploads\/2023\/05\/Olemme-mukana-SuomiAreenassa.png\",\"width\":940,\"height\":788},{\"@type\":\"BreadcrumbList\",\"@id\":\"https:\/\/musicmedia.fi\/olemme-mukana-suomiareenassa-taide-kuuluu-kaikille-kuuleeko-kukaan\/#breadcrumb\",\"itemListElement\":[{\"@type\":\"ListItem\",\"position\":1,\"name\":\"Home\",\"item\":\"https:\/\/musicmedia.fi\/\"},{\"@type\":\"ListItem\",\"position\":2,\"name\":\"Olemme mukana SuomiAreenassa \u2013 Taide kuuluu kaikille, kuuleeko kukaan?\"}]},{\"@type\":\"WebSite\",\"@id\":\"https:\/\/musicmedia.fi\/#website\",\"url\":\"https:\/\/musicmedia.fi\/\",\"name\":\"Music x Media\",\"description\":\"Musiikki-, viihde- ja tapahtuma-alojen kohtaamispaikka\",\"publisher\":{\"@id\":\"https:\/\/musicmedia.fi\/#organization\"},\"potentialAction\":[{\"@type\":\"SearchAction\",\"target\":{\"@type\":\"EntryPoint\",\"urlTemplate\":\"https:\/\/musicmedia.fi\/?s={search_term_string}\"},\"query-input\":{\"@type\":\"PropertyValueSpecification\",\"valueRequired\":true,\"valueName\":\"search_term_string\"}}],\"inLanguage\":\"fi\"},{\"@type\":\"Organization\",\"@id\":\"https:\/\/musicmedia.fi\/#organization\",\"name\":\"Music x Media\",\"url\":\"https:\/\/musicmedia.fi\/\",\"logo\":{\"@type\":\"ImageObject\",\"inLanguage\":\"fi\",\"@id\":\"https:\/\/musicmedia.fi\/#\/schema\/logo\/image\/\",\"url\":\"https:\/\/musicmedia.fi\/wp-content\/uploads\/2022\/05\/logo.png\",\"contentUrl\":\"https:\/\/musicmedia.fi\/wp-content\/uploads\/2022\/05\/logo.png\",\"width\":276,\"height\":147,\"caption\":\"Music x Media\"},\"image\":{\"@id\":\"https:\/\/musicmedia.fi\/#\/schema\/logo\/image\/\"}},{\"@type\":\"Person\",\"@id\":\"https:\/\/musicmedia.fi\/#\/schema\/person\/4d79763c56ccb5c8c01ae47497da967d\",\"name\":\"info@musicmedia.fi\",\"url\":\"https:\/\/musicmedia.fi\/fi\/author\/infomusicmedia-fi\/\"}]}<\/script>\n<!-- \/ Yoast SEO plugin. -->","yoast_head_json":{"title":"Olemme mukana SuomiAreenassa \u2013 Taide kuuluu kaikille, kuuleeko kukaan? - Music x Media","robots":{"index":"index","follow":"follow","max-snippet":"max-snippet:-1","max-image-preview":"max-image-preview:large","max-video-preview":"max-video-preview:-1"},"canonical":"https:\/\/musicmedia.fi\/fi\/olemme-mukana-suomiareenassa-taide-kuuluu-kaikille-kuuleeko-kukaan\/","og_locale":"fi_FI","og_type":"article","og_title":"Olemme mukana SuomiAreenassa \u2013 Taide kuuluu kaikille, kuuleeko kukaan? - Music x Media","og_description":"&nbsp; SuomiAreena on Suomen suurin yhteiskunnallinen festivaali, joka j\u00e4rjestet\u00e4\u00e4n Porissa 27.\u201330.6.2023. Tapahtuman ohjelma koostuu aiheista, jotka puhututtavat yhteiskunnassa juuri nyt. Music x Media j\u00e4rjest\u00e4\u00e4 yhteisty\u00f6ss\u00e4 Framen ja Suomen Kirjailijaliiton kanssa tapahtumaan keskustelun Taide kuuluu kaikille, kuuleeko kukaan? taiteen yhteiskunnallisesta merkityksest\u00e4 ja asemasta.\u00a0 Taide tuo n\u00e4kyv\u00e4ksi ihmiskunnan suurimpia uhkia, k\u00e4sittelee traumoja, peilaa mennytt\u00e4, ennustaa tulevaa, opettaa [&hellip;]","og_url":"https:\/\/musicmedia.fi\/fi\/olemme-mukana-suomiareenassa-taide-kuuluu-kaikille-kuuleeko-kukaan\/","og_site_name":"Music x Media","article_published_time":"2023-05-31T07:16:36+00:00","article_modified_time":"2024-11-04T09:04:41+00:00","og_image":[{"width":940,"height":788,"url":"https:\/\/musicmedia.fi\/wp-content\/uploads\/2023\/05\/Olemme-mukana-SuomiAreenassa.png","type":"image\/png"}],"author":"info@musicmedia.fi","twitter_card":"summary_large_image","twitter_misc":{"Kirjoittanut":"info@musicmedia.fi","Arvioitu lukuaika":"3 minuuttia"},"schema":{"@context":"https:\/\/schema.org","@graph":[{"@type":"Article","@id":"https:\/\/musicmedia.fi\/olemme-mukana-suomiareenassa-taide-kuuluu-kaikille-kuuleeko-kukaan\/#article","isPartOf":{"@id":"https:\/\/musicmedia.fi\/olemme-mukana-suomiareenassa-taide-kuuluu-kaikille-kuuleeko-kukaan\/"},"author":{"name":"info@musicmedia.fi","@id":"https:\/\/musicmedia.fi\/#\/schema\/person\/4d79763c56ccb5c8c01ae47497da967d"},"headline":"Olemme mukana SuomiAreenassa \u2013 Taide kuuluu kaikille, kuuleeko kukaan?","datePublished":"2023-05-31T07:16:36+00:00","dateModified":"2024-11-04T09:04:41+00:00","mainEntityOfPage":{"@id":"https:\/\/musicmedia.fi\/olemme-mukana-suomiareenassa-taide-kuuluu-kaikille-kuuleeko-kukaan\/"},"wordCount":477,"publisher":{"@id":"https:\/\/musicmedia.fi\/#organization"},"image":{"@id":"https:\/\/musicmedia.fi\/olemme-mukana-suomiareenassa-taide-kuuluu-kaikille-kuuleeko-kukaan\/#primaryimage"},"thumbnailUrl":"https:\/\/musicmedia.fi\/wp-content\/uploads\/2023\/05\/Olemme-mukana-SuomiAreenassa.png","articleSection":["Vain suomeksi"],"inLanguage":"fi"},{"@type":"WebPage","@id":"https:\/\/musicmedia.fi\/olemme-mukana-suomiareenassa-taide-kuuluu-kaikille-kuuleeko-kukaan\/","url":"https:\/\/musicmedia.fi\/olemme-mukana-suomiareenassa-taide-kuuluu-kaikille-kuuleeko-kukaan\/","name":"Olemme mukana SuomiAreenassa \u2013 Taide kuuluu kaikille, kuuleeko kukaan? - Music x Media","isPartOf":{"@id":"https:\/\/musicmedia.fi\/#website"},"primaryImageOfPage":{"@id":"https:\/\/musicmedia.fi\/olemme-mukana-suomiareenassa-taide-kuuluu-kaikille-kuuleeko-kukaan\/#primaryimage"},"image":{"@id":"https:\/\/musicmedia.fi\/olemme-mukana-suomiareenassa-taide-kuuluu-kaikille-kuuleeko-kukaan\/#primaryimage"},"thumbnailUrl":"https:\/\/musicmedia.fi\/wp-content\/uploads\/2023\/05\/Olemme-mukana-SuomiAreenassa.png","datePublished":"2023-05-31T07:16:36+00:00","dateModified":"2024-11-04T09:04:41+00:00","breadcrumb":{"@id":"https:\/\/musicmedia.fi\/olemme-mukana-suomiareenassa-taide-kuuluu-kaikille-kuuleeko-kukaan\/#breadcrumb"},"inLanguage":"fi","potentialAction":[{"@type":"ReadAction","target":["https:\/\/musicmedia.fi\/olemme-mukana-suomiareenassa-taide-kuuluu-kaikille-kuuleeko-kukaan\/"]}]},{"@type":"ImageObject","inLanguage":"fi","@id":"https:\/\/musicmedia.fi\/olemme-mukana-suomiareenassa-taide-kuuluu-kaikille-kuuleeko-kukaan\/#primaryimage","url":"https:\/\/musicmedia.fi\/wp-content\/uploads\/2023\/05\/Olemme-mukana-SuomiAreenassa.png","contentUrl":"https:\/\/musicmedia.fi\/wp-content\/uploads\/2023\/05\/Olemme-mukana-SuomiAreenassa.png","width":940,"height":788},{"@type":"BreadcrumbList","@id":"https:\/\/musicmedia.fi\/olemme-mukana-suomiareenassa-taide-kuuluu-kaikille-kuuleeko-kukaan\/#breadcrumb","itemListElement":[{"@type":"ListItem","position":1,"name":"Home","item":"https:\/\/musicmedia.fi\/"},{"@type":"ListItem","position":2,"name":"Olemme mukana SuomiAreenassa \u2013 Taide kuuluu kaikille, kuuleeko kukaan?"}]},{"@type":"WebSite","@id":"https:\/\/musicmedia.fi\/#website","url":"https:\/\/musicmedia.fi\/","name":"Music x Media","description":"Musiikki-, viihde- ja tapahtuma-alojen kohtaamispaikka","publisher":{"@id":"https:\/\/musicmedia.fi\/#organization"},"potentialAction":[{"@type":"SearchAction","target":{"@type":"EntryPoint","urlTemplate":"https:\/\/musicmedia.fi\/?s={search_term_string}"},"query-input":{"@type":"PropertyValueSpecification","valueRequired":true,"valueName":"search_term_string"}}],"inLanguage":"fi"},{"@type":"Organization","@id":"https:\/\/musicmedia.fi\/#organization","name":"Music x Media","url":"https:\/\/musicmedia.fi\/","logo":{"@type":"ImageObject","inLanguage":"fi","@id":"https:\/\/musicmedia.fi\/#\/schema\/logo\/image\/","url":"https:\/\/musicmedia.fi\/wp-content\/uploads\/2022\/05\/logo.png","contentUrl":"https:\/\/musicmedia.fi\/wp-content\/uploads\/2022\/05\/logo.png","width":276,"height":147,"caption":"Music x Media"},"image":{"@id":"https:\/\/musicmedia.fi\/#\/schema\/logo\/image\/"}},{"@type":"Person","@id":"https:\/\/musicmedia.fi\/#\/schema\/person\/4d79763c56ccb5c8c01ae47497da967d","name":"info@musicmedia.fi","url":"https:\/\/musicmedia.fi\/fi\/author\/infomusicmedia-fi\/"}]}},"_links":{"self":[{"href":"https:\/\/musicmedia.fi\/fi\/wp-json\/wp\/v2\/posts\/4374","targetHints":{"allow":["GET"]}}],"collection":[{"href":"https:\/\/musicmedia.fi\/fi\/wp-json\/wp\/v2\/posts"}],"about":[{"href":"https:\/\/musicmedia.fi\/fi\/wp-json\/wp\/v2\/types\/post"}],"author":[{"embeddable":true,"href":"https:\/\/musicmedia.fi\/fi\/wp-json\/wp\/v2\/users\/11"}],"replies":[{"embeddable":true,"href":"https:\/\/musicmedia.fi\/fi\/wp-json\/wp\/v2\/comments?post=4374"}],"version-history":[{"count":13,"href":"https:\/\/musicmedia.fi\/fi\/wp-json\/wp\/v2\/posts\/4374\/revisions"}],"predecessor-version":[{"id":4389,"href":"https:\/\/musicmedia.fi\/fi\/wp-json\/wp\/v2\/posts\/4374\/revisions\/4389"}],"wp:featuredmedia":[{"embeddable":true,"href":"https:\/\/musicmedia.fi\/fi\/wp-json\/wp\/v2\/media\/4375"}],"wp:attachment":[{"href":"https:\/\/musicmedia.fi\/fi\/wp-json\/wp\/v2\/media?parent=4374"}],"wp:term":[{"taxonomy":"category","embeddable":true,"href":"https:\/\/musicmedia.fi\/fi\/wp-json\/wp\/v2\/categories?post=4374"},{"taxonomy":"post_tag","embeddable":true,"href":"https:\/\/musicmedia.fi\/fi\/wp-json\/wp\/v2\/tags?post=4374"}],"curies":[{"name":"wp","href":"https:\/\/api.w.org\/{rel}","templated":true}]}}