{"id":4345,"date":"2023-05-11T15:19:18","date_gmt":"2023-05-11T12:19:18","guid":{"rendered":"https:\/\/musicmedia.fi\/?p=4345"},"modified":"2024-11-04T11:04:41","modified_gmt":"2024-11-04T09:04:41","slug":"uusia-ohjelmasisaltoja-julki-netflix-dance-brothers-aviciin-todellinen-tarina-somekiusaaminen-ja-henkilobrandin-oikeudellinen-hallinta","status":"publish","type":"post","link":"https:\/\/musicmedia.fi\/fi\/uusia-ohjelmasisaltoja-julki-netflix-dance-brothers-aviciin-todellinen-tarina-somekiusaaminen-ja-henkilobrandin-oikeudellinen-hallinta\/","title":{"rendered":"Nostoja ohjelmasta: Netflix &#038; Dance Brothers, Aviciin todellinen tarina, somekiusaaminen ja henkil\u00f6br\u00e4ndin oikeudellinen hallinta"},"content":{"rendered":"<div>\n<div><\/div>\n<\/div>\n<div>\n<div>\n<p class=\"x_size-15\" lang=\"x-size-15\"><strong>Play your future<\/strong> -kattoteeman alla syvennymme luovia aloja koskeviin kysymyksiin aina teko\u00e4lyst\u00e4 ty\u00f6ss\u00e4 jaksamisen ja br\u00e4ndity\u00f6st\u00e4 kulttuuripolitiikkaan.<\/p>\n<p class=\"x_size-15\" lang=\"x-size-15\">T\u00e4n\u00e4 vuonna tuomme tuttujen keynote- ja paneelikeskustelujen lis\u00e4ksi ohjelmaan sis\u00e4lt\u00f6formaatteja, joiden avulla haluamme tarjota entist\u00e4 parempaa palvelua ja panostaa henkil\u00f6kohtaisen osaamisen kehitt\u00e4miseen: puheenaiheisiin on mahdollisuus syventy\u00e4 my\u00f6s luottamuksellisissa roundtable-keskusteluissa sek\u00e4 one-to-one-klinikoissa.<\/p>\n<\/div>\n<p lang=\"x-size-15\">Music x Media j\u00e4rjestet\u00e4\u00e4n 4.\u20137.10.2023 tuttuun tapaan nelip\u00e4iv\u00e4isen\u00e4 tapahtumana Tampere-talossa.<\/p>\n<\/div>\n<div class=\"x_layout x_one-col x_fixed-width x_stack\">\n<div class=\"x_layout__inner\">\n<div class=\"x_column\">\n<div>\n<div>\n<h2 class=\"x_size-28\" lang=\"x-size-28\"><span class=\"x_font-arial\"><strong><br \/>\nNostoja ohjelmasta:<\/strong><\/span><\/h2>\n<\/div>\n<\/div>\n<\/div>\n<\/div>\n<\/div>\n<div aria-hidden=\"true\">\n<p>Kaikkiin uusimpiin\u00a0<a href=\"https:\/\/musicxmedia.cmail19.com\/t\/d-i-zukithd-l-j\/\" target=\"_blank\" rel=\"noopener noreferrer\" data-auth=\"NotApplicable\" data-linkindex=\"3\">ohjelmajulkistuksiin voit tutustua t\u00e4\u00e4ll\u00e4!<\/a>\u00a0Huomaathan my\u00f6s, ett\u00e4 \u00a0<strong>Early bird<\/strong> -hintaisten lippujen myynti p\u00e4\u00e4ttyy<strong> 31.5.2023<\/strong>.<\/p>\n<\/div>\n<div class=\"x_layout x_two-col x_fixed-width x_stack\">\n<div class=\"x_layout__inner\">\n<div class=\"x_column\">\n<div>\n<p lang=\"x-size-18\">.<\/p>\n<h3 class=\"x_size-18\" lang=\"x-size-18\"><span class=\"x_font-arial\"><strong>Netflix &amp; Dance Brothers:\u00a0First Finnish Netflix Series<\/strong><br \/>\n<\/span><\/h3>\n<\/div>\n<div>\n<div>\n<p class=\"x_size-15\" lang=\"x-size-15\">How did the brand new Netflix series Dance Brothers come about? As a first Finnish Netflix original, what kind of questions were there regarding the production and filming?\u00a0How to build a storyline and production around dance and music? What was the role of music? Was it one of the key points in the production right from the start?<\/p>\n<\/div>\n<\/div>\n<\/div>\n<div class=\"x_column\">\n<div>\n<p class=\"x_size-18\" lang=\"x-size-18\"><strong>.<\/strong><\/p>\n<h3 class=\"x_size-18\" lang=\"x-size-18\"><strong>Avicii \u2013 The tragic costs of superstardom<\/strong><\/h3>\n<\/div>\n<div>\n<div>\n<p class=\"x_size-15\" lang=\"x-size-15\">Given unique access to\u00a0<strong>Tim Bergling<\/strong>\u2019s personal notes, award-winning journalist and author of \u201dTim: The Official Biography of Avicii\u201d,\u00a0<strong>M\u00e5ns Mosesson<\/strong>\u00a0lets us walk right beside Avicii, through exceptional success. Mosesson&#8217;s book is also a call to creatives to start reflecting more on the working conditions of the music industry \u2013 all of which are topics that M\u00e5ns Mosesson will expand on at this keynote.<\/p>\n<\/div>\n<\/div>\n<\/div>\n<\/div>\n<\/div>\n<div aria-hidden=\"true\">.<\/div>\n<div class=\"x_layout x_two-col x_fixed-width x_stack\">\n<div class=\"x_layout__inner\">\n<div class=\"x_column\">\n<div>\n<h3 class=\"x_size-17\" lang=\"x-size-17\"><span class=\"x_font-arial\"><strong>Somekiusaaminen \u2013 ennaltaehk\u00e4isy, suojautuminen ja rikoksen tunnistaminen\u00a0<\/strong><br \/>\n<\/span><\/h3>\n<\/div>\n<div>\n<div>\n<p class=\"x_size-15\" lang=\"x-size-15\">Miten kiusaamista vastaan voi taistella ja miten silt\u00e4 voi suojautua?\u00a0Miss\u00e4 menev\u00e4t rikosoikeudelliset rajat, ja milloin somekiusaaminen sis\u00e4lt\u00e4\u00e4 rikoksen tunnusmerkit? Aiheesta saapuvat keskustelemaan mm. Valtioneuvoston kansilan informaatiovaikuttamisen erityisasiantuntija\u00a0<strong>Saara Janhunen<\/strong>,\u00a0musiikkitoimittaja ja kirjailija<strong>\u00a0<\/strong><strong>Katri Norrlin\u00a0<\/strong>sek\u00e4 rikoskomisario\u00a0<strong>Markus Antila<\/strong>.<\/p>\n<\/div>\n<\/div>\n<\/div>\n<div class=\"x_column\">\n<div>\n<p class=\"x_size-18\" lang=\"x-size-18\"><span class=\"x_font-arial\">.<\/span><\/p>\n<h3 class=\"x_size-18\" lang=\"x-size-18\"><span class=\"x_font-arial\"><strong>Henkil\u00f6br\u00e4ndin\u00a0oikeudellinen hallinta<\/strong><br \/>\n<\/span><\/h3>\n<\/div>\n<div>\n<div>\n<p class=\"x_size-15\" lang=\"x-size-15\">Musiikkialan moniottelija ja juristi <strong>Lottaliina Pokkinen<\/strong>esittelee,\u00a0millaisia juridisia kysymyksi\u00e4 liittyy henkil\u00f6br\u00e4ndiin? Millaisia oikeuksia voi rekister\u00f6id\u00e4 ja miss\u00e4 menev\u00e4t henkil\u00f6br\u00e4ndin luvattoman hy\u00f6dynt\u00e4misen rajat? Onko asiasta oikeusk\u00e4yt\u00e4nt\u00f6\u00e4?<\/p>\n<\/div>\n<\/div>\n<\/div>\n<\/div>\n<\/div>\n<div aria-hidden=\"true\">.<\/div>\n<div class=\"x_layout x_two-col x_fixed-width x_stack\">\n<div class=\"x_layout__inner\">\n<div class=\"x_column\">\n<div>\n<h3 class=\"x_size-17\" lang=\"x-size-17\"><span class=\"x_font-arial\"><strong>Ty\u00f6nohjauspoliklinikka<\/strong><br \/>\n<\/span><\/h3>\n<\/div>\n<div>\n<div>\n<p class=\"x_size-15\" lang=\"x-size-15\">Haluatko keskustella luottamuksellisesti, mutta avoimesti ty\u00f6ss\u00e4si mietitytt\u00e4vist\u00e4 asioista tai ty\u00f6n her\u00e4tt\u00e4mist\u00e4 tunteista? Sinulle voisi sopia Music x Median one-on-one-klinikka, jossa muusikko ja ty\u00f6nohjaaja<strong>\u00a0Patrik Stenstr\u00f6m<\/strong>\u00a0tarjoaa kahdenkeskisesti osallistujalle 45 minuutin tapaamisen aikana tilanteen arviointia ja neuvoja oman jaksamisen tukemiseksi. Klinikka vaatii ennakkoilmoittautumisen, joka k\u00e4ynnistyy my\u00f6hemmin.<\/p>\n<\/div>\n<\/div>\n<\/div>\n<div class=\"x_column\">\n<div>\n<p lang=\"x-size-17\">.<\/p>\n<h3 class=\"x_size-17\" lang=\"x-size-17\"><span class=\"x_font-arial\"><strong>Keskijohdon johtamistaidot\u00a0ja arvot\u00a0<\/strong><br \/>\n<\/span><\/h3>\n<\/div>\n<div>\n<div>\n<p class=\"x_size-15\" lang=\"x-size-15\">Mit\u00e4 keskijohdossa ty\u00f6skentevilt\u00e4 vaaditaan ja miten tekij\u00f6it\u00e4 kasvatetaan n\u00e4ihin rooleihin? Miten keskijohtoa koulutetaan, mill\u00e4 johtamisarvoilla toimitaan ja mit\u00e4 uudet alalle tulevat sukupolvet odottavat arvopohjaiselta johtamiselta? Aiheen pariin sukelletaan <strong>Hanna Fontanan<\/strong>\u00a0puheenvuoro-osuudella, jota seuraa luottamuksellinen roundtable-keskustelu.<\/p>\n<p class=\"x_size-15\" lang=\"x-size-15\">Yhteisty\u00f6ss\u00e4 LiveFIN ry.<\/p>\n<\/div>\n<\/div>\n<\/div>\n<\/div>\n<\/div>\n<div aria-hidden=\"true\">.<\/div>\n<div class=\"x_layout x_one-col x_fixed-width x_stack\">\n<div class=\"x_layout__inner\">\n<div class=\"x_column\">\n<div>\n<div>\n<p class=\"x_size-20\" lang=\"x-size-20\"><span class=\"x_font-arial\"><strong>Tutustu muihin uusiin ohjelmajulkistuksiin <a href=\"https:\/\/musicxmedia.cmail19.com\/t\/d-i-zukithd-l-i\/\" target=\"_blank\" rel=\"noopener noreferrer\" data-auth=\"NotApplicable\" data-linkindex=\"5\">t\u00e4\u00e4ll\u00e4<\/a>!<\/strong><\/span><\/p>\n<p class=\"x_size-15\" lang=\"x-size-15\"><span class=\"x_font-arial\">Lis\u00e4\u00e4 ohjelmajulkistuksia tulossa \u2013 pysy kuulolla!<\/span><\/p>\n<p lang=\"x-size-15\">.<\/p>\n<p lang=\"x-size-15\"><strong>Early bird -hintaisten lippujen myynti p\u00e4\u00e4ttyy 31.5.2023.<\/strong><\/p>\n<\/div>\n<\/div>\n<\/div>\n<\/div>\n<\/div>\n","protected":false},"excerpt":{"rendered":"<p>Play your future -kattoteeman alla syvennymme luovia aloja koskeviin kysymyksiin aina teko\u00e4lyst\u00e4 ty\u00f6ss\u00e4 jaksamisen ja br\u00e4ndity\u00f6st\u00e4 kulttuuripolitiikkaan. T\u00e4n\u00e4 vuonna tuomme tuttujen keynote- ja paneelikeskustelujen lis\u00e4ksi ohjelmaan sis\u00e4lt\u00f6formaatteja, joiden avulla haluamme tarjota entist\u00e4 parempaa palvelua ja panostaa henkil\u00f6kohtaisen osaamisen kehitt\u00e4miseen: puheenaiheisiin on mahdollisuus syventy\u00e4 my\u00f6s luottamuksellisissa roundtable-keskusteluissa sek\u00e4 one-to-one-klinikoissa. Music x Media j\u00e4rjestet\u00e4\u00e4n 4.\u20137.10.2023 tuttuun tapaan [&hellip;]<\/p>\n","protected":false},"author":11,"featured_media":3987,"comment_status":"closed","ping_status":"open","sticky":false,"template":"","format":"standard","meta":{"_acf_changed":false,"inline_featured_image":false,"footnotes":""},"categories":[756],"tags":[],"class_list":["post-4345","post","type-post","status-publish","format-standard","has-post-thumbnail","hentry","category-vain-suomeksi"],"acf":[],"yoast_head":"<!-- This site is optimized with the Yoast SEO plugin v25.7 - https:\/\/yoast.com\/wordpress\/plugins\/seo\/ -->\n<title>Nostoja ohjelmasta: Netflix &amp; Dance Brothers, Aviciin todellinen tarina, somekiusaaminen ja henkil\u00f6br\u00e4ndin oikeudellinen hallinta - Music x Media<\/title>\n<meta name=\"robots\" content=\"index, follow, max-snippet:-1, max-image-preview:large, max-video-preview:-1\" \/>\n<link rel=\"canonical\" href=\"https:\/\/musicmedia.fi\/fi\/uusia-ohjelmasisaltoja-julki-netflix-dance-brothers-aviciin-todellinen-tarina-somekiusaaminen-ja-henkilobrandin-oikeudellinen-hallinta\/\" \/>\n<meta property=\"og:locale\" content=\"fi_FI\" \/>\n<meta property=\"og:type\" content=\"article\" \/>\n<meta property=\"og:title\" content=\"Nostoja ohjelmasta: Netflix &amp; Dance Brothers, Aviciin todellinen tarina, somekiusaaminen ja henkil\u00f6br\u00e4ndin oikeudellinen hallinta - Music x Media\" \/>\n<meta property=\"og:description\" content=\"Play your future -kattoteeman alla syvennymme luovia aloja koskeviin kysymyksiin aina teko\u00e4lyst\u00e4 ty\u00f6ss\u00e4 jaksamisen ja br\u00e4ndity\u00f6st\u00e4 kulttuuripolitiikkaan. T\u00e4n\u00e4 vuonna tuomme tuttujen keynote- ja paneelikeskustelujen lis\u00e4ksi ohjelmaan sis\u00e4lt\u00f6formaatteja, joiden avulla haluamme tarjota entist\u00e4 parempaa palvelua ja panostaa henkil\u00f6kohtaisen osaamisen kehitt\u00e4miseen: puheenaiheisiin on mahdollisuus syventy\u00e4 my\u00f6s luottamuksellisissa roundtable-keskusteluissa sek\u00e4 one-to-one-klinikoissa. Music x Media j\u00e4rjestet\u00e4\u00e4n 4.\u20137.10.2023 tuttuun tapaan [&hellip;]\" \/>\n<meta property=\"og:url\" content=\"https:\/\/musicmedia.fi\/fi\/uusia-ohjelmasisaltoja-julki-netflix-dance-brothers-aviciin-todellinen-tarina-somekiusaaminen-ja-henkilobrandin-oikeudellinen-hallinta\/\" \/>\n<meta property=\"og:site_name\" content=\"Music x Media\" \/>\n<meta property=\"article:published_time\" content=\"2023-05-11T12:19:18+00:00\" \/>\n<meta property=\"article:modified_time\" content=\"2024-11-04T09:04:41+00:00\" \/>\n<meta property=\"og:image\" content=\"https:\/\/musicmedia.fi\/wp-content\/uploads\/2023\/05\/Facebook-kansikuva_MxM-e1683717411314.png\" \/>\n\t<meta property=\"og:image:width\" content=\"1200\" \/>\n\t<meta property=\"og:image:height\" content=\"676\" \/>\n\t<meta property=\"og:image:type\" content=\"image\/png\" \/>\n<meta name=\"author\" content=\"info@musicmedia.fi\" \/>\n<meta name=\"twitter:card\" content=\"summary_large_image\" \/>\n<meta name=\"twitter:label1\" content=\"Kirjoittanut\" \/>\n\t<meta name=\"twitter:data1\" content=\"info@musicmedia.fi\" \/>\n\t<meta name=\"twitter:label2\" content=\"Arvioitu lukuaika\" \/>\n\t<meta name=\"twitter:data2\" content=\"3 minuuttia\" \/>\n<script type=\"application\/ld+json\" class=\"yoast-schema-graph\">{\"@context\":\"https:\/\/schema.org\",\"@graph\":[{\"@type\":\"Article\",\"@id\":\"https:\/\/musicmedia.fi\/uusia-ohjelmasisaltoja-julki-netflix-dance-brothers-aviciin-todellinen-tarina-somekiusaaminen-ja-henkilobrandin-oikeudellinen-hallinta\/#article\",\"isPartOf\":{\"@id\":\"https:\/\/musicmedia.fi\/uusia-ohjelmasisaltoja-julki-netflix-dance-brothers-aviciin-todellinen-tarina-somekiusaaminen-ja-henkilobrandin-oikeudellinen-hallinta\/\"},\"author\":{\"name\":\"info@musicmedia.fi\",\"@id\":\"https:\/\/musicmedia.fi\/#\/schema\/person\/4d79763c56ccb5c8c01ae47497da967d\"},\"headline\":\"Nostoja ohjelmasta: Netflix &#038; Dance Brothers, Aviciin todellinen tarina, somekiusaaminen ja henkil\u00f6br\u00e4ndin oikeudellinen hallinta\",\"datePublished\":\"2023-05-11T12:19:18+00:00\",\"dateModified\":\"2024-11-04T09:04:41+00:00\",\"mainEntityOfPage\":{\"@id\":\"https:\/\/musicmedia.fi\/uusia-ohjelmasisaltoja-julki-netflix-dance-brothers-aviciin-todellinen-tarina-somekiusaaminen-ja-henkilobrandin-oikeudellinen-hallinta\/\"},\"wordCount\":455,\"publisher\":{\"@id\":\"https:\/\/musicmedia.fi\/#organization\"},\"image\":{\"@id\":\"https:\/\/musicmedia.fi\/uusia-ohjelmasisaltoja-julki-netflix-dance-brothers-aviciin-todellinen-tarina-somekiusaaminen-ja-henkilobrandin-oikeudellinen-hallinta\/#primaryimage\"},\"thumbnailUrl\":\"https:\/\/musicmedia.fi\/wp-content\/uploads\/2023\/05\/Facebook-kansikuva_MxM-e1683717411314.png\",\"articleSection\":[\"Vain suomeksi\"],\"inLanguage\":\"fi\"},{\"@type\":\"WebPage\",\"@id\":\"https:\/\/musicmedia.fi\/uusia-ohjelmasisaltoja-julki-netflix-dance-brothers-aviciin-todellinen-tarina-somekiusaaminen-ja-henkilobrandin-oikeudellinen-hallinta\/\",\"url\":\"https:\/\/musicmedia.fi\/uusia-ohjelmasisaltoja-julki-netflix-dance-brothers-aviciin-todellinen-tarina-somekiusaaminen-ja-henkilobrandin-oikeudellinen-hallinta\/\",\"name\":\"Nostoja ohjelmasta: Netflix & Dance Brothers, Aviciin todellinen tarina, somekiusaaminen ja henkil\u00f6br\u00e4ndin oikeudellinen hallinta - Music x Media\",\"isPartOf\":{\"@id\":\"https:\/\/musicmedia.fi\/#website\"},\"primaryImageOfPage\":{\"@id\":\"https:\/\/musicmedia.fi\/uusia-ohjelmasisaltoja-julki-netflix-dance-brothers-aviciin-todellinen-tarina-somekiusaaminen-ja-henkilobrandin-oikeudellinen-hallinta\/#primaryimage\"},\"image\":{\"@id\":\"https:\/\/musicmedia.fi\/uusia-ohjelmasisaltoja-julki-netflix-dance-brothers-aviciin-todellinen-tarina-somekiusaaminen-ja-henkilobrandin-oikeudellinen-hallinta\/#primaryimage\"},\"thumbnailUrl\":\"https:\/\/musicmedia.fi\/wp-content\/uploads\/2023\/05\/Facebook-kansikuva_MxM-e1683717411314.png\",\"datePublished\":\"2023-05-11T12:19:18+00:00\",\"dateModified\":\"2024-11-04T09:04:41+00:00\",\"breadcrumb\":{\"@id\":\"https:\/\/musicmedia.fi\/uusia-ohjelmasisaltoja-julki-netflix-dance-brothers-aviciin-todellinen-tarina-somekiusaaminen-ja-henkilobrandin-oikeudellinen-hallinta\/#breadcrumb\"},\"inLanguage\":\"fi\",\"potentialAction\":[{\"@type\":\"ReadAction\",\"target\":[\"https:\/\/musicmedia.fi\/uusia-ohjelmasisaltoja-julki-netflix-dance-brothers-aviciin-todellinen-tarina-somekiusaaminen-ja-henkilobrandin-oikeudellinen-hallinta\/\"]}]},{\"@type\":\"ImageObject\",\"inLanguage\":\"fi\",\"@id\":\"https:\/\/musicmedia.fi\/uusia-ohjelmasisaltoja-julki-netflix-dance-brothers-aviciin-todellinen-tarina-somekiusaaminen-ja-henkilobrandin-oikeudellinen-hallinta\/#primaryimage\",\"url\":\"https:\/\/musicmedia.fi\/wp-content\/uploads\/2023\/05\/Facebook-kansikuva_MxM-e1683717411314.png\",\"contentUrl\":\"https:\/\/musicmedia.fi\/wp-content\/uploads\/2023\/05\/Facebook-kansikuva_MxM-e1683717411314.png\",\"width\":1200,\"height\":676},{\"@type\":\"BreadcrumbList\",\"@id\":\"https:\/\/musicmedia.fi\/uusia-ohjelmasisaltoja-julki-netflix-dance-brothers-aviciin-todellinen-tarina-somekiusaaminen-ja-henkilobrandin-oikeudellinen-hallinta\/#breadcrumb\",\"itemListElement\":[{\"@type\":\"ListItem\",\"position\":1,\"name\":\"Home\",\"item\":\"https:\/\/musicmedia.fi\/\"},{\"@type\":\"ListItem\",\"position\":2,\"name\":\"Nostoja ohjelmasta: Netflix &#038; Dance Brothers, Aviciin todellinen tarina, somekiusaaminen ja henkil\u00f6br\u00e4ndin oikeudellinen hallinta\"}]},{\"@type\":\"WebSite\",\"@id\":\"https:\/\/musicmedia.fi\/#website\",\"url\":\"https:\/\/musicmedia.fi\/\",\"name\":\"Music x Media\",\"description\":\"Musiikki-, viihde- ja tapahtuma-alojen kohtaamispaikka\",\"publisher\":{\"@id\":\"https:\/\/musicmedia.fi\/#organization\"},\"potentialAction\":[{\"@type\":\"SearchAction\",\"target\":{\"@type\":\"EntryPoint\",\"urlTemplate\":\"https:\/\/musicmedia.fi\/?s={search_term_string}\"},\"query-input\":{\"@type\":\"PropertyValueSpecification\",\"valueRequired\":true,\"valueName\":\"search_term_string\"}}],\"inLanguage\":\"fi\"},{\"@type\":\"Organization\",\"@id\":\"https:\/\/musicmedia.fi\/#organization\",\"name\":\"Music x Media\",\"url\":\"https:\/\/musicmedia.fi\/\",\"logo\":{\"@type\":\"ImageObject\",\"inLanguage\":\"fi\",\"@id\":\"https:\/\/musicmedia.fi\/#\/schema\/logo\/image\/\",\"url\":\"https:\/\/musicmedia.fi\/wp-content\/uploads\/2022\/05\/logo.png\",\"contentUrl\":\"https:\/\/musicmedia.fi\/wp-content\/uploads\/2022\/05\/logo.png\",\"width\":276,\"height\":147,\"caption\":\"Music x Media\"},\"image\":{\"@id\":\"https:\/\/musicmedia.fi\/#\/schema\/logo\/image\/\"}},{\"@type\":\"Person\",\"@id\":\"https:\/\/musicmedia.fi\/#\/schema\/person\/4d79763c56ccb5c8c01ae47497da967d\",\"name\":\"info@musicmedia.fi\",\"url\":\"https:\/\/musicmedia.fi\/fi\/author\/infomusicmedia-fi\/\"}]}<\/script>\n<!-- \/ Yoast SEO plugin. -->","yoast_head_json":{"title":"Nostoja ohjelmasta: Netflix & Dance Brothers, Aviciin todellinen tarina, somekiusaaminen ja henkil\u00f6br\u00e4ndin oikeudellinen hallinta - Music x Media","robots":{"index":"index","follow":"follow","max-snippet":"max-snippet:-1","max-image-preview":"max-image-preview:large","max-video-preview":"max-video-preview:-1"},"canonical":"https:\/\/musicmedia.fi\/fi\/uusia-ohjelmasisaltoja-julki-netflix-dance-brothers-aviciin-todellinen-tarina-somekiusaaminen-ja-henkilobrandin-oikeudellinen-hallinta\/","og_locale":"fi_FI","og_type":"article","og_title":"Nostoja ohjelmasta: Netflix & Dance Brothers, Aviciin todellinen tarina, somekiusaaminen ja henkil\u00f6br\u00e4ndin oikeudellinen hallinta - Music x Media","og_description":"Play your future -kattoteeman alla syvennymme luovia aloja koskeviin kysymyksiin aina teko\u00e4lyst\u00e4 ty\u00f6ss\u00e4 jaksamisen ja br\u00e4ndity\u00f6st\u00e4 kulttuuripolitiikkaan. T\u00e4n\u00e4 vuonna tuomme tuttujen keynote- ja paneelikeskustelujen lis\u00e4ksi ohjelmaan sis\u00e4lt\u00f6formaatteja, joiden avulla haluamme tarjota entist\u00e4 parempaa palvelua ja panostaa henkil\u00f6kohtaisen osaamisen kehitt\u00e4miseen: puheenaiheisiin on mahdollisuus syventy\u00e4 my\u00f6s luottamuksellisissa roundtable-keskusteluissa sek\u00e4 one-to-one-klinikoissa. Music x Media j\u00e4rjestet\u00e4\u00e4n 4.\u20137.10.2023 tuttuun tapaan [&hellip;]","og_url":"https:\/\/musicmedia.fi\/fi\/uusia-ohjelmasisaltoja-julki-netflix-dance-brothers-aviciin-todellinen-tarina-somekiusaaminen-ja-henkilobrandin-oikeudellinen-hallinta\/","og_site_name":"Music x Media","article_published_time":"2023-05-11T12:19:18+00:00","article_modified_time":"2024-11-04T09:04:41+00:00","og_image":[{"width":1200,"height":676,"url":"https:\/\/musicmedia.fi\/wp-content\/uploads\/2023\/05\/Facebook-kansikuva_MxM-e1683717411314.png","type":"image\/png"}],"author":"info@musicmedia.fi","twitter_card":"summary_large_image","twitter_misc":{"Kirjoittanut":"info@musicmedia.fi","Arvioitu lukuaika":"3 minuuttia"},"schema":{"@context":"https:\/\/schema.org","@graph":[{"@type":"Article","@id":"https:\/\/musicmedia.fi\/uusia-ohjelmasisaltoja-julki-netflix-dance-brothers-aviciin-todellinen-tarina-somekiusaaminen-ja-henkilobrandin-oikeudellinen-hallinta\/#article","isPartOf":{"@id":"https:\/\/musicmedia.fi\/uusia-ohjelmasisaltoja-julki-netflix-dance-brothers-aviciin-todellinen-tarina-somekiusaaminen-ja-henkilobrandin-oikeudellinen-hallinta\/"},"author":{"name":"info@musicmedia.fi","@id":"https:\/\/musicmedia.fi\/#\/schema\/person\/4d79763c56ccb5c8c01ae47497da967d"},"headline":"Nostoja ohjelmasta: Netflix &#038; Dance Brothers, Aviciin todellinen tarina, somekiusaaminen ja henkil\u00f6br\u00e4ndin oikeudellinen hallinta","datePublished":"2023-05-11T12:19:18+00:00","dateModified":"2024-11-04T09:04:41+00:00","mainEntityOfPage":{"@id":"https:\/\/musicmedia.fi\/uusia-ohjelmasisaltoja-julki-netflix-dance-brothers-aviciin-todellinen-tarina-somekiusaaminen-ja-henkilobrandin-oikeudellinen-hallinta\/"},"wordCount":455,"publisher":{"@id":"https:\/\/musicmedia.fi\/#organization"},"image":{"@id":"https:\/\/musicmedia.fi\/uusia-ohjelmasisaltoja-julki-netflix-dance-brothers-aviciin-todellinen-tarina-somekiusaaminen-ja-henkilobrandin-oikeudellinen-hallinta\/#primaryimage"},"thumbnailUrl":"https:\/\/musicmedia.fi\/wp-content\/uploads\/2023\/05\/Facebook-kansikuva_MxM-e1683717411314.png","articleSection":["Vain suomeksi"],"inLanguage":"fi"},{"@type":"WebPage","@id":"https:\/\/musicmedia.fi\/uusia-ohjelmasisaltoja-julki-netflix-dance-brothers-aviciin-todellinen-tarina-somekiusaaminen-ja-henkilobrandin-oikeudellinen-hallinta\/","url":"https:\/\/musicmedia.fi\/uusia-ohjelmasisaltoja-julki-netflix-dance-brothers-aviciin-todellinen-tarina-somekiusaaminen-ja-henkilobrandin-oikeudellinen-hallinta\/","name":"Nostoja ohjelmasta: Netflix & Dance Brothers, Aviciin todellinen tarina, somekiusaaminen ja henkil\u00f6br\u00e4ndin oikeudellinen hallinta - Music x Media","isPartOf":{"@id":"https:\/\/musicmedia.fi\/#website"},"primaryImageOfPage":{"@id":"https:\/\/musicmedia.fi\/uusia-ohjelmasisaltoja-julki-netflix-dance-brothers-aviciin-todellinen-tarina-somekiusaaminen-ja-henkilobrandin-oikeudellinen-hallinta\/#primaryimage"},"image":{"@id":"https:\/\/musicmedia.fi\/uusia-ohjelmasisaltoja-julki-netflix-dance-brothers-aviciin-todellinen-tarina-somekiusaaminen-ja-henkilobrandin-oikeudellinen-hallinta\/#primaryimage"},"thumbnailUrl":"https:\/\/musicmedia.fi\/wp-content\/uploads\/2023\/05\/Facebook-kansikuva_MxM-e1683717411314.png","datePublished":"2023-05-11T12:19:18+00:00","dateModified":"2024-11-04T09:04:41+00:00","breadcrumb":{"@id":"https:\/\/musicmedia.fi\/uusia-ohjelmasisaltoja-julki-netflix-dance-brothers-aviciin-todellinen-tarina-somekiusaaminen-ja-henkilobrandin-oikeudellinen-hallinta\/#breadcrumb"},"inLanguage":"fi","potentialAction":[{"@type":"ReadAction","target":["https:\/\/musicmedia.fi\/uusia-ohjelmasisaltoja-julki-netflix-dance-brothers-aviciin-todellinen-tarina-somekiusaaminen-ja-henkilobrandin-oikeudellinen-hallinta\/"]}]},{"@type":"ImageObject","inLanguage":"fi","@id":"https:\/\/musicmedia.fi\/uusia-ohjelmasisaltoja-julki-netflix-dance-brothers-aviciin-todellinen-tarina-somekiusaaminen-ja-henkilobrandin-oikeudellinen-hallinta\/#primaryimage","url":"https:\/\/musicmedia.fi\/wp-content\/uploads\/2023\/05\/Facebook-kansikuva_MxM-e1683717411314.png","contentUrl":"https:\/\/musicmedia.fi\/wp-content\/uploads\/2023\/05\/Facebook-kansikuva_MxM-e1683717411314.png","width":1200,"height":676},{"@type":"BreadcrumbList","@id":"https:\/\/musicmedia.fi\/uusia-ohjelmasisaltoja-julki-netflix-dance-brothers-aviciin-todellinen-tarina-somekiusaaminen-ja-henkilobrandin-oikeudellinen-hallinta\/#breadcrumb","itemListElement":[{"@type":"ListItem","position":1,"name":"Home","item":"https:\/\/musicmedia.fi\/"},{"@type":"ListItem","position":2,"name":"Nostoja ohjelmasta: Netflix &#038; Dance Brothers, Aviciin todellinen tarina, somekiusaaminen ja henkil\u00f6br\u00e4ndin oikeudellinen hallinta"}]},{"@type":"WebSite","@id":"https:\/\/musicmedia.fi\/#website","url":"https:\/\/musicmedia.fi\/","name":"Music x Media","description":"Musiikki-, viihde- ja tapahtuma-alojen kohtaamispaikka","publisher":{"@id":"https:\/\/musicmedia.fi\/#organization"},"potentialAction":[{"@type":"SearchAction","target":{"@type":"EntryPoint","urlTemplate":"https:\/\/musicmedia.fi\/?s={search_term_string}"},"query-input":{"@type":"PropertyValueSpecification","valueRequired":true,"valueName":"search_term_string"}}],"inLanguage":"fi"},{"@type":"Organization","@id":"https:\/\/musicmedia.fi\/#organization","name":"Music x Media","url":"https:\/\/musicmedia.fi\/","logo":{"@type":"ImageObject","inLanguage":"fi","@id":"https:\/\/musicmedia.fi\/#\/schema\/logo\/image\/","url":"https:\/\/musicmedia.fi\/wp-content\/uploads\/2022\/05\/logo.png","contentUrl":"https:\/\/musicmedia.fi\/wp-content\/uploads\/2022\/05\/logo.png","width":276,"height":147,"caption":"Music x Media"},"image":{"@id":"https:\/\/musicmedia.fi\/#\/schema\/logo\/image\/"}},{"@type":"Person","@id":"https:\/\/musicmedia.fi\/#\/schema\/person\/4d79763c56ccb5c8c01ae47497da967d","name":"info@musicmedia.fi","url":"https:\/\/musicmedia.fi\/fi\/author\/infomusicmedia-fi\/"}]}},"_links":{"self":[{"href":"https:\/\/musicmedia.fi\/fi\/wp-json\/wp\/v2\/posts\/4345","targetHints":{"allow":["GET"]}}],"collection":[{"href":"https:\/\/musicmedia.fi\/fi\/wp-json\/wp\/v2\/posts"}],"about":[{"href":"https:\/\/musicmedia.fi\/fi\/wp-json\/wp\/v2\/types\/post"}],"author":[{"embeddable":true,"href":"https:\/\/musicmedia.fi\/fi\/wp-json\/wp\/v2\/users\/11"}],"replies":[{"embeddable":true,"href":"https:\/\/musicmedia.fi\/fi\/wp-json\/wp\/v2\/comments?post=4345"}],"version-history":[{"count":13,"href":"https:\/\/musicmedia.fi\/fi\/wp-json\/wp\/v2\/posts\/4345\/revisions"}],"predecessor-version":[{"id":4432,"href":"https:\/\/musicmedia.fi\/fi\/wp-json\/wp\/v2\/posts\/4345\/revisions\/4432"}],"wp:featuredmedia":[{"embeddable":true,"href":"https:\/\/musicmedia.fi\/fi\/wp-json\/wp\/v2\/media\/3987"}],"wp:attachment":[{"href":"https:\/\/musicmedia.fi\/fi\/wp-json\/wp\/v2\/media?parent=4345"}],"wp:term":[{"taxonomy":"category","embeddable":true,"href":"https:\/\/musicmedia.fi\/fi\/wp-json\/wp\/v2\/categories?post=4345"},{"taxonomy":"post_tag","embeddable":true,"href":"https:\/\/musicmedia.fi\/fi\/wp-json\/wp\/v2\/tags?post=4345"}],"curies":[{"name":"wp","href":"https:\/\/api.w.org\/{rel}","templated":true}]}}