{"id":13950,"date":"2026-09-04T10:00:09","date_gmt":"2026-09-04T07:00:09","guid":{"rendered":"https:\/\/musicmedia.fi\/?p=13950"},"modified":"2026-09-04T10:00:09","modified_gmt":"2026-09-04T07:00:09","slug":"industry-awards-2026-gaalan-ehdokkaat-on-nyt-julkistettu","status":"publish","type":"post","link":"https:\/\/musicmedia.fi\/fi\/industry-awards-2026-gaalan-ehdokkaat-on-nyt-julkistettu\/","title":{"rendered":"Industry Awards 2026 -gaalan ehdokkaat on nyt julkistettu"},"content":{"rendered":"<p><span style=\"font-weight: 400;\">Ehdokkaat vuoden 2026 Industry Awards -gaalaan on nyt julkistettu!<\/span><\/p>\n<p><span style=\"font-weight: 400;\">Musiikkialan kovimpia tekij\u00f6it\u00e4 palkitaan j\u00e4lleen Industry Awards -palkinnoilla perjantaina 2.10.2026 Industry Awards -gaalassa osana Music x Media -tapahtumakokonaisuutta.<\/span><\/p>\n<p><span style=\"font-weight: 400;\">Kuka tahansa on saanut ehdottaa henkil\u00f6it\u00e4, yrityksi\u00e4 tai tekoja avoimella lomakkeella 20.5.-12.8.2026 v\u00e4lisen\u00e4 aikana. Ehdotusten perusteella ammattilaisista kootut raadit ovat koostaneet ehdokkaat kuhunkin kategoriaan. Raadit ovat painottaneet valinnassaan ensisijaisesti ehdokkaiden osaamista ja menestyst\u00e4 omassa ty\u00f6ss\u00e4\u00e4n, mutta my\u00f6s monimuotoisuuteen on panostettu niin taustojen, positioiden kuin maantieteenkin osalta.<\/span><\/p>\n<p><span style=\"font-weight: 400;\">Samat raadit tulevat antamaan n\u00e4kemyksens\u00e4 my\u00f6s voittajista. Voittajat valitaan raatien ja yleis\u00f6\u00e4\u00e4nten pohjalta 70\/30 -voimasuhteella. Tarkastelujakso oli 1.8.2025 &#8211; 31.7.2026. Voittajat julkistetaan Industry Awards gaalassa 2.10.\u00a0<\/span><\/p>\n<p><span style=\"font-weight: 400;\">Music x Mediaan rekister\u00f6ityneet voivat nyt \u00e4\u00e4nest\u00e4\u00e4 voittajasuosikkejaan kaikissa kategorioissa s\u00e4hk\u00f6postiin l\u00e4hetetyn linkin kautta. Uusille rekister\u00f6ityneille \u00e4\u00e4nestyslinkki l\u00e4hetet\u00e4\u00e4n n. 1-3 arkip\u00e4iv\u00e4n sis\u00e4ll\u00e4 rekister\u00f6itymisest\u00e4.<\/span><\/p>\n<h2><a href=\"https:\/\/musicmedia.fi\/industry-awards-ehdokkaat-2026\/\"><span style=\"font-weight: 400;\">Tutustu ehdokkaisiin t\u00e4\u00e4ll\u00e4!<\/span><\/a><\/h2>\n<p><a href=\"https:\/\/musicmedia.fi\/fi\/gaalan-ehdokas-ja-aanestysprosessi\/\"><span style=\"font-weight: 400;\">Voit lukea lis\u00e4\u00e4 gaalaprosessista t\u00e4\u00e4lt\u00e4.<\/span><\/a><\/p>\n<p>Kuva: Miikka Varila<\/p>\n<p>&nbsp;<\/p>\n","protected":false},"excerpt":{"rendered":"<p>Ehdokkaat vuoden 2026 Industry Awards -gaalaan on nyt julkistettu! Musiikkialan kovimpia tekij\u00f6it\u00e4 palkitaan j\u00e4lleen Industry Awards -palkinnoilla perjantaina 2.10.2026 Industry Awards -gaalassa osana Music x Media -tapahtumakokonaisuutta. Kuka tahansa on saanut ehdottaa henkil\u00f6it\u00e4, yrityksi\u00e4 tai tekoja avoimella lomakkeella 20.5.-12.8.2026 v\u00e4lisen\u00e4 aikana. Ehdotusten perusteella ammattilaisista kootut raadit ovat koostaneet ehdokkaat kuhunkin kategoriaan. Raadit ovat painottaneet valinnassaan [&hellip;]<\/p>\n","protected":false},"author":11,"featured_media":461,"comment_status":"closed","ping_status":"open","sticky":false,"template":"","format":"standard","meta":{"_acf_changed":false,"inline_featured_image":false,"footnotes":""},"categories":[755],"tags":[],"class_list":["post-13950","post","type-post","status-publish","format-standard","has-post-thumbnail","hentry","category-fi-en"],"acf":[],"yoast_head":"<!-- This site is optimized with the Yoast SEO plugin v25.7 - https:\/\/yoast.com\/wordpress\/plugins\/seo\/ -->\n<title>Industry Awards 2026 -gaalan ehdokkaat on nyt julkistettu - Music x Media<\/title>\n<meta name=\"robots\" content=\"index, follow, max-snippet:-1, max-image-preview:large, max-video-preview:-1\" \/>\n<link rel=\"canonical\" href=\"https:\/\/musicmedia.fi\/fi\/industry-awards-2026-gaalan-ehdokkaat-on-nyt-julkistettu\/\" \/>\n<meta property=\"og:locale\" content=\"fi_FI\" \/>\n<meta property=\"og:type\" content=\"article\" \/>\n<meta property=\"og:title\" content=\"Industry Awards 2026 -gaalan ehdokkaat on nyt julkistettu - Music x Media\" \/>\n<meta property=\"og:description\" content=\"Ehdokkaat vuoden 2026 Industry Awards -gaalaan on nyt julkistettu! Musiikkialan kovimpia tekij\u00f6it\u00e4 palkitaan j\u00e4lleen Industry Awards -palkinnoilla perjantaina 2.10.2026 Industry Awards -gaalassa osana Music x Media -tapahtumakokonaisuutta. Kuka tahansa on saanut ehdottaa henkil\u00f6it\u00e4, yrityksi\u00e4 tai tekoja avoimella lomakkeella 20.5.-12.8.2026 v\u00e4lisen\u00e4 aikana. Ehdotusten perusteella ammattilaisista kootut raadit ovat koostaneet ehdokkaat kuhunkin kategoriaan. Raadit ovat painottaneet valinnassaan [&hellip;]\" \/>\n<meta property=\"og:url\" content=\"https:\/\/musicmedia.fi\/fi\/industry-awards-2026-gaalan-ehdokkaat-on-nyt-julkistettu\/\" \/>\n<meta property=\"og:site_name\" content=\"Music x Media\" \/>\n<meta property=\"article:published_time\" content=\"2026-09-04T07:00:09+00:00\" \/>\n<meta property=\"og:image\" content=\"https:\/\/musicmedia.fi\/wp-content\/uploads\/2022\/06\/IAgala2_Miikka_Varila.jpeg\" \/>\n\t<meta property=\"og:image:width\" content=\"2500\" \/>\n\t<meta property=\"og:image:height\" content=\"1667\" \/>\n\t<meta property=\"og:image:type\" content=\"image\/jpeg\" \/>\n<meta name=\"author\" content=\"info@musicmedia.fi\" \/>\n<meta name=\"twitter:card\" content=\"summary_large_image\" \/>\n<meta name=\"twitter:label1\" content=\"Kirjoittanut\" \/>\n\t<meta name=\"twitter:data1\" content=\"info@musicmedia.fi\" \/>\n\t<meta name=\"twitter:label2\" content=\"Arvioitu lukuaika\" \/>\n\t<meta name=\"twitter:data2\" content=\"2 minuuttia\" \/>\n<script type=\"application\/ld+json\" class=\"yoast-schema-graph\">{\"@context\":\"https:\/\/schema.org\",\"@graph\":[{\"@type\":\"Article\",\"@id\":\"https:\/\/musicmedia.fi\/industry-awards-2026-gaalan-ehdokkaat-on-nyt-julkistettu\/#article\",\"isPartOf\":{\"@id\":\"https:\/\/musicmedia.fi\/industry-awards-2026-gaalan-ehdokkaat-on-nyt-julkistettu\/\"},\"author\":{\"name\":\"info@musicmedia.fi\",\"@id\":\"https:\/\/musicmedia.fi\/#\/schema\/person\/4d79763c56ccb5c8c01ae47497da967d\"},\"headline\":\"Industry Awards 2026 -gaalan ehdokkaat on nyt julkistettu\",\"datePublished\":\"2026-09-04T07:00:09+00:00\",\"mainEntityOfPage\":{\"@id\":\"https:\/\/musicmedia.fi\/industry-awards-2026-gaalan-ehdokkaat-on-nyt-julkistettu\/\"},\"wordCount\":158,\"publisher\":{\"@id\":\"https:\/\/musicmedia.fi\/#organization\"},\"image\":{\"@id\":\"https:\/\/musicmedia.fi\/industry-awards-2026-gaalan-ehdokkaat-on-nyt-julkistettu\/#primaryimage\"},\"thumbnailUrl\":\"https:\/\/musicmedia.fi\/wp-content\/uploads\/2022\/06\/IAgala2_Miikka_Varila.jpeg\",\"articleSection\":[\"FI + EN\"],\"inLanguage\":\"fi\"},{\"@type\":\"WebPage\",\"@id\":\"https:\/\/musicmedia.fi\/industry-awards-2026-gaalan-ehdokkaat-on-nyt-julkistettu\/\",\"url\":\"https:\/\/musicmedia.fi\/industry-awards-2026-gaalan-ehdokkaat-on-nyt-julkistettu\/\",\"name\":\"Industry Awards 2026 -gaalan ehdokkaat on nyt julkistettu - Music x Media\",\"isPartOf\":{\"@id\":\"https:\/\/musicmedia.fi\/#website\"},\"primaryImageOfPage\":{\"@id\":\"https:\/\/musicmedia.fi\/industry-awards-2026-gaalan-ehdokkaat-on-nyt-julkistettu\/#primaryimage\"},\"image\":{\"@id\":\"https:\/\/musicmedia.fi\/industry-awards-2026-gaalan-ehdokkaat-on-nyt-julkistettu\/#primaryimage\"},\"thumbnailUrl\":\"https:\/\/musicmedia.fi\/wp-content\/uploads\/2022\/06\/IAgala2_Miikka_Varila.jpeg\",\"datePublished\":\"2026-09-04T07:00:09+00:00\",\"breadcrumb\":{\"@id\":\"https:\/\/musicmedia.fi\/industry-awards-2026-gaalan-ehdokkaat-on-nyt-julkistettu\/#breadcrumb\"},\"inLanguage\":\"fi\",\"potentialAction\":[{\"@type\":\"ReadAction\",\"target\":[\"https:\/\/musicmedia.fi\/industry-awards-2026-gaalan-ehdokkaat-on-nyt-julkistettu\/\"]}]},{\"@type\":\"ImageObject\",\"inLanguage\":\"fi\",\"@id\":\"https:\/\/musicmedia.fi\/industry-awards-2026-gaalan-ehdokkaat-on-nyt-julkistettu\/#primaryimage\",\"url\":\"https:\/\/musicmedia.fi\/wp-content\/uploads\/2022\/06\/IAgala2_Miikka_Varila.jpeg\",\"contentUrl\":\"https:\/\/musicmedia.fi\/wp-content\/uploads\/2022\/06\/IAgala2_Miikka_Varila.jpeg\",\"width\":2500,\"height\":1667},{\"@type\":\"BreadcrumbList\",\"@id\":\"https:\/\/musicmedia.fi\/industry-awards-2026-gaalan-ehdokkaat-on-nyt-julkistettu\/#breadcrumb\",\"itemListElement\":[{\"@type\":\"ListItem\",\"position\":1,\"name\":\"Home\",\"item\":\"https:\/\/musicmedia.fi\/fi\/\"},{\"@type\":\"ListItem\",\"position\":2,\"name\":\"Industry Awards 2026 -gaalan ehdokkaat on nyt julkistettu\"}]},{\"@type\":\"WebSite\",\"@id\":\"https:\/\/musicmedia.fi\/#website\",\"url\":\"https:\/\/musicmedia.fi\/\",\"name\":\"Music x Media\",\"description\":\"Musiikki-, viihde- ja tapahtuma-alojen kohtaamispaikka\",\"publisher\":{\"@id\":\"https:\/\/musicmedia.fi\/#organization\"},\"potentialAction\":[{\"@type\":\"SearchAction\",\"target\":{\"@type\":\"EntryPoint\",\"urlTemplate\":\"https:\/\/musicmedia.fi\/?s={search_term_string}\"},\"query-input\":{\"@type\":\"PropertyValueSpecification\",\"valueRequired\":true,\"valueName\":\"search_term_string\"}}],\"inLanguage\":\"fi\"},{\"@type\":\"Organization\",\"@id\":\"https:\/\/musicmedia.fi\/#organization\",\"name\":\"Music x Media\",\"url\":\"https:\/\/musicmedia.fi\/\",\"logo\":{\"@type\":\"ImageObject\",\"inLanguage\":\"fi\",\"@id\":\"https:\/\/musicmedia.fi\/#\/schema\/logo\/image\/\",\"url\":\"https:\/\/musicmedia.fi\/wp-content\/uploads\/2022\/05\/logo.png\",\"contentUrl\":\"https:\/\/musicmedia.fi\/wp-content\/uploads\/2022\/05\/logo.png\",\"width\":276,\"height\":147,\"caption\":\"Music x Media\"},\"image\":{\"@id\":\"https:\/\/musicmedia.fi\/#\/schema\/logo\/image\/\"}},{\"@type\":\"Person\",\"@id\":\"https:\/\/musicmedia.fi\/#\/schema\/person\/4d79763c56ccb5c8c01ae47497da967d\",\"name\":\"info@musicmedia.fi\",\"url\":\"https:\/\/musicmedia.fi\/fi\/author\/infomusicmedia-fi\/\"}]}<\/script>\n<!-- \/ Yoast SEO plugin. -->","yoast_head_json":{"title":"Industry Awards 2026 -gaalan ehdokkaat on nyt julkistettu - Music x Media","robots":{"index":"index","follow":"follow","max-snippet":"max-snippet:-1","max-image-preview":"max-image-preview:large","max-video-preview":"max-video-preview:-1"},"canonical":"https:\/\/musicmedia.fi\/fi\/industry-awards-2026-gaalan-ehdokkaat-on-nyt-julkistettu\/","og_locale":"fi_FI","og_type":"article","og_title":"Industry Awards 2026 -gaalan ehdokkaat on nyt julkistettu - Music x Media","og_description":"Ehdokkaat vuoden 2026 Industry Awards -gaalaan on nyt julkistettu! Musiikkialan kovimpia tekij\u00f6it\u00e4 palkitaan j\u00e4lleen Industry Awards -palkinnoilla perjantaina 2.10.2026 Industry Awards -gaalassa osana Music x Media -tapahtumakokonaisuutta. Kuka tahansa on saanut ehdottaa henkil\u00f6it\u00e4, yrityksi\u00e4 tai tekoja avoimella lomakkeella 20.5.-12.8.2026 v\u00e4lisen\u00e4 aikana. Ehdotusten perusteella ammattilaisista kootut raadit ovat koostaneet ehdokkaat kuhunkin kategoriaan. Raadit ovat painottaneet valinnassaan [&hellip;]","og_url":"https:\/\/musicmedia.fi\/fi\/industry-awards-2026-gaalan-ehdokkaat-on-nyt-julkistettu\/","og_site_name":"Music x Media","article_published_time":"2026-09-04T07:00:09+00:00","og_image":[{"width":2500,"height":1667,"url":"https:\/\/musicmedia.fi\/wp-content\/uploads\/2022\/06\/IAgala2_Miikka_Varila.jpeg","type":"image\/jpeg"}],"author":"info@musicmedia.fi","twitter_card":"summary_large_image","twitter_misc":{"Kirjoittanut":"info@musicmedia.fi","Arvioitu lukuaika":"2 minuuttia"},"schema":{"@context":"https:\/\/schema.org","@graph":[{"@type":"Article","@id":"https:\/\/musicmedia.fi\/industry-awards-2026-gaalan-ehdokkaat-on-nyt-julkistettu\/#article","isPartOf":{"@id":"https:\/\/musicmedia.fi\/industry-awards-2026-gaalan-ehdokkaat-on-nyt-julkistettu\/"},"author":{"name":"info@musicmedia.fi","@id":"https:\/\/musicmedia.fi\/#\/schema\/person\/4d79763c56ccb5c8c01ae47497da967d"},"headline":"Industry Awards 2026 -gaalan ehdokkaat on nyt julkistettu","datePublished":"2026-09-04T07:00:09+00:00","mainEntityOfPage":{"@id":"https:\/\/musicmedia.fi\/industry-awards-2026-gaalan-ehdokkaat-on-nyt-julkistettu\/"},"wordCount":158,"publisher":{"@id":"https:\/\/musicmedia.fi\/#organization"},"image":{"@id":"https:\/\/musicmedia.fi\/industry-awards-2026-gaalan-ehdokkaat-on-nyt-julkistettu\/#primaryimage"},"thumbnailUrl":"https:\/\/musicmedia.fi\/wp-content\/uploads\/2022\/06\/IAgala2_Miikka_Varila.jpeg","articleSection":["FI + EN"],"inLanguage":"fi"},{"@type":"WebPage","@id":"https:\/\/musicmedia.fi\/industry-awards-2026-gaalan-ehdokkaat-on-nyt-julkistettu\/","url":"https:\/\/musicmedia.fi\/industry-awards-2026-gaalan-ehdokkaat-on-nyt-julkistettu\/","name":"Industry Awards 2026 -gaalan ehdokkaat on nyt julkistettu - Music x Media","isPartOf":{"@id":"https:\/\/musicmedia.fi\/#website"},"primaryImageOfPage":{"@id":"https:\/\/musicmedia.fi\/industry-awards-2026-gaalan-ehdokkaat-on-nyt-julkistettu\/#primaryimage"},"image":{"@id":"https:\/\/musicmedia.fi\/industry-awards-2026-gaalan-ehdokkaat-on-nyt-julkistettu\/#primaryimage"},"thumbnailUrl":"https:\/\/musicmedia.fi\/wp-content\/uploads\/2022\/06\/IAgala2_Miikka_Varila.jpeg","datePublished":"2026-09-04T07:00:09+00:00","breadcrumb":{"@id":"https:\/\/musicmedia.fi\/industry-awards-2026-gaalan-ehdokkaat-on-nyt-julkistettu\/#breadcrumb"},"inLanguage":"fi","potentialAction":[{"@type":"ReadAction","target":["https:\/\/musicmedia.fi\/industry-awards-2026-gaalan-ehdokkaat-on-nyt-julkistettu\/"]}]},{"@type":"ImageObject","inLanguage":"fi","@id":"https:\/\/musicmedia.fi\/industry-awards-2026-gaalan-ehdokkaat-on-nyt-julkistettu\/#primaryimage","url":"https:\/\/musicmedia.fi\/wp-content\/uploads\/2022\/06\/IAgala2_Miikka_Varila.jpeg","contentUrl":"https:\/\/musicmedia.fi\/wp-content\/uploads\/2022\/06\/IAgala2_Miikka_Varila.jpeg","width":2500,"height":1667},{"@type":"BreadcrumbList","@id":"https:\/\/musicmedia.fi\/industry-awards-2026-gaalan-ehdokkaat-on-nyt-julkistettu\/#breadcrumb","itemListElement":[{"@type":"ListItem","position":1,"name":"Home","item":"https:\/\/musicmedia.fi\/fi\/"},{"@type":"ListItem","position":2,"name":"Industry Awards 2026 -gaalan ehdokkaat on nyt julkistettu"}]},{"@type":"WebSite","@id":"https:\/\/musicmedia.fi\/#website","url":"https:\/\/musicmedia.fi\/","name":"Music x Media","description":"Musiikki-, viihde- ja tapahtuma-alojen kohtaamispaikka","publisher":{"@id":"https:\/\/musicmedia.fi\/#organization"},"potentialAction":[{"@type":"SearchAction","target":{"@type":"EntryPoint","urlTemplate":"https:\/\/musicmedia.fi\/?s={search_term_string}"},"query-input":{"@type":"PropertyValueSpecification","valueRequired":true,"valueName":"search_term_string"}}],"inLanguage":"fi"},{"@type":"Organization","@id":"https:\/\/musicmedia.fi\/#organization","name":"Music x Media","url":"https:\/\/musicmedia.fi\/","logo":{"@type":"ImageObject","inLanguage":"fi","@id":"https:\/\/musicmedia.fi\/#\/schema\/logo\/image\/","url":"https:\/\/musicmedia.fi\/wp-content\/uploads\/2022\/05\/logo.png","contentUrl":"https:\/\/musicmedia.fi\/wp-content\/uploads\/2022\/05\/logo.png","width":276,"height":147,"caption":"Music x Media"},"image":{"@id":"https:\/\/musicmedia.fi\/#\/schema\/logo\/image\/"}},{"@type":"Person","@id":"https:\/\/musicmedia.fi\/#\/schema\/person\/4d79763c56ccb5c8c01ae47497da967d","name":"info@musicmedia.fi","url":"https:\/\/musicmedia.fi\/fi\/author\/infomusicmedia-fi\/"}]}},"_links":{"self":[{"href":"https:\/\/musicmedia.fi\/fi\/wp-json\/wp\/v2\/posts\/13950","targetHints":{"allow":["GET"]}}],"collection":[{"href":"https:\/\/musicmedia.fi\/fi\/wp-json\/wp\/v2\/posts"}],"about":[{"href":"https:\/\/musicmedia.fi\/fi\/wp-json\/wp\/v2\/types\/post"}],"author":[{"embeddable":true,"href":"https:\/\/musicmedia.fi\/fi\/wp-json\/wp\/v2\/users\/11"}],"replies":[{"embeddable":true,"href":"https:\/\/musicmedia.fi\/fi\/wp-json\/wp\/v2\/comments?post=13950"}],"version-history":[{"count":3,"href":"https:\/\/musicmedia.fi\/fi\/wp-json\/wp\/v2\/posts\/13950\/revisions"}],"predecessor-version":[{"id":13985,"href":"https:\/\/musicmedia.fi\/fi\/wp-json\/wp\/v2\/posts\/13950\/revisions\/13985"}],"wp:featuredmedia":[{"embeddable":true,"href":"https:\/\/musicmedia.fi\/fi\/wp-json\/wp\/v2\/media\/461"}],"wp:attachment":[{"href":"https:\/\/musicmedia.fi\/fi\/wp-json\/wp\/v2\/media?parent=13950"}],"wp:term":[{"taxonomy":"category","embeddable":true,"href":"https:\/\/musicmedia.fi\/fi\/wp-json\/wp\/v2\/categories?post=13950"},{"taxonomy":"post_tag","embeddable":true,"href":"https:\/\/musicmedia.fi\/fi\/wp-json\/wp\/v2\/tags?post=13950"}],"curies":[{"name":"wp","href":"https:\/\/api.w.org\/{rel}","templated":true}]}}