{"id":10152,"date":"2024-10-02T17:36:26","date_gmt":"2024-10-02T14:36:26","guid":{"rendered":"https:\/\/musicmedia.fi\/?p=10152"},"modified":"2024-11-04T10:36:55","modified_gmt":"2024-11-04T08:36:55","slug":"kuumimmat-nousevat-artistit-nahdaan-lost-in-musicissa-katso-aikataulu","status":"publish","type":"post","link":"https:\/\/musicmedia.fi\/fi\/kuumimmat-nousevat-artistit-nahdaan-lost-in-musicissa-katso-aikataulu\/","title":{"rendered":"Kuumimmat nousevat artistit n\u00e4hd\u00e4\u00e4n Lost In Musicissa &#8211; katso aikataulu"},"content":{"rendered":"<p>Tampereella 17. kertaa j\u00e4rjestett\u00e4v\u00e4 festivaali Lost In Music antaa mahdollisuuden tuoreille artisteille esiinty\u00e4 yleis\u00f6n sek\u00e4 alan ammattilaisten edess\u00e4 lokakuussa. Festivaali on t\u00e4n\u00e4 vuonna valinnut ohjelmaansa artisteja, jotka ovat jo striimanneet isosti, mutta eiv\u00e4t ole viel\u00e4 keikkayleis\u00f6lle tuttuja tai tehneet l\u00e4pimurtoaan live-esiintyjin\u00e4. Music x Median delegaateilla on vapaa p\u00e4\u00e4sy Lost in Music -keikoille niin\u00e4 p\u00e4ivin\u00e4 kun lippu on voimassa.<\/p>\n<p>Lost In Musicin uusi tuotantotiimi on uudistanut festivaalia siihen suuntaan, ett\u00e4 se on esiintymismahdollisuus juuri uransa nousukynnyksell\u00e4 oleville artisteille.<\/p>\n<p>T\u00e4n\u00e4 vuonna tapahtumassa p\u00e4\u00e4sev\u00e4t esiintym\u00e4\u00e4n Mirella, OLGA, Bee, Maustetyt\u00f6t, nublu, Sara Siipola, Turisti, Jaakko Kulta, Averagekidluke, Aliisa Syrj\u00e4, Tupe., Sonia, Benjamin, Vilma Alina, Jesse Markin, Lyyti, Stereo Terror, Jore &amp; Zpoppa, B\u00c4M\u00c4, EBBE, Miss Molly, pins.ku, Senya, NUPU, Sara Bee, Elsa Brotherus, Alma Alanko, Luna Kills, ATLAS, Orvokki, Viitasen Piia, Poni, Kissa, Business City, D.O.P.A., Rosettes, US, Dalind\u00e8o, Timo Lassy Trio, Glayden, Sheperd\u2019s Call, MFM, Nelli Milan sek\u00e4 Barbitalo.<\/p>\n<p>\u201cOlemme kuratoineet ja skaalanneet tapahtuman musiikki- ja ohjelmatarjonnan niin, ett\u00e4 uudet artistit p\u00e4\u00e4sev\u00e4t n\u00e4ytt\u00e4m\u00e4\u00e4n taitonsa ja esiintym\u00e4\u00e4n juuri oikealle kohderyhm\u00e4lle oikeaan aikaan\u201d, kertoo tapahtuman taiteellinen johtaja <strong>Aki Roukala<\/strong>.<\/p>\n<p>Aikataulutuksen ja ohjelman suunnitteluun on panostettu niin, ett\u00e4 tapahtuma palvelisi yh\u00e4 paremmin niin esiintyji\u00e4 kuin yleis\u00f6\u00e4. Festivaali tuo yhteen musiikkitietoisen yleis\u00f6n sek\u00e4 musiikkialan ammattilaiset. Se on t\u00e4rkein alusta artisteille nousta niin keikkoja sek\u00e4 tapahtumia j\u00e4rjest\u00e4vien ammattilaisten kuin suuremman yleis\u00f6n tietoisuuteen.<\/p>\n<p>Lis\u00e4ksi tapahtumaa on haluttu vied\u00e4 yh\u00e4 l\u00e4pin\u00e4kyv\u00e4mp\u00e4\u00e4n suuntaan ja jokaista artistia kohdellaan tasavertaisesti.<\/p>\n<p>\u201cHaluamme kohdella tapahtumassa esiintyvi\u00e4 artisteja l\u00e4pin\u00e4kyv\u00e4sti ja tasavertaisesti. Jokaiselle festivaalin artistille maksetaan saman verran esiintymisest\u00e4\u00e4n\u201d, Roukala jatkaa.<\/p>\n<p><a href=\"https:\/\/lostinmusic.fi\/ohjelma\/\">Tutustu aikatauluun<\/a>.<\/p>\n<p><img fetchpriority=\"high\" decoding=\"async\" class=\"alignnone size-medium wp-image-10158\" src=\"https:\/\/musicmedia.fi\/wp-content\/uploads\/2024\/10\/6lim-aikataulu-grafiikat-04-1-300x232.png\" alt=\"\" width=\"300\" height=\"232\" srcset=\"https:\/\/musicmedia.fi\/wp-content\/uploads\/2024\/10\/6lim-aikataulu-grafiikat-04-1-300x232.png 300w, https:\/\/musicmedia.fi\/wp-content\/uploads\/2024\/10\/6lim-aikataulu-grafiikat-04-1-1024x791.png 1024w, https:\/\/musicmedia.fi\/wp-content\/uploads\/2024\/10\/6lim-aikataulu-grafiikat-04-1-768x594.png 768w, https:\/\/musicmedia.fi\/wp-content\/uploads\/2024\/10\/6lim-aikataulu-grafiikat-04-1-1536x1187.png 1536w, https:\/\/musicmedia.fi\/wp-content\/uploads\/2024\/10\/6lim-aikataulu-grafiikat-04-1-2048x1583.png 2048w, https:\/\/musicmedia.fi\/wp-content\/uploads\/2024\/10\/6lim-aikataulu-grafiikat-04-1-16x12.png 16w\" sizes=\"(max-width: 300px) 100vw, 300px\" \/><img decoding=\"async\" class=\"alignnone size-medium wp-image-10157\" src=\"https:\/\/musicmedia.fi\/wp-content\/uploads\/2024\/10\/6lim-aikataulu-grafiikat-06-300x232.png\" alt=\"\" width=\"300\" height=\"232\" srcset=\"https:\/\/musicmedia.fi\/wp-content\/uploads\/2024\/10\/6lim-aikataulu-grafiikat-06-300x232.png 300w, https:\/\/musicmedia.fi\/wp-content\/uploads\/2024\/10\/6lim-aikataulu-grafiikat-06-1024x791.png 1024w, https:\/\/musicmedia.fi\/wp-content\/uploads\/2024\/10\/6lim-aikataulu-grafiikat-06-768x594.png 768w, https:\/\/musicmedia.fi\/wp-content\/uploads\/2024\/10\/6lim-aikataulu-grafiikat-06-1536x1187.png 1536w, https:\/\/musicmedia.fi\/wp-content\/uploads\/2024\/10\/6lim-aikataulu-grafiikat-06-2048x1583.png 2048w, https:\/\/musicmedia.fi\/wp-content\/uploads\/2024\/10\/6lim-aikataulu-grafiikat-06-16x12.png 16w\" sizes=\"(max-width: 300px) 100vw, 300px\" \/><img decoding=\"async\" class=\"alignnone size-medium wp-image-10156\" src=\"https:\/\/musicmedia.fi\/wp-content\/uploads\/2024\/10\/6lim-aikataulu-grafiikat-05-300x232.png\" alt=\"\" width=\"300\" height=\"232\" srcset=\"https:\/\/musicmedia.fi\/wp-content\/uploads\/2024\/10\/6lim-aikataulu-grafiikat-05-300x232.png 300w, https:\/\/musicmedia.fi\/wp-content\/uploads\/2024\/10\/6lim-aikataulu-grafiikat-05-1024x791.png 1024w, https:\/\/musicmedia.fi\/wp-content\/uploads\/2024\/10\/6lim-aikataulu-grafiikat-05-768x594.png 768w, https:\/\/musicmedia.fi\/wp-content\/uploads\/2024\/10\/6lim-aikataulu-grafiikat-05-1536x1187.png 1536w, https:\/\/musicmedia.fi\/wp-content\/uploads\/2024\/10\/6lim-aikataulu-grafiikat-05-2048x1583.png 2048w, https:\/\/musicmedia.fi\/wp-content\/uploads\/2024\/10\/6lim-aikataulu-grafiikat-05-16x12.png 16w\" sizes=\"(max-width: 300px) 100vw, 300px\" \/><\/p>\n","protected":false},"excerpt":{"rendered":"<p>Tampereella 17. kertaa j\u00e4rjestett\u00e4v\u00e4 festivaali Lost In Music antaa mahdollisuuden tuoreille artisteille esiinty\u00e4 yleis\u00f6n sek\u00e4 alan ammattilaisten edess\u00e4 lokakuussa. Festivaali on t\u00e4n\u00e4 vuonna valinnut ohjelmaansa artisteja, jotka ovat jo striimanneet isosti, mutta eiv\u00e4t ole viel\u00e4 keikkayleis\u00f6lle tuttuja tai tehneet l\u00e4pimurtoaan live-esiintyjin\u00e4. Music x Median delegaateilla on vapaa p\u00e4\u00e4sy Lost in Music -keikoille niin\u00e4 p\u00e4ivin\u00e4 kun [&hellip;]<\/p>\n","protected":false},"author":11,"featured_media":10154,"comment_status":"closed","ping_status":"open","sticky":false,"template":"","format":"standard","meta":{"_acf_changed":false,"inline_featured_image":false,"footnotes":""},"categories":[756],"tags":[],"class_list":["post-10152","post","type-post","status-publish","format-standard","has-post-thumbnail","hentry","category-vain-suomeksi"],"acf":[],"yoast_head":"<!-- This site is optimized with the Yoast SEO plugin v25.7 - https:\/\/yoast.com\/wordpress\/plugins\/seo\/ -->\n<title>Kuumimmat nousevat artistit n\u00e4hd\u00e4\u00e4n Lost In Musicissa - katso aikataulu - Music x Media<\/title>\n<meta name=\"robots\" content=\"index, follow, max-snippet:-1, max-image-preview:large, max-video-preview:-1\" \/>\n<link rel=\"canonical\" href=\"https:\/\/musicmedia.fi\/fi\/kuumimmat-nousevat-artistit-nahdaan-lost-in-musicissa-katso-aikataulu\/\" \/>\n<meta property=\"og:locale\" content=\"fi_FI\" \/>\n<meta property=\"og:type\" content=\"article\" \/>\n<meta property=\"og:title\" content=\"Kuumimmat nousevat artistit n\u00e4hd\u00e4\u00e4n Lost In Musicissa - katso aikataulu - Music x Media\" \/>\n<meta property=\"og:description\" content=\"Tampereella 17. kertaa j\u00e4rjestett\u00e4v\u00e4 festivaali Lost In Music antaa mahdollisuuden tuoreille artisteille esiinty\u00e4 yleis\u00f6n sek\u00e4 alan ammattilaisten edess\u00e4 lokakuussa. Festivaali on t\u00e4n\u00e4 vuonna valinnut ohjelmaansa artisteja, jotka ovat jo striimanneet isosti, mutta eiv\u00e4t ole viel\u00e4 keikkayleis\u00f6lle tuttuja tai tehneet l\u00e4pimurtoaan live-esiintyjin\u00e4. Music x Median delegaateilla on vapaa p\u00e4\u00e4sy Lost in Music -keikoille niin\u00e4 p\u00e4ivin\u00e4 kun [&hellip;]\" \/>\n<meta property=\"og:url\" content=\"https:\/\/musicmedia.fi\/fi\/kuumimmat-nousevat-artistit-nahdaan-lost-in-musicissa-katso-aikataulu\/\" \/>\n<meta property=\"og:site_name\" content=\"Music x Media\" \/>\n<meta property=\"article:published_time\" content=\"2024-10-02T14:36:26+00:00\" \/>\n<meta property=\"article:modified_time\" content=\"2024-11-04T08:36:55+00:00\" \/>\n<meta property=\"og:image\" content=\"https:\/\/musicmedia.fi\/wp-content\/uploads\/2024\/10\/lim-paivitetty-ig-juliste-jpg.jpg\" \/>\n\t<meta property=\"og:image:width\" content=\"1086\" \/>\n\t<meta property=\"og:image:height\" content=\"1086\" \/>\n\t<meta property=\"og:image:type\" content=\"image\/jpeg\" \/>\n<meta name=\"author\" content=\"info@musicmedia.fi\" \/>\n<meta name=\"twitter:card\" content=\"summary_large_image\" \/>\n<meta name=\"twitter:label1\" content=\"Kirjoittanut\" \/>\n\t<meta name=\"twitter:data1\" content=\"info@musicmedia.fi\" \/>\n\t<meta name=\"twitter:label2\" content=\"Arvioitu lukuaika\" \/>\n\t<meta name=\"twitter:data2\" content=\"2 minuuttia\" \/>\n<script type=\"application\/ld+json\" class=\"yoast-schema-graph\">{\"@context\":\"https:\/\/schema.org\",\"@graph\":[{\"@type\":\"Article\",\"@id\":\"https:\/\/musicmedia.fi\/kuumimmat-nousevat-artistit-nahdaan-lost-in-musicissa-katso-aikataulu\/#article\",\"isPartOf\":{\"@id\":\"https:\/\/musicmedia.fi\/kuumimmat-nousevat-artistit-nahdaan-lost-in-musicissa-katso-aikataulu\/\"},\"author\":{\"name\":\"info@musicmedia.fi\",\"@id\":\"https:\/\/musicmedia.fi\/#\/schema\/person\/4d79763c56ccb5c8c01ae47497da967d\"},\"headline\":\"Kuumimmat nousevat artistit n\u00e4hd\u00e4\u00e4n Lost In Musicissa &#8211; katso aikataulu\",\"datePublished\":\"2024-10-02T14:36:26+00:00\",\"dateModified\":\"2024-11-04T08:36:55+00:00\",\"mainEntityOfPage\":{\"@id\":\"https:\/\/musicmedia.fi\/kuumimmat-nousevat-artistit-nahdaan-lost-in-musicissa-katso-aikataulu\/\"},\"wordCount\":299,\"publisher\":{\"@id\":\"https:\/\/musicmedia.fi\/#organization\"},\"image\":{\"@id\":\"https:\/\/musicmedia.fi\/kuumimmat-nousevat-artistit-nahdaan-lost-in-musicissa-katso-aikataulu\/#primaryimage\"},\"thumbnailUrl\":\"https:\/\/musicmedia.fi\/wp-content\/uploads\/2024\/10\/lim-paivitetty-ig-juliste-jpg.jpg\",\"articleSection\":[\"Vain suomeksi\"],\"inLanguage\":\"fi\"},{\"@type\":\"WebPage\",\"@id\":\"https:\/\/musicmedia.fi\/kuumimmat-nousevat-artistit-nahdaan-lost-in-musicissa-katso-aikataulu\/\",\"url\":\"https:\/\/musicmedia.fi\/kuumimmat-nousevat-artistit-nahdaan-lost-in-musicissa-katso-aikataulu\/\",\"name\":\"Kuumimmat nousevat artistit n\u00e4hd\u00e4\u00e4n Lost In Musicissa - katso aikataulu - Music x Media\",\"isPartOf\":{\"@id\":\"https:\/\/musicmedia.fi\/#website\"},\"primaryImageOfPage\":{\"@id\":\"https:\/\/musicmedia.fi\/kuumimmat-nousevat-artistit-nahdaan-lost-in-musicissa-katso-aikataulu\/#primaryimage\"},\"image\":{\"@id\":\"https:\/\/musicmedia.fi\/kuumimmat-nousevat-artistit-nahdaan-lost-in-musicissa-katso-aikataulu\/#primaryimage\"},\"thumbnailUrl\":\"https:\/\/musicmedia.fi\/wp-content\/uploads\/2024\/10\/lim-paivitetty-ig-juliste-jpg.jpg\",\"datePublished\":\"2024-10-02T14:36:26+00:00\",\"dateModified\":\"2024-11-04T08:36:55+00:00\",\"breadcrumb\":{\"@id\":\"https:\/\/musicmedia.fi\/kuumimmat-nousevat-artistit-nahdaan-lost-in-musicissa-katso-aikataulu\/#breadcrumb\"},\"inLanguage\":\"fi\",\"potentialAction\":[{\"@type\":\"ReadAction\",\"target\":[\"https:\/\/musicmedia.fi\/kuumimmat-nousevat-artistit-nahdaan-lost-in-musicissa-katso-aikataulu\/\"]}]},{\"@type\":\"ImageObject\",\"inLanguage\":\"fi\",\"@id\":\"https:\/\/musicmedia.fi\/kuumimmat-nousevat-artistit-nahdaan-lost-in-musicissa-katso-aikataulu\/#primaryimage\",\"url\":\"https:\/\/musicmedia.fi\/wp-content\/uploads\/2024\/10\/lim-paivitetty-ig-juliste-jpg.jpg\",\"contentUrl\":\"https:\/\/musicmedia.fi\/wp-content\/uploads\/2024\/10\/lim-paivitetty-ig-juliste-jpg.jpg\",\"width\":1086,\"height\":1086},{\"@type\":\"BreadcrumbList\",\"@id\":\"https:\/\/musicmedia.fi\/kuumimmat-nousevat-artistit-nahdaan-lost-in-musicissa-katso-aikataulu\/#breadcrumb\",\"itemListElement\":[{\"@type\":\"ListItem\",\"position\":1,\"name\":\"Home\",\"item\":\"https:\/\/musicmedia.fi\/\"},{\"@type\":\"ListItem\",\"position\":2,\"name\":\"Kuumimmat nousevat artistit n\u00e4hd\u00e4\u00e4n Lost In Musicissa &#8211; katso aikataulu\"}]},{\"@type\":\"WebSite\",\"@id\":\"https:\/\/musicmedia.fi\/#website\",\"url\":\"https:\/\/musicmedia.fi\/\",\"name\":\"Music x Media\",\"description\":\"Musiikki-, viihde- ja tapahtuma-alojen kohtaamispaikka\",\"publisher\":{\"@id\":\"https:\/\/musicmedia.fi\/#organization\"},\"potentialAction\":[{\"@type\":\"SearchAction\",\"target\":{\"@type\":\"EntryPoint\",\"urlTemplate\":\"https:\/\/musicmedia.fi\/?s={search_term_string}\"},\"query-input\":{\"@type\":\"PropertyValueSpecification\",\"valueRequired\":true,\"valueName\":\"search_term_string\"}}],\"inLanguage\":\"fi\"},{\"@type\":\"Organization\",\"@id\":\"https:\/\/musicmedia.fi\/#organization\",\"name\":\"Music x Media\",\"url\":\"https:\/\/musicmedia.fi\/\",\"logo\":{\"@type\":\"ImageObject\",\"inLanguage\":\"fi\",\"@id\":\"https:\/\/musicmedia.fi\/#\/schema\/logo\/image\/\",\"url\":\"https:\/\/musicmedia.fi\/wp-content\/uploads\/2022\/05\/logo.png\",\"contentUrl\":\"https:\/\/musicmedia.fi\/wp-content\/uploads\/2022\/05\/logo.png\",\"width\":276,\"height\":147,\"caption\":\"Music x Media\"},\"image\":{\"@id\":\"https:\/\/musicmedia.fi\/#\/schema\/logo\/image\/\"}},{\"@type\":\"Person\",\"@id\":\"https:\/\/musicmedia.fi\/#\/schema\/person\/4d79763c56ccb5c8c01ae47497da967d\",\"name\":\"info@musicmedia.fi\",\"url\":\"https:\/\/musicmedia.fi\/fi\/author\/infomusicmedia-fi\/\"}]}<\/script>\n<!-- \/ Yoast SEO plugin. -->","yoast_head_json":{"title":"Kuumimmat nousevat artistit n\u00e4hd\u00e4\u00e4n Lost In Musicissa - katso aikataulu - Music x Media","robots":{"index":"index","follow":"follow","max-snippet":"max-snippet:-1","max-image-preview":"max-image-preview:large","max-video-preview":"max-video-preview:-1"},"canonical":"https:\/\/musicmedia.fi\/fi\/kuumimmat-nousevat-artistit-nahdaan-lost-in-musicissa-katso-aikataulu\/","og_locale":"fi_FI","og_type":"article","og_title":"Kuumimmat nousevat artistit n\u00e4hd\u00e4\u00e4n Lost In Musicissa - katso aikataulu - Music x Media","og_description":"Tampereella 17. kertaa j\u00e4rjestett\u00e4v\u00e4 festivaali Lost In Music antaa mahdollisuuden tuoreille artisteille esiinty\u00e4 yleis\u00f6n sek\u00e4 alan ammattilaisten edess\u00e4 lokakuussa. Festivaali on t\u00e4n\u00e4 vuonna valinnut ohjelmaansa artisteja, jotka ovat jo striimanneet isosti, mutta eiv\u00e4t ole viel\u00e4 keikkayleis\u00f6lle tuttuja tai tehneet l\u00e4pimurtoaan live-esiintyjin\u00e4. Music x Median delegaateilla on vapaa p\u00e4\u00e4sy Lost in Music -keikoille niin\u00e4 p\u00e4ivin\u00e4 kun [&hellip;]","og_url":"https:\/\/musicmedia.fi\/fi\/kuumimmat-nousevat-artistit-nahdaan-lost-in-musicissa-katso-aikataulu\/","og_site_name":"Music x Media","article_published_time":"2024-10-02T14:36:26+00:00","article_modified_time":"2024-11-04T08:36:55+00:00","og_image":[{"width":1086,"height":1086,"url":"https:\/\/musicmedia.fi\/wp-content\/uploads\/2024\/10\/lim-paivitetty-ig-juliste-jpg.jpg","type":"image\/jpeg"}],"author":"info@musicmedia.fi","twitter_card":"summary_large_image","twitter_misc":{"Kirjoittanut":"info@musicmedia.fi","Arvioitu lukuaika":"2 minuuttia"},"schema":{"@context":"https:\/\/schema.org","@graph":[{"@type":"Article","@id":"https:\/\/musicmedia.fi\/kuumimmat-nousevat-artistit-nahdaan-lost-in-musicissa-katso-aikataulu\/#article","isPartOf":{"@id":"https:\/\/musicmedia.fi\/kuumimmat-nousevat-artistit-nahdaan-lost-in-musicissa-katso-aikataulu\/"},"author":{"name":"info@musicmedia.fi","@id":"https:\/\/musicmedia.fi\/#\/schema\/person\/4d79763c56ccb5c8c01ae47497da967d"},"headline":"Kuumimmat nousevat artistit n\u00e4hd\u00e4\u00e4n Lost In Musicissa &#8211; katso aikataulu","datePublished":"2024-10-02T14:36:26+00:00","dateModified":"2024-11-04T08:36:55+00:00","mainEntityOfPage":{"@id":"https:\/\/musicmedia.fi\/kuumimmat-nousevat-artistit-nahdaan-lost-in-musicissa-katso-aikataulu\/"},"wordCount":299,"publisher":{"@id":"https:\/\/musicmedia.fi\/#organization"},"image":{"@id":"https:\/\/musicmedia.fi\/kuumimmat-nousevat-artistit-nahdaan-lost-in-musicissa-katso-aikataulu\/#primaryimage"},"thumbnailUrl":"https:\/\/musicmedia.fi\/wp-content\/uploads\/2024\/10\/lim-paivitetty-ig-juliste-jpg.jpg","articleSection":["Vain suomeksi"],"inLanguage":"fi"},{"@type":"WebPage","@id":"https:\/\/musicmedia.fi\/kuumimmat-nousevat-artistit-nahdaan-lost-in-musicissa-katso-aikataulu\/","url":"https:\/\/musicmedia.fi\/kuumimmat-nousevat-artistit-nahdaan-lost-in-musicissa-katso-aikataulu\/","name":"Kuumimmat nousevat artistit n\u00e4hd\u00e4\u00e4n Lost In Musicissa - katso aikataulu - Music x Media","isPartOf":{"@id":"https:\/\/musicmedia.fi\/#website"},"primaryImageOfPage":{"@id":"https:\/\/musicmedia.fi\/kuumimmat-nousevat-artistit-nahdaan-lost-in-musicissa-katso-aikataulu\/#primaryimage"},"image":{"@id":"https:\/\/musicmedia.fi\/kuumimmat-nousevat-artistit-nahdaan-lost-in-musicissa-katso-aikataulu\/#primaryimage"},"thumbnailUrl":"https:\/\/musicmedia.fi\/wp-content\/uploads\/2024\/10\/lim-paivitetty-ig-juliste-jpg.jpg","datePublished":"2024-10-02T14:36:26+00:00","dateModified":"2024-11-04T08:36:55+00:00","breadcrumb":{"@id":"https:\/\/musicmedia.fi\/kuumimmat-nousevat-artistit-nahdaan-lost-in-musicissa-katso-aikataulu\/#breadcrumb"},"inLanguage":"fi","potentialAction":[{"@type":"ReadAction","target":["https:\/\/musicmedia.fi\/kuumimmat-nousevat-artistit-nahdaan-lost-in-musicissa-katso-aikataulu\/"]}]},{"@type":"ImageObject","inLanguage":"fi","@id":"https:\/\/musicmedia.fi\/kuumimmat-nousevat-artistit-nahdaan-lost-in-musicissa-katso-aikataulu\/#primaryimage","url":"https:\/\/musicmedia.fi\/wp-content\/uploads\/2024\/10\/lim-paivitetty-ig-juliste-jpg.jpg","contentUrl":"https:\/\/musicmedia.fi\/wp-content\/uploads\/2024\/10\/lim-paivitetty-ig-juliste-jpg.jpg","width":1086,"height":1086},{"@type":"BreadcrumbList","@id":"https:\/\/musicmedia.fi\/kuumimmat-nousevat-artistit-nahdaan-lost-in-musicissa-katso-aikataulu\/#breadcrumb","itemListElement":[{"@type":"ListItem","position":1,"name":"Home","item":"https:\/\/musicmedia.fi\/"},{"@type":"ListItem","position":2,"name":"Kuumimmat nousevat artistit n\u00e4hd\u00e4\u00e4n Lost In Musicissa &#8211; katso aikataulu"}]},{"@type":"WebSite","@id":"https:\/\/musicmedia.fi\/#website","url":"https:\/\/musicmedia.fi\/","name":"Music x Media","description":"Musiikki-, viihde- ja tapahtuma-alojen kohtaamispaikka","publisher":{"@id":"https:\/\/musicmedia.fi\/#organization"},"potentialAction":[{"@type":"SearchAction","target":{"@type":"EntryPoint","urlTemplate":"https:\/\/musicmedia.fi\/?s={search_term_string}"},"query-input":{"@type":"PropertyValueSpecification","valueRequired":true,"valueName":"search_term_string"}}],"inLanguage":"fi"},{"@type":"Organization","@id":"https:\/\/musicmedia.fi\/#organization","name":"Music x Media","url":"https:\/\/musicmedia.fi\/","logo":{"@type":"ImageObject","inLanguage":"fi","@id":"https:\/\/musicmedia.fi\/#\/schema\/logo\/image\/","url":"https:\/\/musicmedia.fi\/wp-content\/uploads\/2022\/05\/logo.png","contentUrl":"https:\/\/musicmedia.fi\/wp-content\/uploads\/2022\/05\/logo.png","width":276,"height":147,"caption":"Music x Media"},"image":{"@id":"https:\/\/musicmedia.fi\/#\/schema\/logo\/image\/"}},{"@type":"Person","@id":"https:\/\/musicmedia.fi\/#\/schema\/person\/4d79763c56ccb5c8c01ae47497da967d","name":"info@musicmedia.fi","url":"https:\/\/musicmedia.fi\/fi\/author\/infomusicmedia-fi\/"}]}},"_links":{"self":[{"href":"https:\/\/musicmedia.fi\/fi\/wp-json\/wp\/v2\/posts\/10152","targetHints":{"allow":["GET"]}}],"collection":[{"href":"https:\/\/musicmedia.fi\/fi\/wp-json\/wp\/v2\/posts"}],"about":[{"href":"https:\/\/musicmedia.fi\/fi\/wp-json\/wp\/v2\/types\/post"}],"author":[{"embeddable":true,"href":"https:\/\/musicmedia.fi\/fi\/wp-json\/wp\/v2\/users\/11"}],"replies":[{"embeddable":true,"href":"https:\/\/musicmedia.fi\/fi\/wp-json\/wp\/v2\/comments?post=10152"}],"version-history":[{"count":5,"href":"https:\/\/musicmedia.fi\/fi\/wp-json\/wp\/v2\/posts\/10152\/revisions"}],"predecessor-version":[{"id":10262,"href":"https:\/\/musicmedia.fi\/fi\/wp-json\/wp\/v2\/posts\/10152\/revisions\/10262"}],"wp:featuredmedia":[{"embeddable":true,"href":"https:\/\/musicmedia.fi\/fi\/wp-json\/wp\/v2\/media\/10154"}],"wp:attachment":[{"href":"https:\/\/musicmedia.fi\/fi\/wp-json\/wp\/v2\/media?parent=10152"}],"wp:term":[{"taxonomy":"category","embeddable":true,"href":"https:\/\/musicmedia.fi\/fi\/wp-json\/wp\/v2\/categories?post=10152"},{"taxonomy":"post_tag","embeddable":true,"href":"https:\/\/musicmedia.fi\/fi\/wp-json\/wp\/v2\/tags?post=10152"}],"curies":[{"name":"wp","href":"https:\/\/api.w.org\/{rel}","templated":true}]}}