{"id":9523,"date":"2024-09-18T09:58:56","date_gmt":"2024-09-18T06:58:56","guid":{"rendered":"https:\/\/musicmedia.fi\/?p=9523"},"modified":"2024-11-04T10:36:56","modified_gmt":"2024-11-04T08:36:56","slug":"creative-business-days-innostaa-uusiin-kokeiluihin-music-x-mediassa","status":"publish","type":"post","link":"https:\/\/musicmedia.fi\/en\/creative-business-days-innostaa-uusiin-kokeiluihin-music-x-mediassa\/","title":{"rendered":"Creative Business Days innostaa uusiin kokeiluihin Music x Mediassa"},"content":{"rendered":"<p><span style=\"font-weight: 400;\">Humakin luovien alojen yrityspalvelu <\/span><span style=\"font-weight: 400;\">Creve tuo t\u00e4n\u00e4 syksyn\u00e4 <\/span>Creative Business Daysin osaksi <span style=\"font-weight: 400;\">Music x Mediaa. Yhteisty\u00f6 tuo uudella tavalla alan verkostoja yhteen sek\u00e4 inspiroivia ohjelmasis\u00e4lt\u00f6j\u00e4 osaksi tapahtumaa.<\/span><\/p>\n<p><span style=\"font-weight: 400;\">Creative Business Days pystytt\u00e4\u00e4 Music x Mediaan 2.-4.10. kokeilualueen uusien innovaatioiden, osaamisen ja yhteisty\u00f6n rakentamiselle. Creven tapahtumakonsepti tuo keynote-puheenvuorojen lis\u00e4ksi yleis\u00f6n testattavaksi uusia ratkaisuja, luovia menetelmi\u00e4 sek\u00e4 uusia avauksia yritysten ja verkostojen kehitt\u00e4miseen.<\/span><\/p>\n<p><span style=\"font-weight: 400;\">Luovien alojen kehitt\u00e4mishankkeissa tuotetaan vuosittain mittava m\u00e4\u00e4r\u00e4 uutta osaamista, mutta my\u00f6s menetelmi\u00e4, ty\u00f6kaluja, oppaita sek\u00e4 konkreettisia ratkaisuja, jotka j\u00e4\u00e4v\u00e4t usein hankkeiden p\u00e4\u00e4ttymisen j\u00e4lkeen piiloon. Creative Business Days tarttuu t\u00e4h\u00e4n haasteeseen ja tuo opit ja tulokset suoraan yritysten hy\u00f6dynnett\u00e4v\u00e4ksi sek\u00e4 seuraavien kehitt\u00e4mishankkeiden l\u00e4ht\u00f6kohdaksi.<\/span><\/p>\n<p><span style=\"font-weight: 400;\">\u201dAjatus toiminnallisesta tapahtumasta oli kytenyt mieless\u00e4 jo pitk\u00e4\u00e4n ja viime vuonna lanseerattu konseptimme <\/span><a href=\"https:\/\/www.creve.fi\/tapahtumat-ja-verkostot\/cbd-vol2-togethering\/\"><span style=\"font-weight: 400;\">Creative Business Days<\/span><\/a><span style=\"font-weight: 400;\"> vastaa t\u00e4h\u00e4n. Yhteisty\u00f6 <\/span><span style=\"font-weight: 400;\">Music x <\/span><span style=\"font-weight: 400;\">Median<\/span><span style=\"font-weight: 400;\"> kanssa vahvisti ajatusta ja lopputuloksena tuotamme tapahtumaan p\u00e4ivitt\u00e4in kokeiluja, keskusteluja, kohtaamisia \u2013 ja n\u00e4iden kautta uusia alkuja innovaatioyhteisty\u00f6lle\u201d, kuvailee liiketoiminnan ja yritt\u00e4jyyden asiantuntija <\/span><b>Leena Janhila <\/b><span style=\"font-weight: 400;\">Humakista.<\/span><\/p>\n<p><span style=\"font-weight: 400;\">Tapahtumassa Creative Business Daysin osastolla p\u00e4\u00e4see tutustumaan demojen ja keskustelujen kautta luovien alojen tulevaisuuteen: mit\u00e4 ovat uudet ansaintamahdollisuudet web3-alustoilla, miten taiteen rahoitusta, myynti\u00e4 ja ker\u00e4ily\u00e4 toteutetaan ilman v\u00e4lik\u00e4si\u00e4 NFT-teknologian kautta tai miten hy\u00f6dynt\u00e4\u00e4 taidetta luovan ajattelun laajentamisessa. Osastolla p\u00e4\u00e4set jatkamaan keskustelua Creative Business Daysin keynote-puhujien kanssa sek\u00e4 oppimaan luovien sis\u00e4lt\u00f6jen lisensoinnista mm. Mauri Kunnaksen lisensoinnista vastanneen Maarit Py\u00f6tsi\u00e4n vet\u00e4m\u00e4n\u00e4. Tuottajakeskusverkosto k\u00e4ynnistyy tapahtumassa, ja p\u00e4\u00e4set vaikuttamaan toimintaan oman alueesi n\u00e4k\u00f6kulmasta.<\/span><\/p>\n<p><span style=\"font-weight: 400;\">\u201cYhteisty\u00f6 Creative Business Daysin kanssa tuo tapahtumaamme mielenkiintoisia puheenvuoroja ja teemakeskusteluja ajankohtaisista aiheista. Yhteisty\u00f6mme huipentuu t\u00e4n\u00e4 vuonna monipuoliseen osallistavaan ohjelmaan ja huippupuhujien puheenvuoroihin\u201d, kertoo Music x Median toimitusjohtaja <\/span><b>Jani Jalonen<\/b><span style=\"font-weight: 400;\">.<\/span><\/p>\n<p><span style=\"font-weight: 400;\">Lue lis\u00e4\u00e4 <a href=\"https:\/\/www.creve.fi\/tapahtumat-ja-verkostot\/cbd-vol2-togethering\/\">aiheesta<\/a>.<\/span><\/p>\n<p><b>Creative Business Days tuo huippupuhujia Music x Median ohjelmaan<\/b><\/p>\n<p><span style=\"font-weight: 400;\">Creative Business Daysin huipputason keynote-puheenvuorot Music x Median lavoilla tarttuvat ajankohtaisiin teemoihin kansainv\u00e4listymisest\u00e4, yhteisty\u00f6st\u00e4, kest\u00e4vyydest\u00e4 ja rohkeista uusista avauksista. Lassi Nummi Assembly Organizingista avaa sis\u00e4lt\u00f6alojen kasvun mahdollisuuksia yhteisty\u00f6n kautta, Jenni Ahtiainen DEAFMETALista inspiroi osallistujia rohkeisiin uusiin ideoihin oman esimerkkins\u00e4 kautta. Tutkimuspuheenvuorossa Marcin Poprawski, Humakista k\u00e4sittelee musiikkifestivaalien kest\u00e4vyytt\u00e4 ja arvon muodostumista. Puheenvuorojen lis\u00e4ksi puhujat vet\u00e4v\u00e4t CBD:n alueella ryhm\u00e4keskusteluja, joissa osallistujat p\u00e4\u00e4sev\u00e4t jakamaan ajatuksia ja kokemuksiaan.<\/span><\/p>\n<p><span style=\"font-weight: 400;\">Assemblyn toimitusjohtaja Lassi Nummen puheenvuoro \u201cAssembly &#8211; Growth and New Audiences Through Collaborative Content Industry\u201d on osana Music x Collaboration keskiviikkoa 2.10. Lue <\/span><a href=\"https:\/\/musicmedia.fi\/en\/program\/assembly-growth-and-new-audiences-through-collaborative-content-industry-2\/\"><span style=\"font-weight: 400;\">lis\u00e4\u00e4<\/span><\/a><span style=\"font-weight: 400;\">.<\/span><\/p>\n<p><span style=\"font-weight: 400;\">Jenni Ahtiaisen puheenvuoro \u201cRevolutionizing Hearing: Bold Vision and Global Impact through DEAFMETAL\u00ae\u201d on mukana Music x Business torstaita 3.10. Lue lis\u00e4\u00e4 aiheesta <\/span><a href=\"https:\/\/musicmedia.fi\/en\/program\/revolutionizing-hearing-bold-vision-and-global-impact-through-deafmetal-in-cooperation-with-creative-business-days\/\"><span style=\"font-weight: 400;\">here<\/span><\/a><span style=\"font-weight: 400;\">.<\/span><\/p>\n<p><span style=\"font-weight: 400;\">Humakin tutkija Marcin Poprwaskin puheenvuoro \u201c<\/span><b>Music Festivals and Sustainability Values\u201d<\/b><span style=\"font-weight: 400;\"> on osana Music x Future perjantaita 4.10. Lue lis\u00e4\u00e4 aiheesta <\/span><a href=\"https:\/\/musicmedia.fi\/en\/program\/music-festivals-and-sustainability-values\/\"><span style=\"font-weight: 400;\">here<\/span><\/a><span style=\"font-weight: 400;\">.<\/span><\/p>\n<p>&nbsp;<\/p>","protected":false},"excerpt":{"rendered":"<p>Humakin luovien alojen yrityspalvelu Creve tuo t\u00e4n\u00e4 syksyn\u00e4 Creative Business Daysin osaksi Music x Mediaa. Yhteisty\u00f6 tuo uudella tavalla alan verkostoja yhteen sek\u00e4 inspiroivia ohjelmasis\u00e4lt\u00f6j\u00e4 osaksi tapahtumaa. Creative Business Days pystytt\u00e4\u00e4 Music x Mediaan 2.-4.10. kokeilualueen uusien innovaatioiden, osaamisen ja yhteisty\u00f6n rakentamiselle. Creven tapahtumakonsepti tuo keynote-puheenvuorojen lis\u00e4ksi yleis\u00f6n testattavaksi uusia ratkaisuja, luovia menetelmi\u00e4 sek\u00e4 uusia [&hellip;]<\/p>","protected":false},"author":11,"featured_media":9524,"comment_status":"closed","ping_status":"open","sticky":false,"template":"","format":"standard","meta":{"_acf_changed":false,"inline_featured_image":false,"footnotes":""},"categories":[756],"tags":[],"class_list":["post-9523","post","type-post","status-publish","format-standard","has-post-thumbnail","hentry","category-vain-suomeksi"],"acf":[],"yoast_head":"<!-- This site is optimized with the Yoast SEO plugin v25.7 - https:\/\/yoast.com\/wordpress\/plugins\/seo\/ -->\n<title>Creative Business Days innostaa uusiin kokeiluihin Music x Mediassa - Music x Media<\/title>\n<meta name=\"robots\" content=\"index, follow, max-snippet:-1, max-image-preview:large, max-video-preview:-1\" \/>\n<link rel=\"canonical\" href=\"https:\/\/musicmedia.fi\/en\/creative-business-days-innostaa-uusiin-kokeiluihin-music-x-mediassa\/\" \/>\n<meta property=\"og:locale\" content=\"en_GB\" \/>\n<meta property=\"og:type\" content=\"article\" \/>\n<meta property=\"og:title\" content=\"Creative Business Days innostaa uusiin kokeiluihin Music x Mediassa - Music x Media\" \/>\n<meta property=\"og:description\" content=\"Humakin luovien alojen yrityspalvelu Creve tuo t\u00e4n\u00e4 syksyn\u00e4 Creative Business Daysin osaksi Music x Mediaa. Yhteisty\u00f6 tuo uudella tavalla alan verkostoja yhteen sek\u00e4 inspiroivia ohjelmasis\u00e4lt\u00f6j\u00e4 osaksi tapahtumaa. Creative Business Days pystytt\u00e4\u00e4 Music x Mediaan 2.-4.10. kokeilualueen uusien innovaatioiden, osaamisen ja yhteisty\u00f6n rakentamiselle. Creven tapahtumakonsepti tuo keynote-puheenvuorojen lis\u00e4ksi yleis\u00f6n testattavaksi uusia ratkaisuja, luovia menetelmi\u00e4 sek\u00e4 uusia [&hellip;]\" \/>\n<meta property=\"og:url\" content=\"https:\/\/musicmedia.fi\/en\/creative-business-days-innostaa-uusiin-kokeiluihin-music-x-mediassa\/\" \/>\n<meta property=\"og:site_name\" content=\"Music x Media\" \/>\n<meta property=\"article:published_time\" content=\"2024-09-18T06:58:56+00:00\" \/>\n<meta property=\"article:modified_time\" content=\"2024-11-04T08:36:56+00:00\" \/>\n<meta property=\"og:image\" content=\"https:\/\/musicmedia.fi\/wp-content\/uploads\/2024\/09\/uutiskirje-5.jpg\" \/>\n\t<meta property=\"og:image:width\" content=\"1920\" \/>\n\t<meta property=\"og:image:height\" content=\"1005\" \/>\n\t<meta property=\"og:image:type\" content=\"image\/jpeg\" \/>\n<meta name=\"author\" content=\"info@musicmedia.fi\" \/>\n<meta name=\"twitter:card\" content=\"summary_large_image\" \/>\n<meta name=\"twitter:label1\" content=\"Written by\" \/>\n\t<meta name=\"twitter:data1\" content=\"info@musicmedia.fi\" \/>\n\t<meta name=\"twitter:label2\" content=\"Estimated reading time\" \/>\n\t<meta name=\"twitter:data2\" content=\"2 minutes\" \/>\n<script type=\"application\/ld+json\" class=\"yoast-schema-graph\">{\"@context\":\"https:\/\/schema.org\",\"@graph\":[{\"@type\":\"Article\",\"@id\":\"https:\/\/musicmedia.fi\/creative-business-days-innostaa-uusiin-kokeiluihin-music-x-mediassa\/#article\",\"isPartOf\":{\"@id\":\"https:\/\/musicmedia.fi\/creative-business-days-innostaa-uusiin-kokeiluihin-music-x-mediassa\/\"},\"author\":{\"name\":\"info@musicmedia.fi\",\"@id\":\"https:\/\/musicmedia.fi\/#\/schema\/person\/4d79763c56ccb5c8c01ae47497da967d\"},\"headline\":\"Creative Business Days innostaa uusiin kokeiluihin Music x Mediassa\",\"datePublished\":\"2024-09-18T06:58:56+00:00\",\"dateModified\":\"2024-11-04T08:36:56+00:00\",\"mainEntityOfPage\":{\"@id\":\"https:\/\/musicmedia.fi\/creative-business-days-innostaa-uusiin-kokeiluihin-music-x-mediassa\/\"},\"wordCount\":466,\"publisher\":{\"@id\":\"https:\/\/musicmedia.fi\/#organization\"},\"image\":{\"@id\":\"https:\/\/musicmedia.fi\/creative-business-days-innostaa-uusiin-kokeiluihin-music-x-mediassa\/#primaryimage\"},\"thumbnailUrl\":\"https:\/\/musicmedia.fi\/wp-content\/uploads\/2024\/09\/uutiskirje-5.jpg\",\"articleSection\":[\"Vain suomeksi\"],\"inLanguage\":\"en-GB\"},{\"@type\":\"WebPage\",\"@id\":\"https:\/\/musicmedia.fi\/creative-business-days-innostaa-uusiin-kokeiluihin-music-x-mediassa\/\",\"url\":\"https:\/\/musicmedia.fi\/creative-business-days-innostaa-uusiin-kokeiluihin-music-x-mediassa\/\",\"name\":\"Creative Business Days innostaa uusiin kokeiluihin Music x Mediassa - Music x Media\",\"isPartOf\":{\"@id\":\"https:\/\/musicmedia.fi\/#website\"},\"primaryImageOfPage\":{\"@id\":\"https:\/\/musicmedia.fi\/creative-business-days-innostaa-uusiin-kokeiluihin-music-x-mediassa\/#primaryimage\"},\"image\":{\"@id\":\"https:\/\/musicmedia.fi\/creative-business-days-innostaa-uusiin-kokeiluihin-music-x-mediassa\/#primaryimage\"},\"thumbnailUrl\":\"https:\/\/musicmedia.fi\/wp-content\/uploads\/2024\/09\/uutiskirje-5.jpg\",\"datePublished\":\"2024-09-18T06:58:56+00:00\",\"dateModified\":\"2024-11-04T08:36:56+00:00\",\"breadcrumb\":{\"@id\":\"https:\/\/musicmedia.fi\/creative-business-days-innostaa-uusiin-kokeiluihin-music-x-mediassa\/#breadcrumb\"},\"inLanguage\":\"en-GB\",\"potentialAction\":[{\"@type\":\"ReadAction\",\"target\":[\"https:\/\/musicmedia.fi\/creative-business-days-innostaa-uusiin-kokeiluihin-music-x-mediassa\/\"]}]},{\"@type\":\"ImageObject\",\"inLanguage\":\"en-GB\",\"@id\":\"https:\/\/musicmedia.fi\/creative-business-days-innostaa-uusiin-kokeiluihin-music-x-mediassa\/#primaryimage\",\"url\":\"https:\/\/musicmedia.fi\/wp-content\/uploads\/2024\/09\/uutiskirje-5.jpg\",\"contentUrl\":\"https:\/\/musicmedia.fi\/wp-content\/uploads\/2024\/09\/uutiskirje-5.jpg\",\"width\":1920,\"height\":1005},{\"@type\":\"BreadcrumbList\",\"@id\":\"https:\/\/musicmedia.fi\/creative-business-days-innostaa-uusiin-kokeiluihin-music-x-mediassa\/#breadcrumb\",\"itemListElement\":[{\"@type\":\"ListItem\",\"position\":1,\"name\":\"Home\",\"item\":\"https:\/\/musicmedia.fi\/\"},{\"@type\":\"ListItem\",\"position\":2,\"name\":\"Creative Business Days innostaa uusiin kokeiluihin Music x Mediassa\"}]},{\"@type\":\"WebSite\",\"@id\":\"https:\/\/musicmedia.fi\/#website\",\"url\":\"https:\/\/musicmedia.fi\/\",\"name\":\"Music x Media\",\"description\":\"Musiikki-, viihde- ja tapahtuma-alojen kohtaamispaikka\",\"publisher\":{\"@id\":\"https:\/\/musicmedia.fi\/#organization\"},\"potentialAction\":[{\"@type\":\"SearchAction\",\"target\":{\"@type\":\"EntryPoint\",\"urlTemplate\":\"https:\/\/musicmedia.fi\/?s={search_term_string}\"},\"query-input\":{\"@type\":\"PropertyValueSpecification\",\"valueRequired\":true,\"valueName\":\"search_term_string\"}}],\"inLanguage\":\"en-GB\"},{\"@type\":\"Organization\",\"@id\":\"https:\/\/musicmedia.fi\/#organization\",\"name\":\"Music x Media\",\"url\":\"https:\/\/musicmedia.fi\/\",\"logo\":{\"@type\":\"ImageObject\",\"inLanguage\":\"en-GB\",\"@id\":\"https:\/\/musicmedia.fi\/#\/schema\/logo\/image\/\",\"url\":\"https:\/\/musicmedia.fi\/wp-content\/uploads\/2022\/05\/logo.png\",\"contentUrl\":\"https:\/\/musicmedia.fi\/wp-content\/uploads\/2022\/05\/logo.png\",\"width\":276,\"height\":147,\"caption\":\"Music x Media\"},\"image\":{\"@id\":\"https:\/\/musicmedia.fi\/#\/schema\/logo\/image\/\"}},{\"@type\":\"Person\",\"@id\":\"https:\/\/musicmedia.fi\/#\/schema\/person\/4d79763c56ccb5c8c01ae47497da967d\",\"name\":\"info@musicmedia.fi\",\"url\":\"https:\/\/musicmedia.fi\/en\/author\/infomusicmedia-fi\/\"}]}<\/script>\n<!-- \/ Yoast SEO plugin. -->","yoast_head_json":{"title":"Creative Business Days innostaa uusiin kokeiluihin Music x Mediassa - Music x Media","robots":{"index":"index","follow":"follow","max-snippet":"max-snippet:-1","max-image-preview":"max-image-preview:large","max-video-preview":"max-video-preview:-1"},"canonical":"https:\/\/musicmedia.fi\/en\/creative-business-days-innostaa-uusiin-kokeiluihin-music-x-mediassa\/","og_locale":"en_GB","og_type":"article","og_title":"Creative Business Days innostaa uusiin kokeiluihin Music x Mediassa - Music x Media","og_description":"Humakin luovien alojen yrityspalvelu Creve tuo t\u00e4n\u00e4 syksyn\u00e4 Creative Business Daysin osaksi Music x Mediaa. Yhteisty\u00f6 tuo uudella tavalla alan verkostoja yhteen sek\u00e4 inspiroivia ohjelmasis\u00e4lt\u00f6j\u00e4 osaksi tapahtumaa. Creative Business Days pystytt\u00e4\u00e4 Music x Mediaan 2.-4.10. kokeilualueen uusien innovaatioiden, osaamisen ja yhteisty\u00f6n rakentamiselle. Creven tapahtumakonsepti tuo keynote-puheenvuorojen lis\u00e4ksi yleis\u00f6n testattavaksi uusia ratkaisuja, luovia menetelmi\u00e4 sek\u00e4 uusia [&hellip;]","og_url":"https:\/\/musicmedia.fi\/en\/creative-business-days-innostaa-uusiin-kokeiluihin-music-x-mediassa\/","og_site_name":"Music x Media","article_published_time":"2024-09-18T06:58:56+00:00","article_modified_time":"2024-11-04T08:36:56+00:00","og_image":[{"width":1920,"height":1005,"url":"https:\/\/musicmedia.fi\/wp-content\/uploads\/2024\/09\/uutiskirje-5.jpg","type":"image\/jpeg"}],"author":"info@musicmedia.fi","twitter_card":"summary_large_image","twitter_misc":{"Written by":"info@musicmedia.fi","Estimated reading time":"2 minutes"},"schema":{"@context":"https:\/\/schema.org","@graph":[{"@type":"Article","@id":"https:\/\/musicmedia.fi\/creative-business-days-innostaa-uusiin-kokeiluihin-music-x-mediassa\/#article","isPartOf":{"@id":"https:\/\/musicmedia.fi\/creative-business-days-innostaa-uusiin-kokeiluihin-music-x-mediassa\/"},"author":{"name":"info@musicmedia.fi","@id":"https:\/\/musicmedia.fi\/#\/schema\/person\/4d79763c56ccb5c8c01ae47497da967d"},"headline":"Creative Business Days innostaa uusiin kokeiluihin Music x Mediassa","datePublished":"2024-09-18T06:58:56+00:00","dateModified":"2024-11-04T08:36:56+00:00","mainEntityOfPage":{"@id":"https:\/\/musicmedia.fi\/creative-business-days-innostaa-uusiin-kokeiluihin-music-x-mediassa\/"},"wordCount":466,"publisher":{"@id":"https:\/\/musicmedia.fi\/#organization"},"image":{"@id":"https:\/\/musicmedia.fi\/creative-business-days-innostaa-uusiin-kokeiluihin-music-x-mediassa\/#primaryimage"},"thumbnailUrl":"https:\/\/musicmedia.fi\/wp-content\/uploads\/2024\/09\/uutiskirje-5.jpg","articleSection":["Vain suomeksi"],"inLanguage":"en-GB"},{"@type":"WebPage","@id":"https:\/\/musicmedia.fi\/creative-business-days-innostaa-uusiin-kokeiluihin-music-x-mediassa\/","url":"https:\/\/musicmedia.fi\/creative-business-days-innostaa-uusiin-kokeiluihin-music-x-mediassa\/","name":"Creative Business Days innostaa uusiin kokeiluihin Music x Mediassa - Music x Media","isPartOf":{"@id":"https:\/\/musicmedia.fi\/#website"},"primaryImageOfPage":{"@id":"https:\/\/musicmedia.fi\/creative-business-days-innostaa-uusiin-kokeiluihin-music-x-mediassa\/#primaryimage"},"image":{"@id":"https:\/\/musicmedia.fi\/creative-business-days-innostaa-uusiin-kokeiluihin-music-x-mediassa\/#primaryimage"},"thumbnailUrl":"https:\/\/musicmedia.fi\/wp-content\/uploads\/2024\/09\/uutiskirje-5.jpg","datePublished":"2024-09-18T06:58:56+00:00","dateModified":"2024-11-04T08:36:56+00:00","breadcrumb":{"@id":"https:\/\/musicmedia.fi\/creative-business-days-innostaa-uusiin-kokeiluihin-music-x-mediassa\/#breadcrumb"},"inLanguage":"en-GB","potentialAction":[{"@type":"ReadAction","target":["https:\/\/musicmedia.fi\/creative-business-days-innostaa-uusiin-kokeiluihin-music-x-mediassa\/"]}]},{"@type":"ImageObject","inLanguage":"en-GB","@id":"https:\/\/musicmedia.fi\/creative-business-days-innostaa-uusiin-kokeiluihin-music-x-mediassa\/#primaryimage","url":"https:\/\/musicmedia.fi\/wp-content\/uploads\/2024\/09\/uutiskirje-5.jpg","contentUrl":"https:\/\/musicmedia.fi\/wp-content\/uploads\/2024\/09\/uutiskirje-5.jpg","width":1920,"height":1005},{"@type":"BreadcrumbList","@id":"https:\/\/musicmedia.fi\/creative-business-days-innostaa-uusiin-kokeiluihin-music-x-mediassa\/#breadcrumb","itemListElement":[{"@type":"ListItem","position":1,"name":"Home","item":"https:\/\/musicmedia.fi\/"},{"@type":"ListItem","position":2,"name":"Creative Business Days innostaa uusiin kokeiluihin Music x Mediassa"}]},{"@type":"WebSite","@id":"https:\/\/musicmedia.fi\/#website","url":"https:\/\/musicmedia.fi\/","name":"Music x Media","description":"Bridging the worlds of Music, Entertainment, and Event Industries","publisher":{"@id":"https:\/\/musicmedia.fi\/#organization"},"potentialAction":[{"@type":"SearchAction","target":{"@type":"EntryPoint","urlTemplate":"https:\/\/musicmedia.fi\/?s={search_term_string}"},"query-input":{"@type":"PropertyValueSpecification","valueRequired":true,"valueName":"search_term_string"}}],"inLanguage":"en-GB"},{"@type":"Organization","@id":"https:\/\/musicmedia.fi\/#organization","name":"Music x Media","url":"https:\/\/musicmedia.fi\/","logo":{"@type":"ImageObject","inLanguage":"en-GB","@id":"https:\/\/musicmedia.fi\/#\/schema\/logo\/image\/","url":"https:\/\/musicmedia.fi\/wp-content\/uploads\/2022\/05\/logo.png","contentUrl":"https:\/\/musicmedia.fi\/wp-content\/uploads\/2022\/05\/logo.png","width":276,"height":147,"caption":"Music x Media"},"image":{"@id":"https:\/\/musicmedia.fi\/#\/schema\/logo\/image\/"}},{"@type":"Person","@id":"https:\/\/musicmedia.fi\/#\/schema\/person\/4d79763c56ccb5c8c01ae47497da967d","name":"info@musicmedia.fi","url":"https:\/\/musicmedia.fi\/en\/author\/infomusicmedia-fi\/"}]}},"_links":{"self":[{"href":"https:\/\/musicmedia.fi\/en\/wp-json\/wp\/v2\/posts\/9523","targetHints":{"allow":["GET"]}}],"collection":[{"href":"https:\/\/musicmedia.fi\/en\/wp-json\/wp\/v2\/posts"}],"about":[{"href":"https:\/\/musicmedia.fi\/en\/wp-json\/wp\/v2\/types\/post"}],"author":[{"embeddable":true,"href":"https:\/\/musicmedia.fi\/en\/wp-json\/wp\/v2\/users\/11"}],"replies":[{"embeddable":true,"href":"https:\/\/musicmedia.fi\/en\/wp-json\/wp\/v2\/comments?post=9523"}],"version-history":[{"count":0,"href":"https:\/\/musicmedia.fi\/en\/wp-json\/wp\/v2\/posts\/9523\/revisions"}],"wp:featuredmedia":[{"embeddable":true,"href":"https:\/\/musicmedia.fi\/en\/wp-json\/wp\/v2\/media\/9524"}],"wp:attachment":[{"href":"https:\/\/musicmedia.fi\/en\/wp-json\/wp\/v2\/media?parent=9523"}],"wp:term":[{"taxonomy":"category","embeddable":true,"href":"https:\/\/musicmedia.fi\/en\/wp-json\/wp\/v2\/categories?post=9523"},{"taxonomy":"post_tag","embeddable":true,"href":"https:\/\/musicmedia.fi\/en\/wp-json\/wp\/v2\/tags?post=9523"}],"curies":[{"name":"wp","href":"https:\/\/api.w.org\/{rel}","templated":true}]}}