{"id":6557,"date":"2023-10-30T16:13:11","date_gmt":"2023-10-30T14:13:11","guid":{"rendered":"https:\/\/musicmedia.fi\/?p=6557"},"modified":"2024-11-04T10:58:55","modified_gmt":"2024-11-04T08:58:55","slug":"music-x-media-2-4-lokakuuta-2024-tampereella","status":"publish","type":"post","link":"https:\/\/musicmedia.fi\/en\/music-x-media-2-4-lokakuuta-2024-tampereella\/","title":{"rendered":"Music x Media\u00a02.\u20134. lokakuuta 2024 Tampereella!"},"content":{"rendered":"<div>\n<div>\n<p class=\"x_size-16\" lang=\"x-size-16\"><span class=\"x_font-arial\">Nyt se on julkista: vuoden 2024 Music x Media -tapahtuma j\u00e4rjestet\u00e4\u00e4n keskiviikosta perjantaihin\u00a0<strong>2.\u20134.10.2024 Tampere-talossa<\/strong>.<\/span><\/p>\n<p class=\"x_size-16\" lang=\"x-size-16\"><span class=\"x_font-arial\">&#8221;Ensi vuotta kohti on hyv\u00e4 l\u00e4hte\u00e4 sill\u00e4 tiedolla, ett\u00e4 tapahtuman suunta on saanut paljon hyv\u00e4\u00e4 palautetta ja meill\u00e4 on mahdollisuus toteuttaa entist\u00e4 vahvempi kokonaisuus, jossa inspiraatio, uudet ajatukset ja verkostojen rakentaminen toimivat entist\u00e4 paremmin&#8221;, kommentoi Music x Median toimitusjohtaja\u00a0<strong>Jani Jalonen<\/strong>.<\/span><\/p>\n<p class=\"x_size-16\" lang=\"x-size-16\"><span class=\"x_font-arial\">&#8221;Tulemme selkeytt\u00e4m\u00e4\u00e4n p\u00e4\u00e4linjojen tarjontaa, kehit\u00e4mme musiikin ja visuaalisen alueen yhteisty\u00f6t\u00e4 ja liit\u00e4mme Music x Median ja Lost in Musicin tiiviimm\u00e4ksi kokonaisuudeksi.\u00a0Panostamme edelleen laadukkaisiin sis\u00e4lt\u00f6ihin, kehit\u00e4mme roundtable-keskustelujen kaltaisten uusien formaattien toteutusta ja tuomme my\u00f6s ripauksien lis\u00e4\u00e4 hauskaa tekemist\u00e4. Ja totta kai keskitymme siihen, ett\u00e4 vierailla olisi mahdollisuus kokea paljon hyv\u00e4\u00e4 musiikkia.&#8221;<\/span><\/p>\n<\/div>\n<\/div>\n<div>\n<p class=\"x_size-16\" lang=\"x-size-16\"><span class=\"x_font-arial\">Vuonna 2024 tapahtuman aikaan Tampereella on poikkeuksellisen paljon vierailijoita, joten majoitus kannattaa varata heti \u2013\u00a0<a href=\"https:\/\/musicxmedia.cmail19.com\/t\/d-l-vdddhlk-dlujthuuhy-y\/\" target=\"_blank\" rel=\"noopener noreferrer\" data-auth=\"NotApplicable\" data-linkindex=\"2\">tutustu delegaattihintaisiin majoitusvaihtoehtoihin<\/a>\u00a0ja joustaviin varausehtoihin!<\/span><\/p>\n<p class=\"x_size-16\" lang=\"x-size-16\"><span class=\"x_font-arial\">N\u00e4hd\u00e4\u00e4n ensi vuonna!<\/span><\/p>\n<p>***<\/p>\n<\/div>\n<div>\n<div class=\"x_btn x_btn--flat x_fullwidth x_btn--large\"><a href=\"https:\/\/musicxmedia.cmail19.com\/t\/d-l-vdddhlk-dlujthuuhy-j\/\" target=\"_blank\" rel=\"noopener noreferrer\" data-auth=\"NotApplicable\" data-linkindex=\"3\">Tutustu Music x Media -vieraiden majoitustarjouksiin<\/a><\/div>\n<\/div>\n<div>\n<div>\n<p class=\"x_size-16\" lang=\"x-size-16\"><span class=\"x_font-arial\"><em>Vuoden 2023 tunnelmiin p\u00e4\u00e4set\u00a0<a href=\"https:\/\/musicxmedia.cmail19.com\/t\/d-l-vdddhlk-dlujthuuhy-i\/\" target=\"_blank\" rel=\"noopener noreferrer\" data-auth=\"NotApplicable\" data-linkindex=\"5\">kuvapankin kautta<\/a>. Uusia kuvia lis\u00e4tty!<\/em><\/span><\/p>\n<p class=\"x_size-16\" lang=\"x-size-16\"><span class=\"x_font-arial\"><em>Jos olet kiinnostunut yhteisty\u00f6st\u00e4, ole yhteydess\u00e4\u00a0<a data-emb-iscopy=\"true\" data-linkindex=\"6\">info@musicmedia.fi<\/a>.<\/em><\/span><\/p>\n<\/div>\n<\/div>","protected":false},"excerpt":{"rendered":"<p>Nyt se on julkista: vuoden 2024 Music x Media -tapahtuma j\u00e4rjestet\u00e4\u00e4n keskiviikosta perjantaihin\u00a02.\u20134.10.2024 Tampere-talossa. &#8221;Ensi vuotta kohti on hyv\u00e4 l\u00e4hte\u00e4 sill\u00e4 tiedolla, ett\u00e4 tapahtuman suunta on saanut paljon hyv\u00e4\u00e4 palautetta ja meill\u00e4 on mahdollisuus toteuttaa entist\u00e4 vahvempi kokonaisuus, jossa inspiraatio, uudet ajatukset ja verkostojen rakentaminen toimivat entist\u00e4 paremmin&#8221;, kommentoi Music x Median toimitusjohtaja\u00a0Jani Jalonen. &#8221;Tulemme [&hellip;]<\/p>","protected":false},"author":11,"featured_media":6561,"comment_status":"closed","ping_status":"open","sticky":false,"template":"","format":"standard","meta":{"_acf_changed":false,"inline_featured_image":false,"footnotes":""},"categories":[756],"tags":[],"class_list":["post-6557","post","type-post","status-publish","format-standard","has-post-thumbnail","hentry","category-vain-suomeksi"],"acf":[],"yoast_head":"<!-- This site is optimized with the Yoast SEO plugin v25.7 - https:\/\/yoast.com\/wordpress\/plugins\/seo\/ -->\n<title>Music x Media\u00a02.\u20134. lokakuuta 2024 Tampereella! - Music x Media<\/title>\n<meta name=\"robots\" content=\"index, follow, max-snippet:-1, max-image-preview:large, max-video-preview:-1\" \/>\n<link rel=\"canonical\" href=\"https:\/\/musicmedia.fi\/en\/music-x-media-2-4-lokakuuta-2024-tampereella\/\" \/>\n<meta property=\"og:locale\" content=\"en_GB\" \/>\n<meta property=\"og:type\" content=\"article\" \/>\n<meta property=\"og:title\" content=\"Music x Media\u00a02.\u20134. lokakuuta 2024 Tampereella! - Music x Media\" \/>\n<meta property=\"og:description\" content=\"Nyt se on julkista: vuoden 2024 Music x Media -tapahtuma j\u00e4rjestet\u00e4\u00e4n keskiviikosta perjantaihin\u00a02.\u20134.10.2024 Tampere-talossa. &#8221;Ensi vuotta kohti on hyv\u00e4 l\u00e4hte\u00e4 sill\u00e4 tiedolla, ett\u00e4 tapahtuman suunta on saanut paljon hyv\u00e4\u00e4 palautetta ja meill\u00e4 on mahdollisuus toteuttaa entist\u00e4 vahvempi kokonaisuus, jossa inspiraatio, uudet ajatukset ja verkostojen rakentaminen toimivat entist\u00e4 paremmin&#8221;, kommentoi Music x Median toimitusjohtaja\u00a0Jani Jalonen. &#8221;Tulemme [&hellip;]\" \/>\n<meta property=\"og:url\" content=\"https:\/\/musicmedia.fi\/en\/music-x-media-2-4-lokakuuta-2024-tampereella\/\" \/>\n<meta property=\"og:site_name\" content=\"Music x Media\" \/>\n<meta property=\"article:published_time\" content=\"2023-10-30T14:13:11+00:00\" \/>\n<meta property=\"article:modified_time\" content=\"2024-11-04T08:58:55+00:00\" \/>\n<meta property=\"og:image\" content=\"https:\/\/musicmedia.fi\/wp-content\/uploads\/2023\/10\/MxM_0410_MiikkaVarila_aula-11-scaled.jpg\" \/>\n\t<meta property=\"og:image:width\" content=\"2560\" \/>\n\t<meta property=\"og:image:height\" content=\"1707\" \/>\n\t<meta property=\"og:image:type\" content=\"image\/jpeg\" \/>\n<meta name=\"author\" content=\"info@musicmedia.fi\" \/>\n<meta name=\"twitter:card\" content=\"summary_large_image\" \/>\n<meta name=\"twitter:label1\" content=\"Written by\" \/>\n\t<meta name=\"twitter:data1\" content=\"info@musicmedia.fi\" \/>\n\t<meta name=\"twitter:label2\" content=\"Estimated reading time\" \/>\n\t<meta name=\"twitter:data2\" content=\"1 minute\" \/>\n<script type=\"application\/ld+json\" class=\"yoast-schema-graph\">{\"@context\":\"https:\/\/schema.org\",\"@graph\":[{\"@type\":\"Article\",\"@id\":\"https:\/\/musicmedia.fi\/music-x-media-2-4-lokakuuta-2024-tampereella\/#article\",\"isPartOf\":{\"@id\":\"https:\/\/musicmedia.fi\/music-x-media-2-4-lokakuuta-2024-tampereella\/\"},\"author\":{\"name\":\"info@musicmedia.fi\",\"@id\":\"https:\/\/musicmedia.fi\/#\/schema\/person\/4d79763c56ccb5c8c01ae47497da967d\"},\"headline\":\"Music x Media\u00a02.\u20134. lokakuuta 2024 Tampereella!\",\"datePublished\":\"2023-10-30T14:13:11+00:00\",\"dateModified\":\"2024-11-04T08:58:55+00:00\",\"mainEntityOfPage\":{\"@id\":\"https:\/\/musicmedia.fi\/music-x-media-2-4-lokakuuta-2024-tampereella\/\"},\"wordCount\":174,\"publisher\":{\"@id\":\"https:\/\/musicmedia.fi\/#organization\"},\"image\":{\"@id\":\"https:\/\/musicmedia.fi\/music-x-media-2-4-lokakuuta-2024-tampereella\/#primaryimage\"},\"thumbnailUrl\":\"https:\/\/musicmedia.fi\/wp-content\/uploads\/2023\/10\/MxM_0410_MiikkaVarila_aula-11-scaled.jpg\",\"articleSection\":[\"Vain suomeksi\"],\"inLanguage\":\"en-GB\"},{\"@type\":\"WebPage\",\"@id\":\"https:\/\/musicmedia.fi\/music-x-media-2-4-lokakuuta-2024-tampereella\/\",\"url\":\"https:\/\/musicmedia.fi\/music-x-media-2-4-lokakuuta-2024-tampereella\/\",\"name\":\"Music x Media\u00a02.\u20134. lokakuuta 2024 Tampereella! - Music x Media\",\"isPartOf\":{\"@id\":\"https:\/\/musicmedia.fi\/#website\"},\"primaryImageOfPage\":{\"@id\":\"https:\/\/musicmedia.fi\/music-x-media-2-4-lokakuuta-2024-tampereella\/#primaryimage\"},\"image\":{\"@id\":\"https:\/\/musicmedia.fi\/music-x-media-2-4-lokakuuta-2024-tampereella\/#primaryimage\"},\"thumbnailUrl\":\"https:\/\/musicmedia.fi\/wp-content\/uploads\/2023\/10\/MxM_0410_MiikkaVarila_aula-11-scaled.jpg\",\"datePublished\":\"2023-10-30T14:13:11+00:00\",\"dateModified\":\"2024-11-04T08:58:55+00:00\",\"breadcrumb\":{\"@id\":\"https:\/\/musicmedia.fi\/music-x-media-2-4-lokakuuta-2024-tampereella\/#breadcrumb\"},\"inLanguage\":\"en-GB\",\"potentialAction\":[{\"@type\":\"ReadAction\",\"target\":[\"https:\/\/musicmedia.fi\/music-x-media-2-4-lokakuuta-2024-tampereella\/\"]}]},{\"@type\":\"ImageObject\",\"inLanguage\":\"en-GB\",\"@id\":\"https:\/\/musicmedia.fi\/music-x-media-2-4-lokakuuta-2024-tampereella\/#primaryimage\",\"url\":\"https:\/\/musicmedia.fi\/wp-content\/uploads\/2023\/10\/MxM_0410_MiikkaVarila_aula-11-scaled.jpg\",\"contentUrl\":\"https:\/\/musicmedia.fi\/wp-content\/uploads\/2023\/10\/MxM_0410_MiikkaVarila_aula-11-scaled.jpg\",\"width\":2560,\"height\":1707},{\"@type\":\"BreadcrumbList\",\"@id\":\"https:\/\/musicmedia.fi\/music-x-media-2-4-lokakuuta-2024-tampereella\/#breadcrumb\",\"itemListElement\":[{\"@type\":\"ListItem\",\"position\":1,\"name\":\"Home\",\"item\":\"https:\/\/musicmedia.fi\/\"},{\"@type\":\"ListItem\",\"position\":2,\"name\":\"Music x Media\u00a02.\u20134. lokakuuta 2024 Tampereella!\"}]},{\"@type\":\"WebSite\",\"@id\":\"https:\/\/musicmedia.fi\/#website\",\"url\":\"https:\/\/musicmedia.fi\/\",\"name\":\"Music x Media\",\"description\":\"Musiikki-, viihde- ja tapahtuma-alojen kohtaamispaikka\",\"publisher\":{\"@id\":\"https:\/\/musicmedia.fi\/#organization\"},\"potentialAction\":[{\"@type\":\"SearchAction\",\"target\":{\"@type\":\"EntryPoint\",\"urlTemplate\":\"https:\/\/musicmedia.fi\/?s={search_term_string}\"},\"query-input\":{\"@type\":\"PropertyValueSpecification\",\"valueRequired\":true,\"valueName\":\"search_term_string\"}}],\"inLanguage\":\"en-GB\"},{\"@type\":\"Organization\",\"@id\":\"https:\/\/musicmedia.fi\/#organization\",\"name\":\"Music x Media\",\"url\":\"https:\/\/musicmedia.fi\/\",\"logo\":{\"@type\":\"ImageObject\",\"inLanguage\":\"en-GB\",\"@id\":\"https:\/\/musicmedia.fi\/#\/schema\/logo\/image\/\",\"url\":\"https:\/\/musicmedia.fi\/wp-content\/uploads\/2022\/05\/logo.png\",\"contentUrl\":\"https:\/\/musicmedia.fi\/wp-content\/uploads\/2022\/05\/logo.png\",\"width\":276,\"height\":147,\"caption\":\"Music x Media\"},\"image\":{\"@id\":\"https:\/\/musicmedia.fi\/#\/schema\/logo\/image\/\"}},{\"@type\":\"Person\",\"@id\":\"https:\/\/musicmedia.fi\/#\/schema\/person\/4d79763c56ccb5c8c01ae47497da967d\",\"name\":\"info@musicmedia.fi\",\"url\":\"https:\/\/musicmedia.fi\/en\/author\/infomusicmedia-fi\/\"}]}<\/script>\n<!-- \/ Yoast SEO plugin. -->","yoast_head_json":{"title":"Music x Media\u00a02.\u20134. lokakuuta 2024 Tampereella! - Music x Media","robots":{"index":"index","follow":"follow","max-snippet":"max-snippet:-1","max-image-preview":"max-image-preview:large","max-video-preview":"max-video-preview:-1"},"canonical":"https:\/\/musicmedia.fi\/en\/music-x-media-2-4-lokakuuta-2024-tampereella\/","og_locale":"en_GB","og_type":"article","og_title":"Music x Media\u00a02.\u20134. lokakuuta 2024 Tampereella! - Music x Media","og_description":"Nyt se on julkista: vuoden 2024 Music x Media -tapahtuma j\u00e4rjestet\u00e4\u00e4n keskiviikosta perjantaihin\u00a02.\u20134.10.2024 Tampere-talossa. &#8221;Ensi vuotta kohti on hyv\u00e4 l\u00e4hte\u00e4 sill\u00e4 tiedolla, ett\u00e4 tapahtuman suunta on saanut paljon hyv\u00e4\u00e4 palautetta ja meill\u00e4 on mahdollisuus toteuttaa entist\u00e4 vahvempi kokonaisuus, jossa inspiraatio, uudet ajatukset ja verkostojen rakentaminen toimivat entist\u00e4 paremmin&#8221;, kommentoi Music x Median toimitusjohtaja\u00a0Jani Jalonen. &#8221;Tulemme [&hellip;]","og_url":"https:\/\/musicmedia.fi\/en\/music-x-media-2-4-lokakuuta-2024-tampereella\/","og_site_name":"Music x Media","article_published_time":"2023-10-30T14:13:11+00:00","article_modified_time":"2024-11-04T08:58:55+00:00","og_image":[{"width":2560,"height":1707,"url":"https:\/\/musicmedia.fi\/wp-content\/uploads\/2023\/10\/MxM_0410_MiikkaVarila_aula-11-scaled.jpg","type":"image\/jpeg"}],"author":"info@musicmedia.fi","twitter_card":"summary_large_image","twitter_misc":{"Written by":"info@musicmedia.fi","Estimated reading time":"1 minute"},"schema":{"@context":"https:\/\/schema.org","@graph":[{"@type":"Article","@id":"https:\/\/musicmedia.fi\/music-x-media-2-4-lokakuuta-2024-tampereella\/#article","isPartOf":{"@id":"https:\/\/musicmedia.fi\/music-x-media-2-4-lokakuuta-2024-tampereella\/"},"author":{"name":"info@musicmedia.fi","@id":"https:\/\/musicmedia.fi\/#\/schema\/person\/4d79763c56ccb5c8c01ae47497da967d"},"headline":"Music x Media\u00a02.\u20134. lokakuuta 2024 Tampereella!","datePublished":"2023-10-30T14:13:11+00:00","dateModified":"2024-11-04T08:58:55+00:00","mainEntityOfPage":{"@id":"https:\/\/musicmedia.fi\/music-x-media-2-4-lokakuuta-2024-tampereella\/"},"wordCount":174,"publisher":{"@id":"https:\/\/musicmedia.fi\/#organization"},"image":{"@id":"https:\/\/musicmedia.fi\/music-x-media-2-4-lokakuuta-2024-tampereella\/#primaryimage"},"thumbnailUrl":"https:\/\/musicmedia.fi\/wp-content\/uploads\/2023\/10\/MxM_0410_MiikkaVarila_aula-11-scaled.jpg","articleSection":["Vain suomeksi"],"inLanguage":"en-GB"},{"@type":"WebPage","@id":"https:\/\/musicmedia.fi\/music-x-media-2-4-lokakuuta-2024-tampereella\/","url":"https:\/\/musicmedia.fi\/music-x-media-2-4-lokakuuta-2024-tampereella\/","name":"Music x Media\u00a02.\u20134. lokakuuta 2024 Tampereella! - Music x Media","isPartOf":{"@id":"https:\/\/musicmedia.fi\/#website"},"primaryImageOfPage":{"@id":"https:\/\/musicmedia.fi\/music-x-media-2-4-lokakuuta-2024-tampereella\/#primaryimage"},"image":{"@id":"https:\/\/musicmedia.fi\/music-x-media-2-4-lokakuuta-2024-tampereella\/#primaryimage"},"thumbnailUrl":"https:\/\/musicmedia.fi\/wp-content\/uploads\/2023\/10\/MxM_0410_MiikkaVarila_aula-11-scaled.jpg","datePublished":"2023-10-30T14:13:11+00:00","dateModified":"2024-11-04T08:58:55+00:00","breadcrumb":{"@id":"https:\/\/musicmedia.fi\/music-x-media-2-4-lokakuuta-2024-tampereella\/#breadcrumb"},"inLanguage":"en-GB","potentialAction":[{"@type":"ReadAction","target":["https:\/\/musicmedia.fi\/music-x-media-2-4-lokakuuta-2024-tampereella\/"]}]},{"@type":"ImageObject","inLanguage":"en-GB","@id":"https:\/\/musicmedia.fi\/music-x-media-2-4-lokakuuta-2024-tampereella\/#primaryimage","url":"https:\/\/musicmedia.fi\/wp-content\/uploads\/2023\/10\/MxM_0410_MiikkaVarila_aula-11-scaled.jpg","contentUrl":"https:\/\/musicmedia.fi\/wp-content\/uploads\/2023\/10\/MxM_0410_MiikkaVarila_aula-11-scaled.jpg","width":2560,"height":1707},{"@type":"BreadcrumbList","@id":"https:\/\/musicmedia.fi\/music-x-media-2-4-lokakuuta-2024-tampereella\/#breadcrumb","itemListElement":[{"@type":"ListItem","position":1,"name":"Home","item":"https:\/\/musicmedia.fi\/"},{"@type":"ListItem","position":2,"name":"Music x Media\u00a02.\u20134. lokakuuta 2024 Tampereella!"}]},{"@type":"WebSite","@id":"https:\/\/musicmedia.fi\/#website","url":"https:\/\/musicmedia.fi\/","name":"Music x Media","description":"Bridging the worlds of Music, Entertainment, and Event Industries","publisher":{"@id":"https:\/\/musicmedia.fi\/#organization"},"potentialAction":[{"@type":"SearchAction","target":{"@type":"EntryPoint","urlTemplate":"https:\/\/musicmedia.fi\/?s={search_term_string}"},"query-input":{"@type":"PropertyValueSpecification","valueRequired":true,"valueName":"search_term_string"}}],"inLanguage":"en-GB"},{"@type":"Organization","@id":"https:\/\/musicmedia.fi\/#organization","name":"Music x Media","url":"https:\/\/musicmedia.fi\/","logo":{"@type":"ImageObject","inLanguage":"en-GB","@id":"https:\/\/musicmedia.fi\/#\/schema\/logo\/image\/","url":"https:\/\/musicmedia.fi\/wp-content\/uploads\/2022\/05\/logo.png","contentUrl":"https:\/\/musicmedia.fi\/wp-content\/uploads\/2022\/05\/logo.png","width":276,"height":147,"caption":"Music x Media"},"image":{"@id":"https:\/\/musicmedia.fi\/#\/schema\/logo\/image\/"}},{"@type":"Person","@id":"https:\/\/musicmedia.fi\/#\/schema\/person\/4d79763c56ccb5c8c01ae47497da967d","name":"info@musicmedia.fi","url":"https:\/\/musicmedia.fi\/en\/author\/infomusicmedia-fi\/"}]}},"_links":{"self":[{"href":"https:\/\/musicmedia.fi\/en\/wp-json\/wp\/v2\/posts\/6557","targetHints":{"allow":["GET"]}}],"collection":[{"href":"https:\/\/musicmedia.fi\/en\/wp-json\/wp\/v2\/posts"}],"about":[{"href":"https:\/\/musicmedia.fi\/en\/wp-json\/wp\/v2\/types\/post"}],"author":[{"embeddable":true,"href":"https:\/\/musicmedia.fi\/en\/wp-json\/wp\/v2\/users\/11"}],"replies":[{"embeddable":true,"href":"https:\/\/musicmedia.fi\/en\/wp-json\/wp\/v2\/comments?post=6557"}],"version-history":[{"count":0,"href":"https:\/\/musicmedia.fi\/en\/wp-json\/wp\/v2\/posts\/6557\/revisions"}],"wp:featuredmedia":[{"embeddable":true,"href":"https:\/\/musicmedia.fi\/en\/wp-json\/wp\/v2\/media\/6561"}],"wp:attachment":[{"href":"https:\/\/musicmedia.fi\/en\/wp-json\/wp\/v2\/media?parent=6557"}],"wp:term":[{"taxonomy":"category","embeddable":true,"href":"https:\/\/musicmedia.fi\/en\/wp-json\/wp\/v2\/categories?post=6557"},{"taxonomy":"post_tag","embeddable":true,"href":"https:\/\/musicmedia.fi\/en\/wp-json\/wp\/v2\/tags?post=6557"}],"curies":[{"name":"wp","href":"https:\/\/api.w.org\/{rel}","templated":true}]}}