{"id":6522,"date":"2023-10-11T14:52:44","date_gmt":"2023-10-11T11:52:44","guid":{"rendered":"https:\/\/musicmedia.fi\/?p=6522"},"modified":"2024-11-04T10:59:46","modified_gmt":"2024-11-04T08:59:46","slug":"tapahtuman-palautekysely","status":"publish","type":"post","link":"https:\/\/musicmedia.fi\/en\/tapahtuman-palautekysely\/","title":{"rendered":"Tapahtuman palautekysely"},"content":{"rendered":"<p><strong>Vuoden 2023 tapahtuma on takana \u2013 kuinka onnistuimme sinun mielest\u00e4si? Ent\u00e4 mit\u00e4 toivoisit Music x Medialta jatkossa? Miten voisimme sinun mielest\u00e4si olla parhaalla tavalla mukana alan ymp\u00e4rivuotisessa toiminnassa?<\/strong><\/p>\n<p>Kannustamme kaikkia tapahtumak\u00e4vij\u00f6it\u00e4\u00a0<a id=\"OWA511215d6-6a75-fde8-26d5-ffa00a9218a2\" href=\"https:\/\/musicxmedia.cmail20.com\/t\/d-i-viktiuk-l-j\/\" target=\"_blank\" rel=\"noopener noreferrer\" data-auth=\"NotApplicable\" data-linkindex=\"1\">j\u00e4tt\u00e4m\u00e4\u00e4n palautetta 23.10. menness\u00e4<\/a>\u00a0ja kehitysehdotuksia tapahtuman sis\u00e4ll\u00f6ist\u00e4, toimivuudesta, ilmapiirist\u00e4 ja oheistapahtumista.\u00a0Palautteen avulla pyrimme takaamaan, ett\u00e4 ensi vuoden tapahtuma vastaisi entist\u00e4kin paremmin alan tarpeita. T\u00e4n\u00e4 vuonna tapahtuma toteutettiin toista kertaa nelip\u00e4iv\u00e4isen\u00e4 ja\u00a0se\u00a0jatkoi viimevuotista suuntaa sis\u00e4lt\u00f6jen, tavoitteiden ja kohderyhmien osalta.<\/p>\n<p>Linkki\u00a0<a id=\"OWA7b780ebc-19ec-bf4b-6e89-6e76464b78d6\" href=\"https:\/\/musicxmedia.cmail20.com\/t\/d-i-viktiuk-l-t\/\" target=\"_blank\" rel=\"noopener noreferrer\" data-auth=\"NotApplicable\" data-linkindex=\"2\">palautekyselyyn<\/a>.\u200b Vastaathan 23.10.2023 menness\u00e4.<\/p>","protected":false},"excerpt":{"rendered":"<p>Vuoden 2023 tapahtuma on takana \u2013 kuinka onnistuimme sinun mielest\u00e4si? Ent\u00e4 mit\u00e4 toivoisit Music x Medialta jatkossa? Miten voisimme sinun mielest\u00e4si olla parhaalla tavalla mukana alan ymp\u00e4rivuotisessa toiminnassa? Kannustamme kaikkia tapahtumak\u00e4vij\u00f6it\u00e4\u00a0j\u00e4tt\u00e4m\u00e4\u00e4n palautetta 23.10. menness\u00e4\u00a0ja kehitysehdotuksia tapahtuman sis\u00e4ll\u00f6ist\u00e4, toimivuudesta, ilmapiirist\u00e4 ja oheistapahtumista.\u00a0Palautteen avulla pyrimme takaamaan, ett\u00e4 ensi vuoden tapahtuma vastaisi entist\u00e4kin paremmin alan tarpeita. T\u00e4n\u00e4 vuonna [&hellip;]<\/p>","protected":false},"author":11,"featured_media":6524,"comment_status":"closed","ping_status":"open","sticky":false,"template":"","format":"standard","meta":{"_acf_changed":false,"inline_featured_image":false,"footnotes":""},"categories":[756],"tags":[],"class_list":["post-6522","post","type-post","status-publish","format-standard","has-post-thumbnail","hentry","category-vain-suomeksi"],"acf":[],"yoast_head":"<!-- This site is optimized with the Yoast SEO plugin v25.7 - https:\/\/yoast.com\/wordpress\/plugins\/seo\/ -->\n<title>Tapahtuman palautekysely - Music x Media<\/title>\n<meta name=\"robots\" content=\"index, follow, max-snippet:-1, max-image-preview:large, max-video-preview:-1\" \/>\n<link rel=\"canonical\" href=\"https:\/\/musicmedia.fi\/en\/tapahtuman-palautekysely\/\" \/>\n<meta property=\"og:locale\" content=\"en_GB\" \/>\n<meta property=\"og:type\" content=\"article\" \/>\n<meta property=\"og:title\" content=\"Tapahtuman palautekysely - Music x Media\" \/>\n<meta property=\"og:description\" content=\"Vuoden 2023 tapahtuma on takana \u2013 kuinka onnistuimme sinun mielest\u00e4si? Ent\u00e4 mit\u00e4 toivoisit Music x Medialta jatkossa? Miten voisimme sinun mielest\u00e4si olla parhaalla tavalla mukana alan ymp\u00e4rivuotisessa toiminnassa? Kannustamme kaikkia tapahtumak\u00e4vij\u00f6it\u00e4\u00a0j\u00e4tt\u00e4m\u00e4\u00e4n palautetta 23.10. menness\u00e4\u00a0ja kehitysehdotuksia tapahtuman sis\u00e4ll\u00f6ist\u00e4, toimivuudesta, ilmapiirist\u00e4 ja oheistapahtumista.\u00a0Palautteen avulla pyrimme takaamaan, ett\u00e4 ensi vuoden tapahtuma vastaisi entist\u00e4kin paremmin alan tarpeita. T\u00e4n\u00e4 vuonna [&hellip;]\" \/>\n<meta property=\"og:url\" content=\"https:\/\/musicmedia.fi\/en\/tapahtuman-palautekysely\/\" \/>\n<meta property=\"og:site_name\" content=\"Music x Media\" \/>\n<meta property=\"article:published_time\" content=\"2023-10-11T11:52:44+00:00\" \/>\n<meta property=\"article:modified_time\" content=\"2024-11-04T08:59:46+00:00\" \/>\n<meta property=\"og:image\" content=\"https:\/\/musicmedia.fi\/wp-content\/uploads\/2023\/10\/MxM_0410_MiikkaVarila_aula-8-scaled.jpg\" \/>\n\t<meta property=\"og:image:width\" content=\"2560\" \/>\n\t<meta property=\"og:image:height\" content=\"1707\" \/>\n\t<meta property=\"og:image:type\" content=\"image\/jpeg\" \/>\n<meta name=\"author\" content=\"info@musicmedia.fi\" \/>\n<meta name=\"twitter:card\" content=\"summary_large_image\" \/>\n<meta name=\"twitter:label1\" content=\"Written by\" \/>\n\t<meta name=\"twitter:data1\" content=\"info@musicmedia.fi\" \/>\n\t<meta name=\"twitter:label2\" content=\"Estimated reading time\" \/>\n\t<meta name=\"twitter:data2\" content=\"1 minute\" \/>\n<script type=\"application\/ld+json\" class=\"yoast-schema-graph\">{\"@context\":\"https:\/\/schema.org\",\"@graph\":[{\"@type\":\"Article\",\"@id\":\"https:\/\/musicmedia.fi\/tapahtuman-palautekysely\/#article\",\"isPartOf\":{\"@id\":\"https:\/\/musicmedia.fi\/tapahtuman-palautekysely\/\"},\"author\":{\"name\":\"info@musicmedia.fi\",\"@id\":\"https:\/\/musicmedia.fi\/#\/schema\/person\/4d79763c56ccb5c8c01ae47497da967d\"},\"headline\":\"Tapahtuman palautekysely\",\"datePublished\":\"2023-10-11T11:52:44+00:00\",\"dateModified\":\"2024-11-04T08:59:46+00:00\",\"mainEntityOfPage\":{\"@id\":\"https:\/\/musicmedia.fi\/tapahtuman-palautekysely\/\"},\"wordCount\":92,\"publisher\":{\"@id\":\"https:\/\/musicmedia.fi\/#organization\"},\"image\":{\"@id\":\"https:\/\/musicmedia.fi\/tapahtuman-palautekysely\/#primaryimage\"},\"thumbnailUrl\":\"https:\/\/musicmedia.fi\/wp-content\/uploads\/2023\/10\/MxM_0410_MiikkaVarila_aula-8-scaled.jpg\",\"articleSection\":[\"Vain suomeksi\"],\"inLanguage\":\"en-GB\"},{\"@type\":\"WebPage\",\"@id\":\"https:\/\/musicmedia.fi\/tapahtuman-palautekysely\/\",\"url\":\"https:\/\/musicmedia.fi\/tapahtuman-palautekysely\/\",\"name\":\"Tapahtuman palautekysely - Music x Media\",\"isPartOf\":{\"@id\":\"https:\/\/musicmedia.fi\/#website\"},\"primaryImageOfPage\":{\"@id\":\"https:\/\/musicmedia.fi\/tapahtuman-palautekysely\/#primaryimage\"},\"image\":{\"@id\":\"https:\/\/musicmedia.fi\/tapahtuman-palautekysely\/#primaryimage\"},\"thumbnailUrl\":\"https:\/\/musicmedia.fi\/wp-content\/uploads\/2023\/10\/MxM_0410_MiikkaVarila_aula-8-scaled.jpg\",\"datePublished\":\"2023-10-11T11:52:44+00:00\",\"dateModified\":\"2024-11-04T08:59:46+00:00\",\"breadcrumb\":{\"@id\":\"https:\/\/musicmedia.fi\/tapahtuman-palautekysely\/#breadcrumb\"},\"inLanguage\":\"en-GB\",\"potentialAction\":[{\"@type\":\"ReadAction\",\"target\":[\"https:\/\/musicmedia.fi\/tapahtuman-palautekysely\/\"]}]},{\"@type\":\"ImageObject\",\"inLanguage\":\"en-GB\",\"@id\":\"https:\/\/musicmedia.fi\/tapahtuman-palautekysely\/#primaryimage\",\"url\":\"https:\/\/musicmedia.fi\/wp-content\/uploads\/2023\/10\/MxM_0410_MiikkaVarila_aula-8-scaled.jpg\",\"contentUrl\":\"https:\/\/musicmedia.fi\/wp-content\/uploads\/2023\/10\/MxM_0410_MiikkaVarila_aula-8-scaled.jpg\",\"width\":2560,\"height\":1707},{\"@type\":\"BreadcrumbList\",\"@id\":\"https:\/\/musicmedia.fi\/tapahtuman-palautekysely\/#breadcrumb\",\"itemListElement\":[{\"@type\":\"ListItem\",\"position\":1,\"name\":\"Home\",\"item\":\"https:\/\/musicmedia.fi\/\"},{\"@type\":\"ListItem\",\"position\":2,\"name\":\"Tapahtuman palautekysely\"}]},{\"@type\":\"WebSite\",\"@id\":\"https:\/\/musicmedia.fi\/#website\",\"url\":\"https:\/\/musicmedia.fi\/\",\"name\":\"Music x Media\",\"description\":\"Musiikki-, viihde- ja tapahtuma-alojen kohtaamispaikka\",\"publisher\":{\"@id\":\"https:\/\/musicmedia.fi\/#organization\"},\"potentialAction\":[{\"@type\":\"SearchAction\",\"target\":{\"@type\":\"EntryPoint\",\"urlTemplate\":\"https:\/\/musicmedia.fi\/?s={search_term_string}\"},\"query-input\":{\"@type\":\"PropertyValueSpecification\",\"valueRequired\":true,\"valueName\":\"search_term_string\"}}],\"inLanguage\":\"en-GB\"},{\"@type\":\"Organization\",\"@id\":\"https:\/\/musicmedia.fi\/#organization\",\"name\":\"Music x Media\",\"url\":\"https:\/\/musicmedia.fi\/\",\"logo\":{\"@type\":\"ImageObject\",\"inLanguage\":\"en-GB\",\"@id\":\"https:\/\/musicmedia.fi\/#\/schema\/logo\/image\/\",\"url\":\"https:\/\/musicmedia.fi\/wp-content\/uploads\/2022\/05\/logo.png\",\"contentUrl\":\"https:\/\/musicmedia.fi\/wp-content\/uploads\/2022\/05\/logo.png\",\"width\":276,\"height\":147,\"caption\":\"Music x Media\"},\"image\":{\"@id\":\"https:\/\/musicmedia.fi\/#\/schema\/logo\/image\/\"}},{\"@type\":\"Person\",\"@id\":\"https:\/\/musicmedia.fi\/#\/schema\/person\/4d79763c56ccb5c8c01ae47497da967d\",\"name\":\"info@musicmedia.fi\",\"url\":\"https:\/\/musicmedia.fi\/en\/author\/infomusicmedia-fi\/\"}]}<\/script>\n<!-- \/ Yoast SEO plugin. -->","yoast_head_json":{"title":"Tapahtuman palautekysely - Music x Media","robots":{"index":"index","follow":"follow","max-snippet":"max-snippet:-1","max-image-preview":"max-image-preview:large","max-video-preview":"max-video-preview:-1"},"canonical":"https:\/\/musicmedia.fi\/en\/tapahtuman-palautekysely\/","og_locale":"en_GB","og_type":"article","og_title":"Tapahtuman palautekysely - Music x Media","og_description":"Vuoden 2023 tapahtuma on takana \u2013 kuinka onnistuimme sinun mielest\u00e4si? Ent\u00e4 mit\u00e4 toivoisit Music x Medialta jatkossa? Miten voisimme sinun mielest\u00e4si olla parhaalla tavalla mukana alan ymp\u00e4rivuotisessa toiminnassa? Kannustamme kaikkia tapahtumak\u00e4vij\u00f6it\u00e4\u00a0j\u00e4tt\u00e4m\u00e4\u00e4n palautetta 23.10. menness\u00e4\u00a0ja kehitysehdotuksia tapahtuman sis\u00e4ll\u00f6ist\u00e4, toimivuudesta, ilmapiirist\u00e4 ja oheistapahtumista.\u00a0Palautteen avulla pyrimme takaamaan, ett\u00e4 ensi vuoden tapahtuma vastaisi entist\u00e4kin paremmin alan tarpeita. T\u00e4n\u00e4 vuonna [&hellip;]","og_url":"https:\/\/musicmedia.fi\/en\/tapahtuman-palautekysely\/","og_site_name":"Music x Media","article_published_time":"2023-10-11T11:52:44+00:00","article_modified_time":"2024-11-04T08:59:46+00:00","og_image":[{"width":2560,"height":1707,"url":"https:\/\/musicmedia.fi\/wp-content\/uploads\/2023\/10\/MxM_0410_MiikkaVarila_aula-8-scaled.jpg","type":"image\/jpeg"}],"author":"info@musicmedia.fi","twitter_card":"summary_large_image","twitter_misc":{"Written by":"info@musicmedia.fi","Estimated reading time":"1 minute"},"schema":{"@context":"https:\/\/schema.org","@graph":[{"@type":"Article","@id":"https:\/\/musicmedia.fi\/tapahtuman-palautekysely\/#article","isPartOf":{"@id":"https:\/\/musicmedia.fi\/tapahtuman-palautekysely\/"},"author":{"name":"info@musicmedia.fi","@id":"https:\/\/musicmedia.fi\/#\/schema\/person\/4d79763c56ccb5c8c01ae47497da967d"},"headline":"Tapahtuman palautekysely","datePublished":"2023-10-11T11:52:44+00:00","dateModified":"2024-11-04T08:59:46+00:00","mainEntityOfPage":{"@id":"https:\/\/musicmedia.fi\/tapahtuman-palautekysely\/"},"wordCount":92,"publisher":{"@id":"https:\/\/musicmedia.fi\/#organization"},"image":{"@id":"https:\/\/musicmedia.fi\/tapahtuman-palautekysely\/#primaryimage"},"thumbnailUrl":"https:\/\/musicmedia.fi\/wp-content\/uploads\/2023\/10\/MxM_0410_MiikkaVarila_aula-8-scaled.jpg","articleSection":["Vain suomeksi"],"inLanguage":"en-GB"},{"@type":"WebPage","@id":"https:\/\/musicmedia.fi\/tapahtuman-palautekysely\/","url":"https:\/\/musicmedia.fi\/tapahtuman-palautekysely\/","name":"Tapahtuman palautekysely - Music x Media","isPartOf":{"@id":"https:\/\/musicmedia.fi\/#website"},"primaryImageOfPage":{"@id":"https:\/\/musicmedia.fi\/tapahtuman-palautekysely\/#primaryimage"},"image":{"@id":"https:\/\/musicmedia.fi\/tapahtuman-palautekysely\/#primaryimage"},"thumbnailUrl":"https:\/\/musicmedia.fi\/wp-content\/uploads\/2023\/10\/MxM_0410_MiikkaVarila_aula-8-scaled.jpg","datePublished":"2023-10-11T11:52:44+00:00","dateModified":"2024-11-04T08:59:46+00:00","breadcrumb":{"@id":"https:\/\/musicmedia.fi\/tapahtuman-palautekysely\/#breadcrumb"},"inLanguage":"en-GB","potentialAction":[{"@type":"ReadAction","target":["https:\/\/musicmedia.fi\/tapahtuman-palautekysely\/"]}]},{"@type":"ImageObject","inLanguage":"en-GB","@id":"https:\/\/musicmedia.fi\/tapahtuman-palautekysely\/#primaryimage","url":"https:\/\/musicmedia.fi\/wp-content\/uploads\/2023\/10\/MxM_0410_MiikkaVarila_aula-8-scaled.jpg","contentUrl":"https:\/\/musicmedia.fi\/wp-content\/uploads\/2023\/10\/MxM_0410_MiikkaVarila_aula-8-scaled.jpg","width":2560,"height":1707},{"@type":"BreadcrumbList","@id":"https:\/\/musicmedia.fi\/tapahtuman-palautekysely\/#breadcrumb","itemListElement":[{"@type":"ListItem","position":1,"name":"Home","item":"https:\/\/musicmedia.fi\/"},{"@type":"ListItem","position":2,"name":"Tapahtuman palautekysely"}]},{"@type":"WebSite","@id":"https:\/\/musicmedia.fi\/#website","url":"https:\/\/musicmedia.fi\/","name":"Music x Media","description":"Bridging the worlds of Music, Entertainment, and Event Industries","publisher":{"@id":"https:\/\/musicmedia.fi\/#organization"},"potentialAction":[{"@type":"SearchAction","target":{"@type":"EntryPoint","urlTemplate":"https:\/\/musicmedia.fi\/?s={search_term_string}"},"query-input":{"@type":"PropertyValueSpecification","valueRequired":true,"valueName":"search_term_string"}}],"inLanguage":"en-GB"},{"@type":"Organization","@id":"https:\/\/musicmedia.fi\/#organization","name":"Music x Media","url":"https:\/\/musicmedia.fi\/","logo":{"@type":"ImageObject","inLanguage":"en-GB","@id":"https:\/\/musicmedia.fi\/#\/schema\/logo\/image\/","url":"https:\/\/musicmedia.fi\/wp-content\/uploads\/2022\/05\/logo.png","contentUrl":"https:\/\/musicmedia.fi\/wp-content\/uploads\/2022\/05\/logo.png","width":276,"height":147,"caption":"Music x Media"},"image":{"@id":"https:\/\/musicmedia.fi\/#\/schema\/logo\/image\/"}},{"@type":"Person","@id":"https:\/\/musicmedia.fi\/#\/schema\/person\/4d79763c56ccb5c8c01ae47497da967d","name":"info@musicmedia.fi","url":"https:\/\/musicmedia.fi\/en\/author\/infomusicmedia-fi\/"}]}},"_links":{"self":[{"href":"https:\/\/musicmedia.fi\/en\/wp-json\/wp\/v2\/posts\/6522","targetHints":{"allow":["GET"]}}],"collection":[{"href":"https:\/\/musicmedia.fi\/en\/wp-json\/wp\/v2\/posts"}],"about":[{"href":"https:\/\/musicmedia.fi\/en\/wp-json\/wp\/v2\/types\/post"}],"author":[{"embeddable":true,"href":"https:\/\/musicmedia.fi\/en\/wp-json\/wp\/v2\/users\/11"}],"replies":[{"embeddable":true,"href":"https:\/\/musicmedia.fi\/en\/wp-json\/wp\/v2\/comments?post=6522"}],"version-history":[{"count":0,"href":"https:\/\/musicmedia.fi\/en\/wp-json\/wp\/v2\/posts\/6522\/revisions"}],"wp:featuredmedia":[{"embeddable":true,"href":"https:\/\/musicmedia.fi\/en\/wp-json\/wp\/v2\/media\/6524"}],"wp:attachment":[{"href":"https:\/\/musicmedia.fi\/en\/wp-json\/wp\/v2\/media?parent=6522"}],"wp:term":[{"taxonomy":"category","embeddable":true,"href":"https:\/\/musicmedia.fi\/en\/wp-json\/wp\/v2\/categories?post=6522"},{"taxonomy":"post_tag","embeddable":true,"href":"https:\/\/musicmedia.fi\/en\/wp-json\/wp\/v2\/tags?post=6522"}],"curies":[{"name":"wp","href":"https:\/\/api.w.org\/{rel}","templated":true}]}}