{"id":6339,"date":"2023-10-02T09:50:17","date_gmt":"2023-10-02T06:50:17","guid":{"rendered":"https:\/\/musicmedia.fi\/?p=6339"},"modified":"2024-11-04T11:00:43","modified_gmt":"2024-11-04T09:00:43","slug":"viela-ehdit-ilmoittautua-naille-klinikoille","status":"publish","type":"post","link":"https:\/\/musicmedia.fi\/en\/viela-ehdit-ilmoittautua-naille-klinikoille\/","title":{"rendered":"Viel\u00e4 ehdit mukaan n\u00e4ille klinikoille!"},"content":{"rendered":"<div>\n<p class=\"x_size-24\" lang=\"x-size-24\">Muutamissa klinikoissa ja workshopeissa on viel\u00e4 tilaa. Voit ilmoittautua mukaan niin pitk\u00e4\u00e4n, kun tilaa riitt\u00e4\u00e4. Ilmoittautuminen alta.<\/p>\n<p lang=\"x-size-24\">\n<\/div>\n<div>\n<p class=\"x_size-15\" lang=\"x-size-15\"><strong><u>KESKIVIIKKO 4.10.2023<\/u><br aria-hidden=\"true\" \/><br aria-hidden=\"true\" \/><a href=\"https:\/\/musicxmedia.cmail19.com\/t\/d-l-vijjkdy-dlujthuuhy-m\/\" target=\"_blank\" rel=\"noopener noreferrer\" data-auth=\"NotApplicable\" data-emb-iscopy=\"true\" data-linkindex=\"15\">Pitch! workshop<\/a>\u00a0(yhteisty\u00f6ss\u00e4\u00a0<\/strong><strong>TAKU ry) \u2013 ke 4.10. T\u00c4YNN\u00c4<\/strong><\/p>\n<p class=\"x_size-15\" lang=\"x-size-15\"><strong><a href=\"https:\/\/musicxmedia.cmail19.com\/t\/d-l-vijjkdy-dlujthuuhy-c\/\" target=\"_blank\" rel=\"noopener noreferrer\" data-auth=\"NotApplicable\" data-emb-iscopy=\"true\" data-linkindex=\"16\">Ty\u00f6nohjauspoliklinikka<\/a>\u00a0(yhteisty\u00f6ss\u00e4 Patrik Stenstr\u00f6m)\u00a0<\/strong><strong>\u2013 ke 4.10. T\u00c4YNN\u00c4<\/strong><\/p>\n<p class=\"x_size-15\" lang=\"x-size-15\"><strong><a href=\"https:\/\/musicxmedia.cmail19.com\/t\/d-l-vijjkdy-dlujthuuhy-q\/\" target=\"_blank\" rel=\"noopener noreferrer\" data-auth=\"NotApplicable\" data-emb-iscopy=\"true\" data-linkindex=\"17\">Sparrausklinikka: ideasta rahoitettavaksi hankkeeksi\u00a0<\/a>(yhteisty\u00f6ss\u00e4 Taike, Creative Finland ja Business Finland)\u00a0\u2013 ke 4.10. T\u00c4YNN\u00c4<\/strong><\/p>\n<p class=\"x_size-15\" lang=\"x-size-15\"><u><strong>TORSTAI 5.10.2023<\/strong><\/u><\/p>\n<p class=\"x_size-15\" lang=\"x-size-15\"><strong><a href=\"https:\/\/musicxmedia.cmail19.com\/t\/d-l-vijjkdy-dlujthuuhy-f\/\" target=\"_blank\" rel=\"noopener noreferrer\" data-auth=\"NotApplicable\" data-emb-iscopy=\"true\" data-linkindex=\"19\">Ty\u00f6el\u00e4m\u00e4klinikka<\/a>\u00a0(<\/strong><strong>yhteisty\u00f6ss\u00e4 TAKU ry) \u2013 to 5.10. T\u00c4YNN\u00c4<\/strong><\/p>\n<p class=\"x_size-15\" lang=\"x-size-15\"><strong><a href=\"https:\/\/musicxmedia.cmail19.com\/t\/d-l-vijjkdy-dlujthuuhy-z\/\" target=\"_blank\" rel=\"noopener noreferrer\" data-auth=\"NotApplicable\" data-emb-iscopy=\"true\" data-linkindex=\"20\">Ty\u00f6nohjauspoliklinikka<\/a>\u00a0(yhteisty\u00f6ss\u00e4 Patrik Stenstr\u00f6m)\u00a0\u2013 to 5.10. T\u00c4YNN\u00c4<\/strong><\/p>\n<p class=\"x_size-15\" lang=\"x-size-15\"><strong><a href=\"https:\/\/musicxmedia.cmail19.com\/t\/d-l-vijjkdy-dlujthuuhy-v\/\" target=\"_blank\" rel=\"noopener noreferrer\" data-auth=\"NotApplicable\" data-emb-iscopy=\"true\" data-linkindex=\"21\">Tule ja paina IDEANAPPIA! Luovien alojen neuvontaklinikka<\/a>\u00a0(yhteisty\u00f6ss\u00e4\u00a0Creative Finland ja Business Finland) \u2013 to 5.<\/strong><strong>10. T\u00c4YNN\u00c4<\/strong><\/p>\n<p class=\"x_size-15\" lang=\"x-size-15\"><u><strong>PERJANTAI 6.10.2023<\/strong><\/u><\/p>\n<p class=\"x_size-15\" lang=\"x-size-15\"><strong><a href=\"https:\/\/musicxmedia.cmail19.com\/t\/d-l-vijjkdy-dlujthuuhy-w\/\" target=\"_blank\" rel=\"noopener noreferrer\" data-auth=\"NotApplicable\" data-emb-iscopy=\"true\" data-linkindex=\"25\">International Label Workshop<\/a>\u00a0(y<\/strong><strong>hteisty\u00f6ss\u00e4 Music Finland) \u2013 pe 6.10.<\/strong><\/p>\n<p class=\"x_size-15\" lang=\"x-size-15\"><strong><a href=\"https:\/\/musicxmedia.cmail19.com\/t\/d-l-vijjkdy-dlujthuuhy-yd\/\" target=\"_blank\" rel=\"noopener noreferrer\" data-auth=\"NotApplicable\" data-emb-iscopy=\"true\" data-linkindex=\"26\">Johda alaa kohti arvostavaa toimintakulttuuria<\/a>\u00a0(<\/strong><strong>yhteisty\u00f6ss\u00e4 Open Dialogue) \u2013 pe 6.10.<\/strong><\/p>\n<p class=\"x_size-15\" lang=\"x-size-15\"><strong><a href=\"https:\/\/musicxmedia.cmail19.com\/t\/d-l-vijjkdy-dlujthuuhy-yh\/\" target=\"_blank\" rel=\"noopener noreferrer\" data-auth=\"NotApplicable\" data-emb-iscopy=\"true\" data-linkindex=\"27\">Ty\u00f6el\u00e4m\u00e4klinikka<\/a>\u00a0(<\/strong><strong>yhteisty\u00f6ss\u00e4 TAKU ry) \u2013 pe 6.10.<\/strong><\/p>\n<p class=\"x_size-15\" lang=\"x-size-15\"><strong><a href=\"https:\/\/musicxmedia.cmail19.com\/t\/d-l-vijjkdy-dlujthuuhy-yk\/\" target=\"_blank\" rel=\"noopener noreferrer\" data-auth=\"NotApplicable\" data-emb-iscopy=\"true\" data-linkindex=\"28\">Pikaneuvontaa lisensointikysymyksiin\u00a0<\/a>(yhteisty\u00f6ss\u00e4 Creative Finland ja Business Finland) \u2013 pe 6.10.<br aria-hidden=\"true\" \/><br aria-hidden=\"true\" \/><a href=\"https:\/\/musicxmedia.cmail19.com\/t\/d-l-vijjkdy-dlujthuuhy-yu\/\" target=\"_blank\" rel=\"noopener noreferrer\" data-auth=\"NotApplicable\" data-emb-iscopy=\"true\" data-linkindex=\"29\">Roundtable: VAIN &amp; BELOW0 \u2013 Nuorten luovien globaalit verkostot<\/a>\u00a0(yhteisty\u00f6ss\u00e4 Creative Finland ja Business Finland) \u2013 pe 6.10.<\/strong><\/p>\n<\/div>\n<p class=\"x_size-15\" lang=\"x-size-15\" aria-hidden=\"true\">Mik\u00e4li sinulla on lauantain lippu ja haluaisit voittaa liput ensi vuoden Music x Mediaan, ilmoittaudu mukaan sanoittamaan kulttuurin arvoa Rosa Meril\u00e4isen juontamaan Suureen kulttuurialan retoriikkakilpailuun. Kilpailun voittaja palkitaan vuoden 2024 Music x Media -lipuilla.<\/p>\n<div>\n<p class=\"x_size-15\" lang=\"x-size-15\"><u><strong>LAUANTAI 7.10.2023<\/strong><\/u><\/p>\n<p class=\"x_size-15\" lang=\"x-size-15\"><strong><a href=\"https:\/\/musicxmedia.cmail19.com\/t\/d-l-vijjkdy-dlujthuuhy-jl\/\" target=\"_blank\" rel=\"noopener noreferrer\" data-auth=\"NotApplicable\" data-emb-iscopy=\"true\" data-linkindex=\"30\">Sanoita kulttuurin arvo! Suuri kulttuurialan retoriikkakilpailu\u00a0<\/a>(yh<\/strong><strong>teisty\u00f6ss\u00e4 Kulta ry) \u2013 la 7.10.\u00a0<\/strong><\/p>\n<\/div>","protected":false},"excerpt":{"rendered":"<p>Muutamissa klinikoissa ja workshopeissa on viel\u00e4 tilaa. Voit ilmoittautua mukaan niin pitk\u00e4\u00e4n, kun tilaa riitt\u00e4\u00e4. Ilmoittautuminen alta. KESKIVIIKKO 4.10.2023Pitch! workshop\u00a0(yhteisty\u00f6ss\u00e4\u00a0TAKU ry) \u2013 ke 4.10. T\u00c4YNN\u00c4 Ty\u00f6nohjauspoliklinikka\u00a0(yhteisty\u00f6ss\u00e4 Patrik Stenstr\u00f6m)\u00a0\u2013 ke 4.10. T\u00c4YNN\u00c4 Sparrausklinikka: ideasta rahoitettavaksi hankkeeksi\u00a0(yhteisty\u00f6ss\u00e4 Taike, Creative Finland ja Business Finland)\u00a0\u2013 ke 4.10. T\u00c4YNN\u00c4 TORSTAI 5.10.2023 Ty\u00f6el\u00e4m\u00e4klinikka\u00a0(yhteisty\u00f6ss\u00e4 TAKU ry) \u2013 to 5.10. T\u00c4YNN\u00c4 Ty\u00f6nohjauspoliklinikka\u00a0(yhteisty\u00f6ss\u00e4 Patrik [&hellip;]<\/p>","protected":false},"author":11,"featured_media":6341,"comment_status":"closed","ping_status":"open","sticky":false,"template":"","format":"standard","meta":{"_acf_changed":false,"inline_featured_image":false,"footnotes":""},"categories":[756],"tags":[],"class_list":["post-6339","post","type-post","status-publish","format-standard","has-post-thumbnail","hentry","category-vain-suomeksi"],"acf":[],"yoast_head":"<!-- This site is optimized with the Yoast SEO plugin v25.7 - https:\/\/yoast.com\/wordpress\/plugins\/seo\/ -->\n<title>Viel\u00e4 ehdit mukaan n\u00e4ille klinikoille! - Music x Media<\/title>\n<meta name=\"robots\" content=\"index, follow, max-snippet:-1, max-image-preview:large, max-video-preview:-1\" \/>\n<link rel=\"canonical\" href=\"https:\/\/musicmedia.fi\/en\/viela-ehdit-ilmoittautua-naille-klinikoille\/\" \/>\n<meta property=\"og:locale\" content=\"en_GB\" \/>\n<meta property=\"og:type\" content=\"article\" \/>\n<meta property=\"og:title\" content=\"Viel\u00e4 ehdit mukaan n\u00e4ille klinikoille! - Music x Media\" \/>\n<meta property=\"og:description\" content=\"Muutamissa klinikoissa ja workshopeissa on viel\u00e4 tilaa. Voit ilmoittautua mukaan niin pitk\u00e4\u00e4n, kun tilaa riitt\u00e4\u00e4. Ilmoittautuminen alta. KESKIVIIKKO 4.10.2023Pitch! workshop\u00a0(yhteisty\u00f6ss\u00e4\u00a0TAKU ry) \u2013 ke 4.10. T\u00c4YNN\u00c4 Ty\u00f6nohjauspoliklinikka\u00a0(yhteisty\u00f6ss\u00e4 Patrik Stenstr\u00f6m)\u00a0\u2013 ke 4.10. T\u00c4YNN\u00c4 Sparrausklinikka: ideasta rahoitettavaksi hankkeeksi\u00a0(yhteisty\u00f6ss\u00e4 Taike, Creative Finland ja Business Finland)\u00a0\u2013 ke 4.10. T\u00c4YNN\u00c4 TORSTAI 5.10.2023 Ty\u00f6el\u00e4m\u00e4klinikka\u00a0(yhteisty\u00f6ss\u00e4 TAKU ry) \u2013 to 5.10. T\u00c4YNN\u00c4 Ty\u00f6nohjauspoliklinikka\u00a0(yhteisty\u00f6ss\u00e4 Patrik [&hellip;]\" \/>\n<meta property=\"og:url\" content=\"https:\/\/musicmedia.fi\/en\/viela-ehdit-ilmoittautua-naille-klinikoille\/\" \/>\n<meta property=\"og:site_name\" content=\"Music x Media\" \/>\n<meta property=\"article:published_time\" content=\"2023-10-02T06:50:17+00:00\" \/>\n<meta property=\"article:modified_time\" content=\"2024-11-04T09:00:43+00:00\" \/>\n<meta property=\"og:image\" content=\"https:\/\/musicmedia.fi\/wp-content\/uploads\/2023\/10\/image.png\" \/>\n\t<meta property=\"og:image:width\" content=\"2450\" \/>\n\t<meta property=\"og:image:height\" content=\"1380\" \/>\n\t<meta property=\"og:image:type\" content=\"image\/png\" \/>\n<meta name=\"author\" content=\"info@musicmedia.fi\" \/>\n<meta name=\"twitter:card\" content=\"summary_large_image\" \/>\n<meta name=\"twitter:label1\" content=\"Written by\" \/>\n\t<meta name=\"twitter:data1\" content=\"info@musicmedia.fi\" \/>\n\t<meta name=\"twitter:label2\" content=\"Estimated reading time\" \/>\n\t<meta name=\"twitter:data2\" content=\"2 minutes\" \/>\n<script type=\"application\/ld+json\" class=\"yoast-schema-graph\">{\"@context\":\"https:\/\/schema.org\",\"@graph\":[{\"@type\":\"Article\",\"@id\":\"https:\/\/musicmedia.fi\/viela-ehdit-ilmoittautua-naille-klinikoille\/#article\",\"isPartOf\":{\"@id\":\"https:\/\/musicmedia.fi\/viela-ehdit-ilmoittautua-naille-klinikoille\/\"},\"author\":{\"name\":\"info@musicmedia.fi\",\"@id\":\"https:\/\/musicmedia.fi\/#\/schema\/person\/4d79763c56ccb5c8c01ae47497da967d\"},\"headline\":\"Viel\u00e4 ehdit mukaan n\u00e4ille klinikoille!\",\"datePublished\":\"2023-10-02T06:50:17+00:00\",\"dateModified\":\"2024-11-04T09:00:43+00:00\",\"mainEntityOfPage\":{\"@id\":\"https:\/\/musicmedia.fi\/viela-ehdit-ilmoittautua-naille-klinikoille\/\"},\"wordCount\":201,\"publisher\":{\"@id\":\"https:\/\/musicmedia.fi\/#organization\"},\"image\":{\"@id\":\"https:\/\/musicmedia.fi\/viela-ehdit-ilmoittautua-naille-klinikoille\/#primaryimage\"},\"thumbnailUrl\":\"https:\/\/musicmedia.fi\/wp-content\/uploads\/2023\/10\/image.png\",\"articleSection\":[\"Vain suomeksi\"],\"inLanguage\":\"en-GB\"},{\"@type\":\"WebPage\",\"@id\":\"https:\/\/musicmedia.fi\/viela-ehdit-ilmoittautua-naille-klinikoille\/\",\"url\":\"https:\/\/musicmedia.fi\/viela-ehdit-ilmoittautua-naille-klinikoille\/\",\"name\":\"Viel\u00e4 ehdit mukaan n\u00e4ille klinikoille! - Music x Media\",\"isPartOf\":{\"@id\":\"https:\/\/musicmedia.fi\/#website\"},\"primaryImageOfPage\":{\"@id\":\"https:\/\/musicmedia.fi\/viela-ehdit-ilmoittautua-naille-klinikoille\/#primaryimage\"},\"image\":{\"@id\":\"https:\/\/musicmedia.fi\/viela-ehdit-ilmoittautua-naille-klinikoille\/#primaryimage\"},\"thumbnailUrl\":\"https:\/\/musicmedia.fi\/wp-content\/uploads\/2023\/10\/image.png\",\"datePublished\":\"2023-10-02T06:50:17+00:00\",\"dateModified\":\"2024-11-04T09:00:43+00:00\",\"breadcrumb\":{\"@id\":\"https:\/\/musicmedia.fi\/viela-ehdit-ilmoittautua-naille-klinikoille\/#breadcrumb\"},\"inLanguage\":\"en-GB\",\"potentialAction\":[{\"@type\":\"ReadAction\",\"target\":[\"https:\/\/musicmedia.fi\/viela-ehdit-ilmoittautua-naille-klinikoille\/\"]}]},{\"@type\":\"ImageObject\",\"inLanguage\":\"en-GB\",\"@id\":\"https:\/\/musicmedia.fi\/viela-ehdit-ilmoittautua-naille-klinikoille\/#primaryimage\",\"url\":\"https:\/\/musicmedia.fi\/wp-content\/uploads\/2023\/10\/image.png\",\"contentUrl\":\"https:\/\/musicmedia.fi\/wp-content\/uploads\/2023\/10\/image.png\",\"width\":2450,\"height\":1380},{\"@type\":\"BreadcrumbList\",\"@id\":\"https:\/\/musicmedia.fi\/viela-ehdit-ilmoittautua-naille-klinikoille\/#breadcrumb\",\"itemListElement\":[{\"@type\":\"ListItem\",\"position\":1,\"name\":\"Home\",\"item\":\"https:\/\/musicmedia.fi\/\"},{\"@type\":\"ListItem\",\"position\":2,\"name\":\"Viel\u00e4 ehdit mukaan n\u00e4ille klinikoille!\"}]},{\"@type\":\"WebSite\",\"@id\":\"https:\/\/musicmedia.fi\/#website\",\"url\":\"https:\/\/musicmedia.fi\/\",\"name\":\"Music x Media\",\"description\":\"Musiikki-, viihde- ja tapahtuma-alojen kohtaamispaikka\",\"publisher\":{\"@id\":\"https:\/\/musicmedia.fi\/#organization\"},\"potentialAction\":[{\"@type\":\"SearchAction\",\"target\":{\"@type\":\"EntryPoint\",\"urlTemplate\":\"https:\/\/musicmedia.fi\/?s={search_term_string}\"},\"query-input\":{\"@type\":\"PropertyValueSpecification\",\"valueRequired\":true,\"valueName\":\"search_term_string\"}}],\"inLanguage\":\"en-GB\"},{\"@type\":\"Organization\",\"@id\":\"https:\/\/musicmedia.fi\/#organization\",\"name\":\"Music x Media\",\"url\":\"https:\/\/musicmedia.fi\/\",\"logo\":{\"@type\":\"ImageObject\",\"inLanguage\":\"en-GB\",\"@id\":\"https:\/\/musicmedia.fi\/#\/schema\/logo\/image\/\",\"url\":\"https:\/\/musicmedia.fi\/wp-content\/uploads\/2022\/05\/logo.png\",\"contentUrl\":\"https:\/\/musicmedia.fi\/wp-content\/uploads\/2022\/05\/logo.png\",\"width\":276,\"height\":147,\"caption\":\"Music x Media\"},\"image\":{\"@id\":\"https:\/\/musicmedia.fi\/#\/schema\/logo\/image\/\"}},{\"@type\":\"Person\",\"@id\":\"https:\/\/musicmedia.fi\/#\/schema\/person\/4d79763c56ccb5c8c01ae47497da967d\",\"name\":\"info@musicmedia.fi\",\"url\":\"https:\/\/musicmedia.fi\/en\/author\/infomusicmedia-fi\/\"}]}<\/script>\n<!-- \/ Yoast SEO plugin. -->","yoast_head_json":{"title":"Viel\u00e4 ehdit mukaan n\u00e4ille klinikoille! - Music x Media","robots":{"index":"index","follow":"follow","max-snippet":"max-snippet:-1","max-image-preview":"max-image-preview:large","max-video-preview":"max-video-preview:-1"},"canonical":"https:\/\/musicmedia.fi\/en\/viela-ehdit-ilmoittautua-naille-klinikoille\/","og_locale":"en_GB","og_type":"article","og_title":"Viel\u00e4 ehdit mukaan n\u00e4ille klinikoille! - Music x Media","og_description":"Muutamissa klinikoissa ja workshopeissa on viel\u00e4 tilaa. Voit ilmoittautua mukaan niin pitk\u00e4\u00e4n, kun tilaa riitt\u00e4\u00e4. Ilmoittautuminen alta. KESKIVIIKKO 4.10.2023Pitch! workshop\u00a0(yhteisty\u00f6ss\u00e4\u00a0TAKU ry) \u2013 ke 4.10. T\u00c4YNN\u00c4 Ty\u00f6nohjauspoliklinikka\u00a0(yhteisty\u00f6ss\u00e4 Patrik Stenstr\u00f6m)\u00a0\u2013 ke 4.10. T\u00c4YNN\u00c4 Sparrausklinikka: ideasta rahoitettavaksi hankkeeksi\u00a0(yhteisty\u00f6ss\u00e4 Taike, Creative Finland ja Business Finland)\u00a0\u2013 ke 4.10. T\u00c4YNN\u00c4 TORSTAI 5.10.2023 Ty\u00f6el\u00e4m\u00e4klinikka\u00a0(yhteisty\u00f6ss\u00e4 TAKU ry) \u2013 to 5.10. T\u00c4YNN\u00c4 Ty\u00f6nohjauspoliklinikka\u00a0(yhteisty\u00f6ss\u00e4 Patrik [&hellip;]","og_url":"https:\/\/musicmedia.fi\/en\/viela-ehdit-ilmoittautua-naille-klinikoille\/","og_site_name":"Music x Media","article_published_time":"2023-10-02T06:50:17+00:00","article_modified_time":"2024-11-04T09:00:43+00:00","og_image":[{"width":2450,"height":1380,"url":"https:\/\/musicmedia.fi\/wp-content\/uploads\/2023\/10\/image.png","type":"image\/png"}],"author":"info@musicmedia.fi","twitter_card":"summary_large_image","twitter_misc":{"Written by":"info@musicmedia.fi","Estimated reading time":"2 minutes"},"schema":{"@context":"https:\/\/schema.org","@graph":[{"@type":"Article","@id":"https:\/\/musicmedia.fi\/viela-ehdit-ilmoittautua-naille-klinikoille\/#article","isPartOf":{"@id":"https:\/\/musicmedia.fi\/viela-ehdit-ilmoittautua-naille-klinikoille\/"},"author":{"name":"info@musicmedia.fi","@id":"https:\/\/musicmedia.fi\/#\/schema\/person\/4d79763c56ccb5c8c01ae47497da967d"},"headline":"Viel\u00e4 ehdit mukaan n\u00e4ille klinikoille!","datePublished":"2023-10-02T06:50:17+00:00","dateModified":"2024-11-04T09:00:43+00:00","mainEntityOfPage":{"@id":"https:\/\/musicmedia.fi\/viela-ehdit-ilmoittautua-naille-klinikoille\/"},"wordCount":201,"publisher":{"@id":"https:\/\/musicmedia.fi\/#organization"},"image":{"@id":"https:\/\/musicmedia.fi\/viela-ehdit-ilmoittautua-naille-klinikoille\/#primaryimage"},"thumbnailUrl":"https:\/\/musicmedia.fi\/wp-content\/uploads\/2023\/10\/image.png","articleSection":["Vain suomeksi"],"inLanguage":"en-GB"},{"@type":"WebPage","@id":"https:\/\/musicmedia.fi\/viela-ehdit-ilmoittautua-naille-klinikoille\/","url":"https:\/\/musicmedia.fi\/viela-ehdit-ilmoittautua-naille-klinikoille\/","name":"Viel\u00e4 ehdit mukaan n\u00e4ille klinikoille! - Music x Media","isPartOf":{"@id":"https:\/\/musicmedia.fi\/#website"},"primaryImageOfPage":{"@id":"https:\/\/musicmedia.fi\/viela-ehdit-ilmoittautua-naille-klinikoille\/#primaryimage"},"image":{"@id":"https:\/\/musicmedia.fi\/viela-ehdit-ilmoittautua-naille-klinikoille\/#primaryimage"},"thumbnailUrl":"https:\/\/musicmedia.fi\/wp-content\/uploads\/2023\/10\/image.png","datePublished":"2023-10-02T06:50:17+00:00","dateModified":"2024-11-04T09:00:43+00:00","breadcrumb":{"@id":"https:\/\/musicmedia.fi\/viela-ehdit-ilmoittautua-naille-klinikoille\/#breadcrumb"},"inLanguage":"en-GB","potentialAction":[{"@type":"ReadAction","target":["https:\/\/musicmedia.fi\/viela-ehdit-ilmoittautua-naille-klinikoille\/"]}]},{"@type":"ImageObject","inLanguage":"en-GB","@id":"https:\/\/musicmedia.fi\/viela-ehdit-ilmoittautua-naille-klinikoille\/#primaryimage","url":"https:\/\/musicmedia.fi\/wp-content\/uploads\/2023\/10\/image.png","contentUrl":"https:\/\/musicmedia.fi\/wp-content\/uploads\/2023\/10\/image.png","width":2450,"height":1380},{"@type":"BreadcrumbList","@id":"https:\/\/musicmedia.fi\/viela-ehdit-ilmoittautua-naille-klinikoille\/#breadcrumb","itemListElement":[{"@type":"ListItem","position":1,"name":"Home","item":"https:\/\/musicmedia.fi\/"},{"@type":"ListItem","position":2,"name":"Viel\u00e4 ehdit mukaan n\u00e4ille klinikoille!"}]},{"@type":"WebSite","@id":"https:\/\/musicmedia.fi\/#website","url":"https:\/\/musicmedia.fi\/","name":"Music x Media","description":"Bridging the worlds of Music, Entertainment, and Event Industries","publisher":{"@id":"https:\/\/musicmedia.fi\/#organization"},"potentialAction":[{"@type":"SearchAction","target":{"@type":"EntryPoint","urlTemplate":"https:\/\/musicmedia.fi\/?s={search_term_string}"},"query-input":{"@type":"PropertyValueSpecification","valueRequired":true,"valueName":"search_term_string"}}],"inLanguage":"en-GB"},{"@type":"Organization","@id":"https:\/\/musicmedia.fi\/#organization","name":"Music x Media","url":"https:\/\/musicmedia.fi\/","logo":{"@type":"ImageObject","inLanguage":"en-GB","@id":"https:\/\/musicmedia.fi\/#\/schema\/logo\/image\/","url":"https:\/\/musicmedia.fi\/wp-content\/uploads\/2022\/05\/logo.png","contentUrl":"https:\/\/musicmedia.fi\/wp-content\/uploads\/2022\/05\/logo.png","width":276,"height":147,"caption":"Music x Media"},"image":{"@id":"https:\/\/musicmedia.fi\/#\/schema\/logo\/image\/"}},{"@type":"Person","@id":"https:\/\/musicmedia.fi\/#\/schema\/person\/4d79763c56ccb5c8c01ae47497da967d","name":"info@musicmedia.fi","url":"https:\/\/musicmedia.fi\/en\/author\/infomusicmedia-fi\/"}]}},"_links":{"self":[{"href":"https:\/\/musicmedia.fi\/en\/wp-json\/wp\/v2\/posts\/6339","targetHints":{"allow":["GET"]}}],"collection":[{"href":"https:\/\/musicmedia.fi\/en\/wp-json\/wp\/v2\/posts"}],"about":[{"href":"https:\/\/musicmedia.fi\/en\/wp-json\/wp\/v2\/types\/post"}],"author":[{"embeddable":true,"href":"https:\/\/musicmedia.fi\/en\/wp-json\/wp\/v2\/users\/11"}],"replies":[{"embeddable":true,"href":"https:\/\/musicmedia.fi\/en\/wp-json\/wp\/v2\/comments?post=6339"}],"version-history":[{"count":0,"href":"https:\/\/musicmedia.fi\/en\/wp-json\/wp\/v2\/posts\/6339\/revisions"}],"wp:featuredmedia":[{"embeddable":true,"href":"https:\/\/musicmedia.fi\/en\/wp-json\/wp\/v2\/media\/6341"}],"wp:attachment":[{"href":"https:\/\/musicmedia.fi\/en\/wp-json\/wp\/v2\/media?parent=6339"}],"wp:term":[{"taxonomy":"category","embeddable":true,"href":"https:\/\/musicmedia.fi\/en\/wp-json\/wp\/v2\/categories?post=6339"},{"taxonomy":"post_tag","embeddable":true,"href":"https:\/\/musicmedia.fi\/en\/wp-json\/wp\/v2\/tags?post=6339"}],"curies":[{"name":"wp","href":"https:\/\/api.w.org\/{rel}","templated":true}]}}