{"id":6295,"date":"2023-09-29T10:26:30","date_gmt":"2023-09-29T07:26:30","guid":{"rendered":"https:\/\/musicmedia.fi\/?p=6295"},"modified":"2024-11-04T11:00:55","modified_gmt":"2024-11-04T09:00:55","slug":"tampereen-tahtikadulle-uusia-musiikkialan-tahtia","status":"publish","type":"post","link":"https:\/\/musicmedia.fi\/en\/tampereen-tahtikadulle-uusia-musiikkialan-tahtia\/","title":{"rendered":"Tampereen T\u00e4htikadulle uusia musiikkialan t\u00e4hti\u00e4"},"content":{"rendered":"<p><strong><em>Tampereella sijaitsevan Suomen ensimm\u00e4isen kansainv\u00e4lisen musiikin T\u00e4htikadun uusiin t\u00e4htilaattoihin ikuistetaan 29.9.2023 Vesa-Matti Loirin, HIMin, Kikan, Antti Tuiskun, Santtu-Matias Rouvalin, Maija Vilkkumaan ja Anna-Mari K\u00e4h\u00e4r\u00e4n nimet. <\/em><\/strong><\/p>\n<p>Vuonna 2019 perustetulle T\u00e4htikadulle lis\u00e4t\u00e4\u00e4n vuosittain uusia t\u00e4hti\u00e4, joiden nimet p\u00e4\u00e4tet\u00e4\u00e4n yleis\u00f6lt\u00e4 saatujen ehdotusten perusteella.\u00a0Katu juhlistaa ja kunnioittaa kotimaisen ja kansainv\u00e4lisen musiikkialan keskeisi\u00e4 toimijoita Manserockin synnyinsijoilla Tampereella. T\u00e4htikatu sijaitsee \u00c5kerlundinkadulla Tullin alueella.<\/p>\n<p>-T\u00e4htien saajat edustavat laajasti eri genrej\u00e4 ja Tamperetta laajasti musiikkikaupunkina. Emme halunneet valita t\u00e4hdiksi pelk\u00e4st\u00e4\u00e4n suuruuden tai suosituimmuuden perusteella, vaan halusimme kannustaa ja kiitt\u00e4\u00e4 my\u00f6s elossa olevia, yh\u00e4 aktiivisesti musiikkia tekevi\u00e4, esitt\u00e4vi\u00e4 tai tuottavia henkil\u00f6it\u00e4, Tampereen kaupungin kulttuuri- ja vapaa-aikalautakunnan puheenjohtaja, apulaispormestari Matti Helimo sanoo.<\/p>\n<p>T\u00e4htien valinnassa on otettu huomioon eri sukupuolet, maantieteelliset tekij\u00e4t, ik\u00e4 sek\u00e4 muita diversiteettitekij\u00f6it\u00e4. T\u00e4htien saajat edustavat musiikkia valtakunnallisesti, mutta ottavat my\u00f6s Tampereen perinn\u00f6n huomioon.<\/p>\n<p>Vesa-Matti \u201dVesku\u201d Loiri oli suomalainen monipuolinen taiteilija, muusikko ja n\u00e4yttelij\u00e4. Laulajana Loiri sai suosiota etenkin Eino Leinon runoihin s\u00e4vellettyjen laulujen tulkitsijana. H\u00e4n levytti my\u00f6s suomalaisia iskelmi\u00e4 ja julkaisi vuosina 2006\u20132008 Lappi-trilogian, joka sis\u00e4lt\u00e4\u00e4 vanhoja suomalaisia pop- ja rock-kappaleita akustisina sovituksina. Loiri menehtyi elokuussa 2022.<\/p>\n<p>Viisihenkinen love metal -yhtye HIM on yksi Suomen kansainv\u00e4lisesti menestyneimpi\u00e4 yhtyeit\u00e4. Se saavutti ensimm\u00e4isen\u00e4 suomalaisena yhtyeen\u00e4 Yhdysvalloissa kultalevyn albumillaan Dark Light. Yhtye julkaisi urallaan kahdeksan studioalbumia. 26 vuotta kest\u00e4nyt menestyksek\u00e4s kansainv\u00e4linen ura p\u00e4\u00e4ttyi vuonna 2017 j\u00e4\u00e4hyv\u00e4iskiertueeseen 14 maassa. Yhtyeen keulakuva Ville Valo on jatkanut uraansa kansainv\u00e4lisen\u00e4 sooloartistina.<\/p>\n<p>Santtu-Matias Rouvali on yksi aikamme tunnetuimpia ja kysytyimpi\u00e4 suomalaisia kapellimestareita. H\u00e4n aloitti orkesterinjohdon opinnot Sibelius-Akatemiassa vuonna 2007. H\u00e4nen kapellimestarinuransa sai sys\u00e4yksen syyskuussa 2009, jolloin h\u00e4n johti pikah\u00e4lytyksell\u00e4 Radion sinfoniaorkesterin konsertin. Sen j\u00e4lkeen Rouvali on johtanut RSO:n ohella lukuisia merkitt\u00e4vi\u00e4 kotimaisia ja kansainv\u00e4lisi\u00e4 orkestereita. Syksyst\u00e4 2011 l\u00e4htien Rouvali toimi Tapiola Sinfoniettan taiteellisena partnerina. Syksyll\u00e4 2013 h\u00e4n aloitti Tampere Filharmonian taiteellisena johtajana ja ylikapellimestarina. H\u00e4n p\u00e4\u00e4tti ylikapellimestarin teht\u00e4v\u00e4n kev\u00e4\u00e4seen 2023 kymmenvuotisen ty\u00f6jakson t\u00e4yttyess\u00e4. Rouvali on toiminut Lontoon filharmonian ja G\u00f6teborgin sinfoniaorkesterin ylikapellimestarina sek\u00e4 vieraillut Berliiniss\u00e4 ja lukuisissa muissa ulkomaisissa huippuorkestereissa johtamassa.<\/p>\n<p>Kikka, oikealta nimelt\u00e4\u00e4n Kirsi Sir\u00e9n oli laulaja ja monelle naismuusikolle uraauurtava esikuva, joka villitsi kansaa. H\u00e4n oli aikansa myydyin naisartisti, jonka uran ja rohkeuden suomalainen kulttuurikentt\u00e4 on ymm\u00e4rt\u00e4nyt vasta my\u00f6hemmin. Kikan kolme ensimm\u00e4ist\u00e4 albumia, M\u00e4 haluun viihdytt\u00e4\u00e4 (1989), Kiihke\u00e4t tuulet (1990) ja Kikka 3 (1991), myiv\u00e4t platinaa. Kikka menehtyi vuonna 2005 vain 41-vuotiaana. Lokakuussa 2022 ilmestyi Anna Paavilaisen ohjaama elokuva Kikka!<\/p>\n<p>Suomen popkuninkaaksi tituleerattu ja kunnianhimoisena vision\u00e4\u00e4rin\u00e4 tunnettu Antti Tuisku julkaisi ensimm\u00e4isen albuminsa vuonna 2004. Antti Tuiskulta on ilmestynyt 13 levy\u00e4. Kaiken kaikkiaan Antti Tuiskun musiikkia on kuunneltu suoratoistopalveluissa yli 250 miljoonaa kertaa ja h\u00e4nen albumeitaan on myyty l\u00e4hes puoli miljoonaa kappaletta. Antti Tuisku on my\u00f6s palkittu seitsem\u00e4ll\u00e4 Emmalla. Syyskuussa 2022 h\u00e4nen konserttinsa kokosi Helsingin Olympiastadionille yli 70 000 ihmisen j\u00e4ttiyleis\u00f6n. H\u00e4n kertoi lopettavansa artistiuransa kes\u00e4ll\u00e4 2023.<\/p>\n<p>Maija Vilkkumaa on Suomen rakastetuimpia lauluntekij\u00f6it\u00e4 ja esiintyji\u00e4. Naispuolinen itse laulunsa tekev\u00e4 sooloartisti oli Suomessa 90-luvulla l\u00e4hes tuntematon k\u00e4site, mutta Maija Vilkkumaasta tuli supert\u00e4hti ja uusia polkuja etsiv\u00e4 taiteilija. Maija Vilkkumaa on palkittu Juha Vainio -palkinnolla, Teosto-palkinnolla sek\u00e4 lukuisilla Emma-palkinnoilla. H\u00e4nen laulunsa ovat nousseet hiteiksi jo nelj\u00e4ll\u00e4 vuosikymmenell\u00e4. Vilkkumaa juhlii 50-vuotisjuhliaan loppuunmyydyll\u00e4 j\u00e4\u00e4hallikeikalla marraskuussa 2023.<\/p>\n<p>Anna-Mari K\u00e4h\u00e4r\u00e4 on omaleimainen ja monipuolinen taiteilija. Runoudesta inspiroitunut s\u00e4velt\u00e4j\u00e4 on tunnettu laulumusiikin ohella kuoromusiikista, jota esitet\u00e4\u00e4n paljon my\u00f6s kansainv\u00e4lisesti. H\u00e4n my\u00f6s ty\u00f6skentelee vahvasti teatteri- ja elokuvamusiikin parissa.\u00a0K\u00e4h\u00e4r\u00e4n sielunmusiikki on jazz, mutta s\u00e4vellyksiss\u00e4 kaikuvat my\u00f6s klassinen ja kansanmusiikki sek\u00e4 yhteiskunnalliset teemat. H\u00e4n on toiminut tuottajana useilla \u00e4\u00e4nitteill\u00e4 sek\u00e4 laulajana ja muusikkona monissa yhtyeiss\u00e4, mm. Anna-Mari K\u00e4h\u00e4r\u00e4 Orchestra ja How Many Sisters. H\u00e4net on palkittu valtion Suomi-palkinnolla, Emma-patsaalla ja ensimm\u00e4isen naisena Jazz-Yrj\u00f6ll\u00e4.<\/p>\n<p>T\u00e4hdet valitaan vuosittain yleis\u00f6ehdotusten perusteella. Musiikki &amp;\u00a0Media-Tapahtumat S.S.M.\u00a0Oy:n hallitus tekee ehdotusten perusteella esityksen t\u00e4htien saajista. Lopullisen p\u00e4\u00e4t\u00f6ksen tekee Tampereen kaupungin kulttuuri- ja vapaa-aikalautakunta. Lis\u00e4ksi joka toinen vuosi katuun lis\u00e4t\u00e4\u00e4n\u00a0kahdelle Tampere Music Award -voittajalle yksi yhteinen t\u00e4hti. Tampere Music Award -voittajat palkitaan vuosittain Musiikki x\u00a0Media -tapahtumassa. Vuoden 2023 Tampere Music Award -voittaja on Paul Spraggon. H\u00e4nen kanssaan samaan t\u00e4hteen ikuistetaan vuoden 2022 voittajan Pete Townshendin nimi.<\/p>\n<p>T\u00e4htikatu-konseptia yll\u00e4pit\u00e4v\u00e4t yhteisty\u00f6ss\u00e4 Tampereen kaupunki, Tampere-talo Oy sek\u00e4 Suomen Musiikki &amp; Media-Tapahtumat S.M.M. Oy.<\/p>\n<p>&nbsp;<\/p>","protected":false},"excerpt":{"rendered":"<p>Tampereella sijaitsevan Suomen ensimm\u00e4isen kansainv\u00e4lisen musiikin T\u00e4htikadun uusiin t\u00e4htilaattoihin ikuistetaan 29.9.2023 Vesa-Matti Loirin, HIMin, Kikan, Antti Tuiskun, Santtu-Matias Rouvalin, Maija Vilkkumaan ja Anna-Mari K\u00e4h\u00e4r\u00e4n nimet. Vuonna 2019 perustetulle T\u00e4htikadulle lis\u00e4t\u00e4\u00e4n vuosittain uusia t\u00e4hti\u00e4, joiden nimet p\u00e4\u00e4tet\u00e4\u00e4n yleis\u00f6lt\u00e4 saatujen ehdotusten perusteella.\u00a0Katu juhlistaa ja kunnioittaa kotimaisen ja kansainv\u00e4lisen musiikkialan keskeisi\u00e4 toimijoita Manserockin synnyinsijoilla Tampereella. T\u00e4htikatu sijaitsee \u00c5kerlundinkadulla [&hellip;]<\/p>","protected":false},"author":11,"featured_media":6296,"comment_status":"closed","ping_status":"open","sticky":false,"template":"","format":"standard","meta":{"_acf_changed":false,"inline_featured_image":false,"footnotes":""},"categories":[756],"tags":[],"class_list":["post-6295","post","type-post","status-publish","format-standard","has-post-thumbnail","hentry","category-vain-suomeksi"],"acf":[],"yoast_head":"<!-- This site is optimized with the Yoast SEO plugin v25.7 - https:\/\/yoast.com\/wordpress\/plugins\/seo\/ -->\n<title>Tampereen T\u00e4htikadulle uusia musiikkialan t\u00e4hti\u00e4 - Music x Media<\/title>\n<meta name=\"robots\" content=\"index, follow, max-snippet:-1, max-image-preview:large, max-video-preview:-1\" \/>\n<link rel=\"canonical\" href=\"https:\/\/musicmedia.fi\/en\/tampereen-tahtikadulle-uusia-musiikkialan-tahtia\/\" \/>\n<meta property=\"og:locale\" content=\"en_GB\" \/>\n<meta property=\"og:type\" content=\"article\" \/>\n<meta property=\"og:title\" content=\"Tampereen T\u00e4htikadulle uusia musiikkialan t\u00e4hti\u00e4 - Music x Media\" \/>\n<meta property=\"og:description\" content=\"Tampereella sijaitsevan Suomen ensimm\u00e4isen kansainv\u00e4lisen musiikin T\u00e4htikadun uusiin t\u00e4htilaattoihin ikuistetaan 29.9.2023 Vesa-Matti Loirin, HIMin, Kikan, Antti Tuiskun, Santtu-Matias Rouvalin, Maija Vilkkumaan ja Anna-Mari K\u00e4h\u00e4r\u00e4n nimet. Vuonna 2019 perustetulle T\u00e4htikadulle lis\u00e4t\u00e4\u00e4n vuosittain uusia t\u00e4hti\u00e4, joiden nimet p\u00e4\u00e4tet\u00e4\u00e4n yleis\u00f6lt\u00e4 saatujen ehdotusten perusteella.\u00a0Katu juhlistaa ja kunnioittaa kotimaisen ja kansainv\u00e4lisen musiikkialan keskeisi\u00e4 toimijoita Manserockin synnyinsijoilla Tampereella. T\u00e4htikatu sijaitsee \u00c5kerlundinkadulla [&hellip;]\" \/>\n<meta property=\"og:url\" content=\"https:\/\/musicmedia.fi\/en\/tampereen-tahtikadulle-uusia-musiikkialan-tahtia\/\" \/>\n<meta property=\"og:site_name\" content=\"Music x Media\" \/>\n<meta property=\"article:published_time\" content=\"2023-09-29T07:26:30+00:00\" \/>\n<meta property=\"article:modified_time\" content=\"2024-11-04T09:00:55+00:00\" \/>\n<meta property=\"og:image\" content=\"https:\/\/musicmedia.fi\/wp-content\/uploads\/2023\/09\/20230928_Tahtikatu_0032_LAH.jpg\" \/>\n\t<meta property=\"og:image:width\" content=\"1000\" \/>\n\t<meta property=\"og:image:height\" content=\"1536\" \/>\n\t<meta property=\"og:image:type\" content=\"image\/jpeg\" \/>\n<meta name=\"author\" content=\"info@musicmedia.fi\" \/>\n<meta name=\"twitter:card\" content=\"summary_large_image\" \/>\n<meta name=\"twitter:label1\" content=\"Written by\" \/>\n\t<meta name=\"twitter:data1\" content=\"info@musicmedia.fi\" \/>\n\t<meta name=\"twitter:label2\" content=\"Estimated reading time\" \/>\n\t<meta name=\"twitter:data2\" content=\"4 minutes\" \/>\n<script type=\"application\/ld+json\" class=\"yoast-schema-graph\">{\"@context\":\"https:\/\/schema.org\",\"@graph\":[{\"@type\":\"Article\",\"@id\":\"https:\/\/musicmedia.fi\/tampereen-tahtikadulle-uusia-musiikkialan-tahtia\/#article\",\"isPartOf\":{\"@id\":\"https:\/\/musicmedia.fi\/tampereen-tahtikadulle-uusia-musiikkialan-tahtia\/\"},\"author\":{\"name\":\"info@musicmedia.fi\",\"@id\":\"https:\/\/musicmedia.fi\/#\/schema\/person\/4d79763c56ccb5c8c01ae47497da967d\"},\"headline\":\"Tampereen T\u00e4htikadulle uusia musiikkialan t\u00e4hti\u00e4\",\"datePublished\":\"2023-09-29T07:26:30+00:00\",\"dateModified\":\"2024-11-04T09:00:55+00:00\",\"mainEntityOfPage\":{\"@id\":\"https:\/\/musicmedia.fi\/tampereen-tahtikadulle-uusia-musiikkialan-tahtia\/\"},\"wordCount\":755,\"publisher\":{\"@id\":\"https:\/\/musicmedia.fi\/#organization\"},\"image\":{\"@id\":\"https:\/\/musicmedia.fi\/tampereen-tahtikadulle-uusia-musiikkialan-tahtia\/#primaryimage\"},\"thumbnailUrl\":\"https:\/\/musicmedia.fi\/wp-content\/uploads\/2023\/09\/20230928_Tahtikatu_0032_LAH.jpg\",\"articleSection\":[\"Vain suomeksi\"],\"inLanguage\":\"en-GB\"},{\"@type\":\"WebPage\",\"@id\":\"https:\/\/musicmedia.fi\/tampereen-tahtikadulle-uusia-musiikkialan-tahtia\/\",\"url\":\"https:\/\/musicmedia.fi\/tampereen-tahtikadulle-uusia-musiikkialan-tahtia\/\",\"name\":\"Tampereen T\u00e4htikadulle uusia musiikkialan t\u00e4hti\u00e4 - Music x Media\",\"isPartOf\":{\"@id\":\"https:\/\/musicmedia.fi\/#website\"},\"primaryImageOfPage\":{\"@id\":\"https:\/\/musicmedia.fi\/tampereen-tahtikadulle-uusia-musiikkialan-tahtia\/#primaryimage\"},\"image\":{\"@id\":\"https:\/\/musicmedia.fi\/tampereen-tahtikadulle-uusia-musiikkialan-tahtia\/#primaryimage\"},\"thumbnailUrl\":\"https:\/\/musicmedia.fi\/wp-content\/uploads\/2023\/09\/20230928_Tahtikatu_0032_LAH.jpg\",\"datePublished\":\"2023-09-29T07:26:30+00:00\",\"dateModified\":\"2024-11-04T09:00:55+00:00\",\"breadcrumb\":{\"@id\":\"https:\/\/musicmedia.fi\/tampereen-tahtikadulle-uusia-musiikkialan-tahtia\/#breadcrumb\"},\"inLanguage\":\"en-GB\",\"potentialAction\":[{\"@type\":\"ReadAction\",\"target\":[\"https:\/\/musicmedia.fi\/tampereen-tahtikadulle-uusia-musiikkialan-tahtia\/\"]}]},{\"@type\":\"ImageObject\",\"inLanguage\":\"en-GB\",\"@id\":\"https:\/\/musicmedia.fi\/tampereen-tahtikadulle-uusia-musiikkialan-tahtia\/#primaryimage\",\"url\":\"https:\/\/musicmedia.fi\/wp-content\/uploads\/2023\/09\/20230928_Tahtikatu_0032_LAH.jpg\",\"contentUrl\":\"https:\/\/musicmedia.fi\/wp-content\/uploads\/2023\/09\/20230928_Tahtikatu_0032_LAH.jpg\",\"width\":1000,\"height\":1536},{\"@type\":\"BreadcrumbList\",\"@id\":\"https:\/\/musicmedia.fi\/tampereen-tahtikadulle-uusia-musiikkialan-tahtia\/#breadcrumb\",\"itemListElement\":[{\"@type\":\"ListItem\",\"position\":1,\"name\":\"Home\",\"item\":\"https:\/\/musicmedia.fi\/\"},{\"@type\":\"ListItem\",\"position\":2,\"name\":\"Tampereen T\u00e4htikadulle uusia musiikkialan t\u00e4hti\u00e4\"}]},{\"@type\":\"WebSite\",\"@id\":\"https:\/\/musicmedia.fi\/#website\",\"url\":\"https:\/\/musicmedia.fi\/\",\"name\":\"Music x Media\",\"description\":\"Musiikki-, viihde- ja tapahtuma-alojen kohtaamispaikka\",\"publisher\":{\"@id\":\"https:\/\/musicmedia.fi\/#organization\"},\"potentialAction\":[{\"@type\":\"SearchAction\",\"target\":{\"@type\":\"EntryPoint\",\"urlTemplate\":\"https:\/\/musicmedia.fi\/?s={search_term_string}\"},\"query-input\":{\"@type\":\"PropertyValueSpecification\",\"valueRequired\":true,\"valueName\":\"search_term_string\"}}],\"inLanguage\":\"en-GB\"},{\"@type\":\"Organization\",\"@id\":\"https:\/\/musicmedia.fi\/#organization\",\"name\":\"Music x Media\",\"url\":\"https:\/\/musicmedia.fi\/\",\"logo\":{\"@type\":\"ImageObject\",\"inLanguage\":\"en-GB\",\"@id\":\"https:\/\/musicmedia.fi\/#\/schema\/logo\/image\/\",\"url\":\"https:\/\/musicmedia.fi\/wp-content\/uploads\/2022\/05\/logo.png\",\"contentUrl\":\"https:\/\/musicmedia.fi\/wp-content\/uploads\/2022\/05\/logo.png\",\"width\":276,\"height\":147,\"caption\":\"Music x Media\"},\"image\":{\"@id\":\"https:\/\/musicmedia.fi\/#\/schema\/logo\/image\/\"}},{\"@type\":\"Person\",\"@id\":\"https:\/\/musicmedia.fi\/#\/schema\/person\/4d79763c56ccb5c8c01ae47497da967d\",\"name\":\"info@musicmedia.fi\",\"url\":\"https:\/\/musicmedia.fi\/en\/author\/infomusicmedia-fi\/\"}]}<\/script>\n<!-- \/ Yoast SEO plugin. -->","yoast_head_json":{"title":"Tampereen T\u00e4htikadulle uusia musiikkialan t\u00e4hti\u00e4 - Music x Media","robots":{"index":"index","follow":"follow","max-snippet":"max-snippet:-1","max-image-preview":"max-image-preview:large","max-video-preview":"max-video-preview:-1"},"canonical":"https:\/\/musicmedia.fi\/en\/tampereen-tahtikadulle-uusia-musiikkialan-tahtia\/","og_locale":"en_GB","og_type":"article","og_title":"Tampereen T\u00e4htikadulle uusia musiikkialan t\u00e4hti\u00e4 - Music x Media","og_description":"Tampereella sijaitsevan Suomen ensimm\u00e4isen kansainv\u00e4lisen musiikin T\u00e4htikadun uusiin t\u00e4htilaattoihin ikuistetaan 29.9.2023 Vesa-Matti Loirin, HIMin, Kikan, Antti Tuiskun, Santtu-Matias Rouvalin, Maija Vilkkumaan ja Anna-Mari K\u00e4h\u00e4r\u00e4n nimet. Vuonna 2019 perustetulle T\u00e4htikadulle lis\u00e4t\u00e4\u00e4n vuosittain uusia t\u00e4hti\u00e4, joiden nimet p\u00e4\u00e4tet\u00e4\u00e4n yleis\u00f6lt\u00e4 saatujen ehdotusten perusteella.\u00a0Katu juhlistaa ja kunnioittaa kotimaisen ja kansainv\u00e4lisen musiikkialan keskeisi\u00e4 toimijoita Manserockin synnyinsijoilla Tampereella. T\u00e4htikatu sijaitsee \u00c5kerlundinkadulla [&hellip;]","og_url":"https:\/\/musicmedia.fi\/en\/tampereen-tahtikadulle-uusia-musiikkialan-tahtia\/","og_site_name":"Music x Media","article_published_time":"2023-09-29T07:26:30+00:00","article_modified_time":"2024-11-04T09:00:55+00:00","og_image":[{"width":1000,"height":1536,"url":"https:\/\/musicmedia.fi\/wp-content\/uploads\/2023\/09\/20230928_Tahtikatu_0032_LAH.jpg","type":"image\/jpeg"}],"author":"info@musicmedia.fi","twitter_card":"summary_large_image","twitter_misc":{"Written by":"info@musicmedia.fi","Estimated reading time":"4 minutes"},"schema":{"@context":"https:\/\/schema.org","@graph":[{"@type":"Article","@id":"https:\/\/musicmedia.fi\/tampereen-tahtikadulle-uusia-musiikkialan-tahtia\/#article","isPartOf":{"@id":"https:\/\/musicmedia.fi\/tampereen-tahtikadulle-uusia-musiikkialan-tahtia\/"},"author":{"name":"info@musicmedia.fi","@id":"https:\/\/musicmedia.fi\/#\/schema\/person\/4d79763c56ccb5c8c01ae47497da967d"},"headline":"Tampereen T\u00e4htikadulle uusia musiikkialan t\u00e4hti\u00e4","datePublished":"2023-09-29T07:26:30+00:00","dateModified":"2024-11-04T09:00:55+00:00","mainEntityOfPage":{"@id":"https:\/\/musicmedia.fi\/tampereen-tahtikadulle-uusia-musiikkialan-tahtia\/"},"wordCount":755,"publisher":{"@id":"https:\/\/musicmedia.fi\/#organization"},"image":{"@id":"https:\/\/musicmedia.fi\/tampereen-tahtikadulle-uusia-musiikkialan-tahtia\/#primaryimage"},"thumbnailUrl":"https:\/\/musicmedia.fi\/wp-content\/uploads\/2023\/09\/20230928_Tahtikatu_0032_LAH.jpg","articleSection":["Vain suomeksi"],"inLanguage":"en-GB"},{"@type":"WebPage","@id":"https:\/\/musicmedia.fi\/tampereen-tahtikadulle-uusia-musiikkialan-tahtia\/","url":"https:\/\/musicmedia.fi\/tampereen-tahtikadulle-uusia-musiikkialan-tahtia\/","name":"Tampereen T\u00e4htikadulle uusia musiikkialan t\u00e4hti\u00e4 - Music x Media","isPartOf":{"@id":"https:\/\/musicmedia.fi\/#website"},"primaryImageOfPage":{"@id":"https:\/\/musicmedia.fi\/tampereen-tahtikadulle-uusia-musiikkialan-tahtia\/#primaryimage"},"image":{"@id":"https:\/\/musicmedia.fi\/tampereen-tahtikadulle-uusia-musiikkialan-tahtia\/#primaryimage"},"thumbnailUrl":"https:\/\/musicmedia.fi\/wp-content\/uploads\/2023\/09\/20230928_Tahtikatu_0032_LAH.jpg","datePublished":"2023-09-29T07:26:30+00:00","dateModified":"2024-11-04T09:00:55+00:00","breadcrumb":{"@id":"https:\/\/musicmedia.fi\/tampereen-tahtikadulle-uusia-musiikkialan-tahtia\/#breadcrumb"},"inLanguage":"en-GB","potentialAction":[{"@type":"ReadAction","target":["https:\/\/musicmedia.fi\/tampereen-tahtikadulle-uusia-musiikkialan-tahtia\/"]}]},{"@type":"ImageObject","inLanguage":"en-GB","@id":"https:\/\/musicmedia.fi\/tampereen-tahtikadulle-uusia-musiikkialan-tahtia\/#primaryimage","url":"https:\/\/musicmedia.fi\/wp-content\/uploads\/2023\/09\/20230928_Tahtikatu_0032_LAH.jpg","contentUrl":"https:\/\/musicmedia.fi\/wp-content\/uploads\/2023\/09\/20230928_Tahtikatu_0032_LAH.jpg","width":1000,"height":1536},{"@type":"BreadcrumbList","@id":"https:\/\/musicmedia.fi\/tampereen-tahtikadulle-uusia-musiikkialan-tahtia\/#breadcrumb","itemListElement":[{"@type":"ListItem","position":1,"name":"Home","item":"https:\/\/musicmedia.fi\/"},{"@type":"ListItem","position":2,"name":"Tampereen T\u00e4htikadulle uusia musiikkialan t\u00e4hti\u00e4"}]},{"@type":"WebSite","@id":"https:\/\/musicmedia.fi\/#website","url":"https:\/\/musicmedia.fi\/","name":"Music x Media","description":"Bridging the worlds of Music, Entertainment, and Event Industries","publisher":{"@id":"https:\/\/musicmedia.fi\/#organization"},"potentialAction":[{"@type":"SearchAction","target":{"@type":"EntryPoint","urlTemplate":"https:\/\/musicmedia.fi\/?s={search_term_string}"},"query-input":{"@type":"PropertyValueSpecification","valueRequired":true,"valueName":"search_term_string"}}],"inLanguage":"en-GB"},{"@type":"Organization","@id":"https:\/\/musicmedia.fi\/#organization","name":"Music x Media","url":"https:\/\/musicmedia.fi\/","logo":{"@type":"ImageObject","inLanguage":"en-GB","@id":"https:\/\/musicmedia.fi\/#\/schema\/logo\/image\/","url":"https:\/\/musicmedia.fi\/wp-content\/uploads\/2022\/05\/logo.png","contentUrl":"https:\/\/musicmedia.fi\/wp-content\/uploads\/2022\/05\/logo.png","width":276,"height":147,"caption":"Music x Media"},"image":{"@id":"https:\/\/musicmedia.fi\/#\/schema\/logo\/image\/"}},{"@type":"Person","@id":"https:\/\/musicmedia.fi\/#\/schema\/person\/4d79763c56ccb5c8c01ae47497da967d","name":"info@musicmedia.fi","url":"https:\/\/musicmedia.fi\/en\/author\/infomusicmedia-fi\/"}]}},"_links":{"self":[{"href":"https:\/\/musicmedia.fi\/en\/wp-json\/wp\/v2\/posts\/6295","targetHints":{"allow":["GET"]}}],"collection":[{"href":"https:\/\/musicmedia.fi\/en\/wp-json\/wp\/v2\/posts"}],"about":[{"href":"https:\/\/musicmedia.fi\/en\/wp-json\/wp\/v2\/types\/post"}],"author":[{"embeddable":true,"href":"https:\/\/musicmedia.fi\/en\/wp-json\/wp\/v2\/users\/11"}],"replies":[{"embeddable":true,"href":"https:\/\/musicmedia.fi\/en\/wp-json\/wp\/v2\/comments?post=6295"}],"version-history":[{"count":0,"href":"https:\/\/musicmedia.fi\/en\/wp-json\/wp\/v2\/posts\/6295\/revisions"}],"wp:featuredmedia":[{"embeddable":true,"href":"https:\/\/musicmedia.fi\/en\/wp-json\/wp\/v2\/media\/6296"}],"wp:attachment":[{"href":"https:\/\/musicmedia.fi\/en\/wp-json\/wp\/v2\/media?parent=6295"}],"wp:term":[{"taxonomy":"category","embeddable":true,"href":"https:\/\/musicmedia.fi\/en\/wp-json\/wp\/v2\/categories?post=6295"},{"taxonomy":"post_tag","embeddable":true,"href":"https:\/\/musicmedia.fi\/en\/wp-json\/wp\/v2\/tags?post=6295"}],"curies":[{"name":"wp","href":"https:\/\/api.w.org\/{rel}","templated":true}]}}