{"id":6180,"date":"2023-09-28T10:22:36","date_gmt":"2023-09-28T07:22:36","guid":{"rendered":"https:\/\/musicmedia.fi\/?p=6180"},"modified":"2024-11-04T11:03:03","modified_gmt":"2024-11-04T09:03:03","slug":"music-x-median-ohjelmaa-toteutetaan-yhteistyossa-kumppanien-kanssa-teosto-mukana-tanakin-vuonna","status":"publish","type":"post","link":"https:\/\/musicmedia.fi\/en\/music-x-median-ohjelmaa-toteutetaan-yhteistyossa-kumppanien-kanssa-teosto-mukana-tanakin-vuonna\/","title":{"rendered":"Music x Median ohjelmaa toteutetaan yhteisty\u00f6ss\u00e4 kumppanien kanssa \u2013 Teosto mukana t\u00e4n\u00e4kin vuonna!"},"content":{"rendered":"<p><b>Music x Media tuo vuosittain p\u00f6yt\u00e4\u00e4n uusia ja kuumia puheenaiheita yhteisty\u00f6ss\u00e4 musiikki- ja luovien alojen kumppaneidensa kanssa. Yhteisty\u00f6tahot ovat mukana mahdollistamassa sen, ett\u00e4 tapahtumatarjonta pysyy monialaisena ja monipuolisena. Yksi tapahtuman pitk\u00e4aikainen kumppani on Teosto, joka tarjoaa tapahtumaan t\u00e4n\u00e4kin vuonna useita mielenkiintoisia ohjelmasis\u00e4lt\u00f6j\u00e4.<\/b><\/p>\n<p><span style=\"font-weight: 400;\">&#8221;Olemme vuosien varrella rakentaneet keskusteluja niin metadatasta, striimaustuloista kuin teko\u00e4lyst\u00e4kin. My\u00f6s yhteiskunnalliset aiheet ja luovan talouden merkitys p\u00e4\u00e4t\u00f6ksenteossa ovat aina olleet keskeinen osa Teoston agendaa&#8221;, taustoittaa Teoston viestint\u00e4- ja yhteiskuntasuhdejohtaja <\/span><b>Vappu Aura<\/b><span style=\"font-weight: 400;\">.<\/span><\/p>\n<p><span style=\"font-weight: 400;\">T\u00e4n\u00e4 vuonna teko\u00e4ly on yksi alaa eniten puhuttavimmista aiheista ja siihen syvennyt\u00e4\u00e4n tapahtumassa laajasti. Teosto tuo t\u00e4n\u00e4 vuonna seminaarikeskusteluun n\u00e4k\u00f6kulman <\/span><a href=\"https:\/\/musicmedia.fi\/en\/program\/fit-for-future-how-ai-is-transforming-monetization-in-the-music-industry-in-cooperation-with-teosto\/\"><span style=\"font-weight: 400;\">teko\u00e4lyn merkityksest\u00e4 musiikkiteollisuuden ansaintamalleihin.<\/span><\/a><span style=\"font-weight: 400;\">\u00a0<\/span><\/p>\n<p><span style=\"font-weight: 400;\">Lis\u00e4ksi tapahtumassa kuullaan jo viimeisen kymmenen vuoden ajalta tuttu<\/span><a href=\"https:\/\/musicmedia.fi\/en\/program\/musiikin-kuuntelu-suomesssa-2023-milta-tulevaisuus-kuulostaa-yhteistyossa-teosto\/\"> <span style=\"font-weight: 400;\">musiikin kuuntelu -tutkimuksen julkistus,<\/span><\/a><span style=\"font-weight: 400;\"> jonka Teosto toteuttaa yhdess\u00e4 IFPIn kanssa. Se on alalla jo asemansa vakiinnuttanut trendikatsaus, joka luotaa syv\u00e4lle suomalaisten musiikinkuuntelutottumuksiin ja niiden kehitykseen.<\/span><\/p>\n<p><span style=\"font-weight: 400;\">Vuonna 2023 t\u00e4rkeimpiin teemoihin koko musiikkialalla kuuluu yhdenvertaisten mahdollisuuksien edist\u00e4minen. <\/span><a href=\"https:\/\/www.teosto.fi\/tutkimus-nais-ja-miesmusiikintekijoilla-taysin-eri-kasitys-alan-tasa-arvoisuudesta-musiikkiala-ryhtyy-toimenpiteisiin\/\"><span style=\"font-weight: 400;\">Teoston tekem\u00e4n tutkimuksen<\/span><\/a><span style=\"font-weight: 400;\"> mukaan naisten ja muunsukupuolisten uravalintoihin vaikuttavat ennen muuta esikuvat. Music x Mediassa aiheeseen pureudutaan Teoston ja Suomen musamimmit ja -muusujen kanssa yhteisty\u00f6ss\u00e4 toteutetussa sis\u00e4ll\u00f6ss\u00e4<\/span><a href=\"https:\/\/musicmedia.fi\/en\/program\/menestyneet-musamimmit-ja-tulevaisuuden-tahdet-yhteistyossa-teosto-ja-musamimmit-ja-muusut\/\"> <span style=\"font-weight: 400;\">Menestyneet musamimmit ja tulevaisuuden tekij\u00e4t<\/span><\/a><span style=\"font-weight: 400;\">, jossa keskustellaan musiikintekij\u00e4n urapoluista, kannustuksesta ja esikuvista. Osallistujille tarjotaan my\u00f6s verkostoitumismahdollisuus.<\/span><\/p>\n<p><span style=\"font-weight: 400;\">&#8221;On hienoa, ett\u00e4 Music x Mediaan on onnistuttu houkuttelemaan vuosi vuodelta enemm\u00e4n itse musiikin tekij\u00f6it\u00e4. My\u00f6s Teosto on kutsunut omia tekij\u00e4asiakkaitaan paikalle oppimaan ja verkostoitumaan&#8221;, kommentoi Aura.<\/span><\/p>\n<p><span style=\"font-weight: 400;\">Tapahtumaohjelman lis\u00e4ksi Teosto tarjoaa tapahtumak\u00e4vij\u00f6ille j\u00e4lleen tutun Teosto Loungen, jossa vieraat voivat viiv\u00e4ht\u00e4\u00e4 ohjelmasis\u00e4lt\u00f6jen v\u00e4lill\u00e4. Lounge sopii erinomaisesti my\u00f6s pienten tapaamisten j\u00e4rjest\u00e4miseen, kohtaamispaikaksi sek\u00e4 verkostoitumiseen.<\/span><\/p>\n<p><span style=\"font-weight: 400;\">&#8221;N\u00e4emme, ett\u00e4 Music x Media on keskeinen tapahtuma, jossa tavoittaa kaikki alan ihmiset. Ennen kaikkea se on paikka vuorovaikutukselle, keskustelulle ja trendien haistelulle&#8221;, Vappu Aura jatkaa.<\/span><\/p>\n<p><span style=\"font-weight: 400;\">&#8221;Tervehdimme my\u00f6s ilolla kehityst\u00e4, jossa Music x Mediaan tuodaan vuosittain yh\u00e4 runsaammin alan kansainv\u00e4lisi\u00e4 puhujia ja vaikuttajia. My\u00f6s kehitys, jossa musiikki sulautuu yh\u00e4 enemm\u00e4n osaksi muuta sis\u00e4lt\u00f6- ja el\u00e4mysteollisuutta heijastaa t\u00e4m\u00e4nhetkist\u00e4 todellisuutta, ja on siksi tervetullutta.&#8221;<\/span><\/p>\n<p><span style=\"font-weight: 400;\">Music x Median operatiivinen johtaja<\/span><b> Petra Kyt\u00f6l\u00e4<\/b><span style=\"font-weight: 400;\"> iloitsee Teoston yhteysty\u00f6st\u00e4:<\/span><\/p>\n<p><span style=\"font-weight: 400;\">&#8221;Yhteisty\u00f6kumppaneiden mukana olo on Music x Medialle valtavan t\u00e4rke\u00e4\u00e4. Vaikka meill\u00e4 on laaja kulttuurialoja poikkileikkaava verkosto, emme pysty kaikkeen yksin. Yhteisty\u00f6n avulla voimme toteuttaa paitsi takuuvarmasti kiinnostavaa ohjelmaa asiantuntevien sis\u00e4ll\u00f6ntuottajien kanssa my\u00f6s koko tuotantokokonaisuutta yhteisty\u00f6ss\u00e4 alan kanssa. Teoston kanssa yhteisty\u00f6 on hieno kokonaisuus, ja on tarjonnut tapahtuma-asiakkaille kiinnostavaa uutta tietoa jo<\/span><span style=\"font-weight: 400;\"> yli kymmenen vuoden ajan<\/span><span style=\"font-weight: 400;\">.&#8221;<\/span><\/p>\n<p><span style=\"font-weight: 400;\">Yhteinen taival Teoston kanssa jatkuu:<\/span><\/p>\n<p><span style=\"font-weight: 400;\">&#8221;Kun Teosto muutaman vuoden p\u00e4\u00e4st\u00e4 t\u00e4ytt\u00e4\u00e4 sata vuotta, tulemme melko varmasti juhlimaan sit\u00e4 jollain tapaa my\u00f6s Music x Mediassa!&#8221; Vappu Aura suunnittelee.<\/span><\/p>\n<p>&nbsp;<\/p>\n<p>***<\/p>\n<p><em>Play your future \u2013 Creating better world through arts and culture<\/em><br \/>\n<em>#musicxmedia23 #playyourfuture<\/em><\/p>","protected":false},"excerpt":{"rendered":"<p>Music x Media tuo vuosittain p\u00f6yt\u00e4\u00e4n uusia ja kuumia puheenaiheita yhteisty\u00f6ss\u00e4 musiikki- ja luovien alojen kumppaneidensa kanssa. Yhteisty\u00f6tahot ovat mukana mahdollistamassa sen, ett\u00e4 tapahtumatarjonta pysyy monialaisena ja monipuolisena. Yksi tapahtuman pitk\u00e4aikainen kumppani on Teosto, joka tarjoaa tapahtumaan t\u00e4n\u00e4kin vuonna useita mielenkiintoisia ohjelmasis\u00e4lt\u00f6j\u00e4. &#8221;Olemme vuosien varrella rakentaneet keskusteluja niin metadatasta, striimaustuloista kuin teko\u00e4lyst\u00e4kin. My\u00f6s yhteiskunnalliset aiheet [&hellip;]<\/p>","protected":false},"author":11,"featured_media":6251,"comment_status":"closed","ping_status":"open","sticky":false,"template":"","format":"standard","meta":{"_acf_changed":false,"inline_featured_image":false,"footnotes":""},"categories":[756],"tags":[],"class_list":["post-6180","post","type-post","status-publish","format-standard","has-post-thumbnail","hentry","category-vain-suomeksi"],"acf":[],"yoast_head":"<!-- This site is optimized with the Yoast SEO plugin v25.7 - https:\/\/yoast.com\/wordpress\/plugins\/seo\/ -->\n<title>Music x Median ohjelmaa toteutetaan yhteisty\u00f6ss\u00e4 kumppanien kanssa \u2013 Teosto mukana t\u00e4n\u00e4kin vuonna! - Music x Media<\/title>\n<meta name=\"robots\" content=\"index, follow, max-snippet:-1, max-image-preview:large, max-video-preview:-1\" \/>\n<link rel=\"canonical\" href=\"https:\/\/musicmedia.fi\/en\/music-x-median-ohjelmaa-toteutetaan-yhteistyossa-kumppanien-kanssa-teosto-mukana-tanakin-vuonna\/\" \/>\n<meta property=\"og:locale\" content=\"en_GB\" \/>\n<meta property=\"og:type\" content=\"article\" \/>\n<meta property=\"og:title\" content=\"Music x Median ohjelmaa toteutetaan yhteisty\u00f6ss\u00e4 kumppanien kanssa \u2013 Teosto mukana t\u00e4n\u00e4kin vuonna! - Music x Media\" \/>\n<meta property=\"og:description\" content=\"Music x Media tuo vuosittain p\u00f6yt\u00e4\u00e4n uusia ja kuumia puheenaiheita yhteisty\u00f6ss\u00e4 musiikki- ja luovien alojen kumppaneidensa kanssa. Yhteisty\u00f6tahot ovat mukana mahdollistamassa sen, ett\u00e4 tapahtumatarjonta pysyy monialaisena ja monipuolisena. Yksi tapahtuman pitk\u00e4aikainen kumppani on Teosto, joka tarjoaa tapahtumaan t\u00e4n\u00e4kin vuonna useita mielenkiintoisia ohjelmasis\u00e4lt\u00f6j\u00e4. &#8221;Olemme vuosien varrella rakentaneet keskusteluja niin metadatasta, striimaustuloista kuin teko\u00e4lyst\u00e4kin. My\u00f6s yhteiskunnalliset aiheet [&hellip;]\" \/>\n<meta property=\"og:url\" content=\"https:\/\/musicmedia.fi\/en\/music-x-median-ohjelmaa-toteutetaan-yhteistyossa-kumppanien-kanssa-teosto-mukana-tanakin-vuonna\/\" \/>\n<meta property=\"og:site_name\" content=\"Music x Media\" \/>\n<meta property=\"article:published_time\" content=\"2023-09-28T07:22:36+00:00\" \/>\n<meta property=\"article:modified_time\" content=\"2024-11-04T09:03:03+00:00\" \/>\n<meta property=\"og:image\" content=\"https:\/\/musicmedia.fi\/wp-content\/uploads\/2023\/09\/MxM_2809_ke_MiikkaVarila_aula-39.jpg\" \/>\n\t<meta property=\"og:image:width\" content=\"2000\" \/>\n\t<meta property=\"og:image:height\" content=\"1334\" \/>\n\t<meta property=\"og:image:type\" content=\"image\/jpeg\" \/>\n<meta name=\"author\" content=\"info@musicmedia.fi\" \/>\n<meta name=\"twitter:card\" content=\"summary_large_image\" \/>\n<meta name=\"twitter:label1\" content=\"Written by\" \/>\n\t<meta name=\"twitter:data1\" content=\"info@musicmedia.fi\" \/>\n\t<meta name=\"twitter:label2\" content=\"Estimated reading time\" \/>\n\t<meta name=\"twitter:data2\" content=\"3 minutes\" \/>\n<script type=\"application\/ld+json\" class=\"yoast-schema-graph\">{\"@context\":\"https:\/\/schema.org\",\"@graph\":[{\"@type\":\"Article\",\"@id\":\"https:\/\/musicmedia.fi\/music-x-median-ohjelmaa-toteutetaan-yhteistyossa-kumppanien-kanssa-teosto-mukana-tanakin-vuonna\/#article\",\"isPartOf\":{\"@id\":\"https:\/\/musicmedia.fi\/music-x-median-ohjelmaa-toteutetaan-yhteistyossa-kumppanien-kanssa-teosto-mukana-tanakin-vuonna\/\"},\"author\":{\"name\":\"info@musicmedia.fi\",\"@id\":\"https:\/\/musicmedia.fi\/#\/schema\/person\/4d79763c56ccb5c8c01ae47497da967d\"},\"headline\":\"Music x Median ohjelmaa toteutetaan yhteisty\u00f6ss\u00e4 kumppanien kanssa \u2013 Teosto mukana t\u00e4n\u00e4kin vuonna!\",\"datePublished\":\"2023-09-28T07:22:36+00:00\",\"dateModified\":\"2024-11-04T09:03:03+00:00\",\"mainEntityOfPage\":{\"@id\":\"https:\/\/musicmedia.fi\/music-x-median-ohjelmaa-toteutetaan-yhteistyossa-kumppanien-kanssa-teosto-mukana-tanakin-vuonna\/\"},\"wordCount\":488,\"publisher\":{\"@id\":\"https:\/\/musicmedia.fi\/#organization\"},\"image\":{\"@id\":\"https:\/\/musicmedia.fi\/music-x-median-ohjelmaa-toteutetaan-yhteistyossa-kumppanien-kanssa-teosto-mukana-tanakin-vuonna\/#primaryimage\"},\"thumbnailUrl\":\"https:\/\/musicmedia.fi\/wp-content\/uploads\/2023\/09\/MxM_2809_ke_MiikkaVarila_aula-39.jpg\",\"articleSection\":[\"Vain suomeksi\"],\"inLanguage\":\"en-GB\"},{\"@type\":\"WebPage\",\"@id\":\"https:\/\/musicmedia.fi\/music-x-median-ohjelmaa-toteutetaan-yhteistyossa-kumppanien-kanssa-teosto-mukana-tanakin-vuonna\/\",\"url\":\"https:\/\/musicmedia.fi\/music-x-median-ohjelmaa-toteutetaan-yhteistyossa-kumppanien-kanssa-teosto-mukana-tanakin-vuonna\/\",\"name\":\"Music x Median ohjelmaa toteutetaan yhteisty\u00f6ss\u00e4 kumppanien kanssa \u2013 Teosto mukana t\u00e4n\u00e4kin vuonna! - Music x Media\",\"isPartOf\":{\"@id\":\"https:\/\/musicmedia.fi\/#website\"},\"primaryImageOfPage\":{\"@id\":\"https:\/\/musicmedia.fi\/music-x-median-ohjelmaa-toteutetaan-yhteistyossa-kumppanien-kanssa-teosto-mukana-tanakin-vuonna\/#primaryimage\"},\"image\":{\"@id\":\"https:\/\/musicmedia.fi\/music-x-median-ohjelmaa-toteutetaan-yhteistyossa-kumppanien-kanssa-teosto-mukana-tanakin-vuonna\/#primaryimage\"},\"thumbnailUrl\":\"https:\/\/musicmedia.fi\/wp-content\/uploads\/2023\/09\/MxM_2809_ke_MiikkaVarila_aula-39.jpg\",\"datePublished\":\"2023-09-28T07:22:36+00:00\",\"dateModified\":\"2024-11-04T09:03:03+00:00\",\"breadcrumb\":{\"@id\":\"https:\/\/musicmedia.fi\/music-x-median-ohjelmaa-toteutetaan-yhteistyossa-kumppanien-kanssa-teosto-mukana-tanakin-vuonna\/#breadcrumb\"},\"inLanguage\":\"en-GB\",\"potentialAction\":[{\"@type\":\"ReadAction\",\"target\":[\"https:\/\/musicmedia.fi\/music-x-median-ohjelmaa-toteutetaan-yhteistyossa-kumppanien-kanssa-teosto-mukana-tanakin-vuonna\/\"]}]},{\"@type\":\"ImageObject\",\"inLanguage\":\"en-GB\",\"@id\":\"https:\/\/musicmedia.fi\/music-x-median-ohjelmaa-toteutetaan-yhteistyossa-kumppanien-kanssa-teosto-mukana-tanakin-vuonna\/#primaryimage\",\"url\":\"https:\/\/musicmedia.fi\/wp-content\/uploads\/2023\/09\/MxM_2809_ke_MiikkaVarila_aula-39.jpg\",\"contentUrl\":\"https:\/\/musicmedia.fi\/wp-content\/uploads\/2023\/09\/MxM_2809_ke_MiikkaVarila_aula-39.jpg\",\"width\":2000,\"height\":1334},{\"@type\":\"BreadcrumbList\",\"@id\":\"https:\/\/musicmedia.fi\/music-x-median-ohjelmaa-toteutetaan-yhteistyossa-kumppanien-kanssa-teosto-mukana-tanakin-vuonna\/#breadcrumb\",\"itemListElement\":[{\"@type\":\"ListItem\",\"position\":1,\"name\":\"Home\",\"item\":\"https:\/\/musicmedia.fi\/\"},{\"@type\":\"ListItem\",\"position\":2,\"name\":\"Music x Median ohjelmaa toteutetaan yhteisty\u00f6ss\u00e4 kumppanien kanssa \u2013 Teosto mukana t\u00e4n\u00e4kin vuonna!\"}]},{\"@type\":\"WebSite\",\"@id\":\"https:\/\/musicmedia.fi\/#website\",\"url\":\"https:\/\/musicmedia.fi\/\",\"name\":\"Music x Media\",\"description\":\"Musiikki-, viihde- ja tapahtuma-alojen kohtaamispaikka\",\"publisher\":{\"@id\":\"https:\/\/musicmedia.fi\/#organization\"},\"potentialAction\":[{\"@type\":\"SearchAction\",\"target\":{\"@type\":\"EntryPoint\",\"urlTemplate\":\"https:\/\/musicmedia.fi\/?s={search_term_string}\"},\"query-input\":{\"@type\":\"PropertyValueSpecification\",\"valueRequired\":true,\"valueName\":\"search_term_string\"}}],\"inLanguage\":\"en-GB\"},{\"@type\":\"Organization\",\"@id\":\"https:\/\/musicmedia.fi\/#organization\",\"name\":\"Music x Media\",\"url\":\"https:\/\/musicmedia.fi\/\",\"logo\":{\"@type\":\"ImageObject\",\"inLanguage\":\"en-GB\",\"@id\":\"https:\/\/musicmedia.fi\/#\/schema\/logo\/image\/\",\"url\":\"https:\/\/musicmedia.fi\/wp-content\/uploads\/2022\/05\/logo.png\",\"contentUrl\":\"https:\/\/musicmedia.fi\/wp-content\/uploads\/2022\/05\/logo.png\",\"width\":276,\"height\":147,\"caption\":\"Music x Media\"},\"image\":{\"@id\":\"https:\/\/musicmedia.fi\/#\/schema\/logo\/image\/\"}},{\"@type\":\"Person\",\"@id\":\"https:\/\/musicmedia.fi\/#\/schema\/person\/4d79763c56ccb5c8c01ae47497da967d\",\"name\":\"info@musicmedia.fi\",\"url\":\"https:\/\/musicmedia.fi\/en\/author\/infomusicmedia-fi\/\"}]}<\/script>\n<!-- \/ Yoast SEO plugin. -->","yoast_head_json":{"title":"Music x Median ohjelmaa toteutetaan yhteisty\u00f6ss\u00e4 kumppanien kanssa \u2013 Teosto mukana t\u00e4n\u00e4kin vuonna! - Music x Media","robots":{"index":"index","follow":"follow","max-snippet":"max-snippet:-1","max-image-preview":"max-image-preview:large","max-video-preview":"max-video-preview:-1"},"canonical":"https:\/\/musicmedia.fi\/en\/music-x-median-ohjelmaa-toteutetaan-yhteistyossa-kumppanien-kanssa-teosto-mukana-tanakin-vuonna\/","og_locale":"en_GB","og_type":"article","og_title":"Music x Median ohjelmaa toteutetaan yhteisty\u00f6ss\u00e4 kumppanien kanssa \u2013 Teosto mukana t\u00e4n\u00e4kin vuonna! - Music x Media","og_description":"Music x Media tuo vuosittain p\u00f6yt\u00e4\u00e4n uusia ja kuumia puheenaiheita yhteisty\u00f6ss\u00e4 musiikki- ja luovien alojen kumppaneidensa kanssa. Yhteisty\u00f6tahot ovat mukana mahdollistamassa sen, ett\u00e4 tapahtumatarjonta pysyy monialaisena ja monipuolisena. Yksi tapahtuman pitk\u00e4aikainen kumppani on Teosto, joka tarjoaa tapahtumaan t\u00e4n\u00e4kin vuonna useita mielenkiintoisia ohjelmasis\u00e4lt\u00f6j\u00e4. &#8221;Olemme vuosien varrella rakentaneet keskusteluja niin metadatasta, striimaustuloista kuin teko\u00e4lyst\u00e4kin. My\u00f6s yhteiskunnalliset aiheet [&hellip;]","og_url":"https:\/\/musicmedia.fi\/en\/music-x-median-ohjelmaa-toteutetaan-yhteistyossa-kumppanien-kanssa-teosto-mukana-tanakin-vuonna\/","og_site_name":"Music x Media","article_published_time":"2023-09-28T07:22:36+00:00","article_modified_time":"2024-11-04T09:03:03+00:00","og_image":[{"width":2000,"height":1334,"url":"https:\/\/musicmedia.fi\/wp-content\/uploads\/2023\/09\/MxM_2809_ke_MiikkaVarila_aula-39.jpg","type":"image\/jpeg"}],"author":"info@musicmedia.fi","twitter_card":"summary_large_image","twitter_misc":{"Written by":"info@musicmedia.fi","Estimated reading time":"3 minutes"},"schema":{"@context":"https:\/\/schema.org","@graph":[{"@type":"Article","@id":"https:\/\/musicmedia.fi\/music-x-median-ohjelmaa-toteutetaan-yhteistyossa-kumppanien-kanssa-teosto-mukana-tanakin-vuonna\/#article","isPartOf":{"@id":"https:\/\/musicmedia.fi\/music-x-median-ohjelmaa-toteutetaan-yhteistyossa-kumppanien-kanssa-teosto-mukana-tanakin-vuonna\/"},"author":{"name":"info@musicmedia.fi","@id":"https:\/\/musicmedia.fi\/#\/schema\/person\/4d79763c56ccb5c8c01ae47497da967d"},"headline":"Music x Median ohjelmaa toteutetaan yhteisty\u00f6ss\u00e4 kumppanien kanssa \u2013 Teosto mukana t\u00e4n\u00e4kin vuonna!","datePublished":"2023-09-28T07:22:36+00:00","dateModified":"2024-11-04T09:03:03+00:00","mainEntityOfPage":{"@id":"https:\/\/musicmedia.fi\/music-x-median-ohjelmaa-toteutetaan-yhteistyossa-kumppanien-kanssa-teosto-mukana-tanakin-vuonna\/"},"wordCount":488,"publisher":{"@id":"https:\/\/musicmedia.fi\/#organization"},"image":{"@id":"https:\/\/musicmedia.fi\/music-x-median-ohjelmaa-toteutetaan-yhteistyossa-kumppanien-kanssa-teosto-mukana-tanakin-vuonna\/#primaryimage"},"thumbnailUrl":"https:\/\/musicmedia.fi\/wp-content\/uploads\/2023\/09\/MxM_2809_ke_MiikkaVarila_aula-39.jpg","articleSection":["Vain suomeksi"],"inLanguage":"en-GB"},{"@type":"WebPage","@id":"https:\/\/musicmedia.fi\/music-x-median-ohjelmaa-toteutetaan-yhteistyossa-kumppanien-kanssa-teosto-mukana-tanakin-vuonna\/","url":"https:\/\/musicmedia.fi\/music-x-median-ohjelmaa-toteutetaan-yhteistyossa-kumppanien-kanssa-teosto-mukana-tanakin-vuonna\/","name":"Music x Median ohjelmaa toteutetaan yhteisty\u00f6ss\u00e4 kumppanien kanssa \u2013 Teosto mukana t\u00e4n\u00e4kin vuonna! - Music x Media","isPartOf":{"@id":"https:\/\/musicmedia.fi\/#website"},"primaryImageOfPage":{"@id":"https:\/\/musicmedia.fi\/music-x-median-ohjelmaa-toteutetaan-yhteistyossa-kumppanien-kanssa-teosto-mukana-tanakin-vuonna\/#primaryimage"},"image":{"@id":"https:\/\/musicmedia.fi\/music-x-median-ohjelmaa-toteutetaan-yhteistyossa-kumppanien-kanssa-teosto-mukana-tanakin-vuonna\/#primaryimage"},"thumbnailUrl":"https:\/\/musicmedia.fi\/wp-content\/uploads\/2023\/09\/MxM_2809_ke_MiikkaVarila_aula-39.jpg","datePublished":"2023-09-28T07:22:36+00:00","dateModified":"2024-11-04T09:03:03+00:00","breadcrumb":{"@id":"https:\/\/musicmedia.fi\/music-x-median-ohjelmaa-toteutetaan-yhteistyossa-kumppanien-kanssa-teosto-mukana-tanakin-vuonna\/#breadcrumb"},"inLanguage":"en-GB","potentialAction":[{"@type":"ReadAction","target":["https:\/\/musicmedia.fi\/music-x-median-ohjelmaa-toteutetaan-yhteistyossa-kumppanien-kanssa-teosto-mukana-tanakin-vuonna\/"]}]},{"@type":"ImageObject","inLanguage":"en-GB","@id":"https:\/\/musicmedia.fi\/music-x-median-ohjelmaa-toteutetaan-yhteistyossa-kumppanien-kanssa-teosto-mukana-tanakin-vuonna\/#primaryimage","url":"https:\/\/musicmedia.fi\/wp-content\/uploads\/2023\/09\/MxM_2809_ke_MiikkaVarila_aula-39.jpg","contentUrl":"https:\/\/musicmedia.fi\/wp-content\/uploads\/2023\/09\/MxM_2809_ke_MiikkaVarila_aula-39.jpg","width":2000,"height":1334},{"@type":"BreadcrumbList","@id":"https:\/\/musicmedia.fi\/music-x-median-ohjelmaa-toteutetaan-yhteistyossa-kumppanien-kanssa-teosto-mukana-tanakin-vuonna\/#breadcrumb","itemListElement":[{"@type":"ListItem","position":1,"name":"Home","item":"https:\/\/musicmedia.fi\/"},{"@type":"ListItem","position":2,"name":"Music x Median ohjelmaa toteutetaan yhteisty\u00f6ss\u00e4 kumppanien kanssa \u2013 Teosto mukana t\u00e4n\u00e4kin vuonna!"}]},{"@type":"WebSite","@id":"https:\/\/musicmedia.fi\/#website","url":"https:\/\/musicmedia.fi\/","name":"Music x Media","description":"Bridging the worlds of Music, Entertainment, and Event Industries","publisher":{"@id":"https:\/\/musicmedia.fi\/#organization"},"potentialAction":[{"@type":"SearchAction","target":{"@type":"EntryPoint","urlTemplate":"https:\/\/musicmedia.fi\/?s={search_term_string}"},"query-input":{"@type":"PropertyValueSpecification","valueRequired":true,"valueName":"search_term_string"}}],"inLanguage":"en-GB"},{"@type":"Organization","@id":"https:\/\/musicmedia.fi\/#organization","name":"Music x Media","url":"https:\/\/musicmedia.fi\/","logo":{"@type":"ImageObject","inLanguage":"en-GB","@id":"https:\/\/musicmedia.fi\/#\/schema\/logo\/image\/","url":"https:\/\/musicmedia.fi\/wp-content\/uploads\/2022\/05\/logo.png","contentUrl":"https:\/\/musicmedia.fi\/wp-content\/uploads\/2022\/05\/logo.png","width":276,"height":147,"caption":"Music x Media"},"image":{"@id":"https:\/\/musicmedia.fi\/#\/schema\/logo\/image\/"}},{"@type":"Person","@id":"https:\/\/musicmedia.fi\/#\/schema\/person\/4d79763c56ccb5c8c01ae47497da967d","name":"info@musicmedia.fi","url":"https:\/\/musicmedia.fi\/en\/author\/infomusicmedia-fi\/"}]}},"_links":{"self":[{"href":"https:\/\/musicmedia.fi\/en\/wp-json\/wp\/v2\/posts\/6180","targetHints":{"allow":["GET"]}}],"collection":[{"href":"https:\/\/musicmedia.fi\/en\/wp-json\/wp\/v2\/posts"}],"about":[{"href":"https:\/\/musicmedia.fi\/en\/wp-json\/wp\/v2\/types\/post"}],"author":[{"embeddable":true,"href":"https:\/\/musicmedia.fi\/en\/wp-json\/wp\/v2\/users\/11"}],"replies":[{"embeddable":true,"href":"https:\/\/musicmedia.fi\/en\/wp-json\/wp\/v2\/comments?post=6180"}],"version-history":[{"count":0,"href":"https:\/\/musicmedia.fi\/en\/wp-json\/wp\/v2\/posts\/6180\/revisions"}],"wp:featuredmedia":[{"embeddable":true,"href":"https:\/\/musicmedia.fi\/en\/wp-json\/wp\/v2\/media\/6251"}],"wp:attachment":[{"href":"https:\/\/musicmedia.fi\/en\/wp-json\/wp\/v2\/media?parent=6180"}],"wp:term":[{"taxonomy":"category","embeddable":true,"href":"https:\/\/musicmedia.fi\/en\/wp-json\/wp\/v2\/categories?post=6180"},{"taxonomy":"post_tag","embeddable":true,"href":"https:\/\/musicmedia.fi\/en\/wp-json\/wp\/v2\/tags?post=6180"}],"curies":[{"name":"wp","href":"https:\/\/api.w.org\/{rel}","templated":true}]}}