{"id":5499,"date":"2023-08-31T11:53:40","date_gmt":"2023-08-31T08:53:40","guid":{"rendered":"https:\/\/musicmedia.fi\/?p=5499"},"modified":"2024-11-04T11:03:05","modified_gmt":"2024-11-04T09:03:05","slug":"industry-awards-gaalan-palkintoehdokkaat-on-julkistettu","status":"publish","type":"post","link":"https:\/\/musicmedia.fi\/en\/industry-awards-gaalan-palkintoehdokkaat-on-julkistettu\/","title":{"rendered":"Industry Awards -gaalan palkintoehdokkaat on julkistettu!"},"content":{"rendered":"<div data-elementor-type=\"wp-post\" data-elementor-id=\"5499\" class=\"elementor elementor-5499\">\n\t\t\t\t\t\t<section class=\"elementor-section elementor-top-section elementor-element elementor-element-4a604402 elementor-section-boxed elementor-section-height-default elementor-section-height-default\" data-id=\"4a604402\" data-element_type=\"section\">\n\t\t\t\t\t\t<div class=\"elementor-container elementor-column-gap-default\">\n\t\t\t\t\t<div class=\"elementor-column elementor-col-100 elementor-top-column elementor-element elementor-element-22ae0d52\" data-id=\"22ae0d52\" data-element_type=\"column\">\n\t\t\t<div class=\"elementor-widget-wrap elementor-element-populated\">\n\t\t\t\t\t\t<div class=\"elementor-element elementor-element-1a9d2628 elementor-widget elementor-widget-text-editor\" data-id=\"1a9d2628\" data-element_type=\"widget\" data-widget_type=\"text-editor.default\">\n\t\t\t\t<div class=\"elementor-widget-container\">\n\t\t\t\t\t\t\t\t\t<div><h1>\u00a0<\/h1><\/div><div><div><p class=\"x_size-18\" lang=\"x-size-18\"><strong>Musiikkialan kovimpia tekij\u00f6it\u00e4 palkitaan j\u00e4lleen Industry Awards -palkinnoilla perjantaina 6.10.2023 Industry Awards -gaalassa Tampere-talossa osana Music x Mediaa.<\/strong><\/p><p class=\"x_size-15\" lang=\"x-size-15\">Industry Awards -gaalassa summataan kuluneen kauden onnistumisia ja annetaan kunniamaininta niille, joille se kuuluu: vuoden aikana ammattitaidollaan, ratkaisuillaan, johtajuudellaan, eduksi erottuvalla k\u00e4yt\u00f6ksell\u00e4\u00e4n ja saavutuksillaan vakuuttaneille musiikkialan ammattilaisille.\u00a0Industry Awards -palkinto on arvostettu kiitos omalta yhteis\u00f6lt\u00e4, Suomen musiikkialan ammattilaisilta.<\/p><p class=\"x_size-15\" lang=\"x-size-15\">Hanki liput,\u00a0rekister\u00f6idy tapahtumaan ja \u00e4\u00e4nest\u00e4 voittajasuosikkiasi!<\/p><\/div><\/div><div><div class=\"x_btn x_btn--flat x_fullwidth x_btn--large\"><a href=\"https:\/\/musicxmedia.cmail20.com\/t\/d-i-vtrjyjd-l-j\/\" target=\"_blank\" rel=\"noopener noreferrer\" data-auth=\"NotApplicable\" data-linkindex=\"3\">Hanki lippusi tapahtumaan t\u00e4\u00e4lt\u00e4!<\/a><\/div><\/div><div><div class=\"x_btn x_btn--flat x_fullwidth x_btn--large\"><a href=\"https:\/\/musicxmedia.cmail20.com\/t\/d-i-vtrjyjd-l-t\/\" target=\"_blank\" rel=\"noopener noreferrer\" data-auth=\"NotApplicable\" data-linkindex=\"4\">Katso kaikki ehdokkaat t\u00e4\u00e4lt\u00e4!<\/a><\/div><\/div><div>\u00a0<\/div><h4>\u00c4\u00e4nestysohjeet<\/h4><div><div><p class=\"x_size-15\" lang=\"x-size-15\">Kiitos kaikille yleis\u00f6kyselyyn vastanneille ehdotuksista palkinnonsaajiksi! Ehdotusten pohjalta ja raatity\u00f6n tuloksena on nyt julkaistu 23 kategoriaa ehdokkaineen.<\/p><p class=\"x_size-15\" lang=\"x-size-15\">Kaikki rekister\u00f6ityneet tapahtumaosallistujat voivat \u00e4\u00e4nest\u00e4\u00e4 Industry Awards -voittajia. Voittajien asettaminen m\u00e4\u00e4r\u00e4ytyy yleis\u00f6\u00e4\u00e4nten ja raatity\u00f6n perusteella: yleis\u00f6\u00e4\u00e4net vaikuttavat tuloksiin 30% ja raadin \u00e4\u00e4net 70% Live-, Label- ja Media-kategorioissa; Yleinen-kategoriassa yleis\u00f6\u00e4\u00e4net vaikuttavat tuloksiin 70% ja raadin \u00e4\u00e4net 30%.<\/p><p class=\"x_size-15\" lang=\"x-size-15\">\u00c4\u00e4nestyslinkki l\u00e4hetet\u00e4\u00e4n tapahtumaan rekister\u00f6ityneille erikseen, ja \u00e4\u00e4nest\u00e4\u00e4 voi vain kerran. Uusille rekister\u00f6ityneille linkki \u00e4\u00e4nestykseen l\u00e4hetet\u00e4\u00e4n n. kahden arkip\u00e4iv\u00e4n v\u00e4lein.<\/p><p class=\"x_size-15 translation-block\" lang=\"x-size-15\">Voting will close on 20.9.2023 at 20:00. Those who register by 12 noon on the same day will still have time to vote for the winners.<\/p><p lang=\"x-size-15\">\u00a0<\/p><\/div><h4 lang=\"x-size-15\">Ehdokkaat, palkintokategoriat &amp; raati<\/h4><p>Alla on listattuna palkintokategoriat.\u00a0Tutustu ehdokkaisiin perusteluineen <a href=\"https:\/\/musicxmedia.cmail20.com\/t\/d-i-vtrjyjd-l-i\/\" target=\"_blank\" rel=\"noopener noreferrer\" data-auth=\"NotApplicable\" data-linkindex=\"5\">here<\/a>\u00a0ja\u00a0raateihin <a href=\"https:\/\/musicxmedia.cmail20.com\/t\/d-i-vtrjyjd-l-d\/\" target=\"_blank\" rel=\"noopener noreferrer\" data-auth=\"NotApplicable\" data-linkindex=\"6\">here<\/a>.<\/p><div><div class=\"elementor-element elementor-element-8b8f665 e-con-full e-flex e-con\" data-id=\"8b8f665\" data-element_type=\"container\" data-settings=\"{&quot;content_width&quot;:&quot;full&quot;,&quot;background_background&quot;:&quot;classic&quot;}\"><div class=\"elementor-element elementor-element-aef470e e-flex e-con-boxed e-con\" data-id=\"aef470e\" data-element_type=\"container\" data-settings=\"{&quot;content_width&quot;:&quot;boxed&quot;}\"><div class=\"e-con-inner\"><div class=\"elementor-element elementor-element-2fcfc21 e-flex e-con-boxed e-con\" data-id=\"2fcfc21\" data-element_type=\"container\" data-settings=\"{&quot;content_width&quot;:&quot;boxed&quot;}\"><div class=\"e-con-inner\"><div class=\"elementor-element elementor-element-1f67cb3 e-con-full e-flex e-con\" data-id=\"1f67cb3\" data-element_type=\"container\" data-settings=\"{&quot;content_width&quot;:&quot;full&quot;,&quot;background_background&quot;:&quot;classic&quot;}\"><div class=\"elementor-element elementor-element-c83d49f e-con-full e-flex e-con\" data-id=\"c83d49f\" data-element_type=\"container\" data-settings=\"{&quot;content_width&quot;:&quot;full&quot;}\"><div class=\"elementor-element elementor-element-52b9750 elementor-widget elementor-widget-heading\" data-id=\"52b9750\" data-element_type=\"widget\" data-widget_type=\"heading.default\"><div class=\"elementor-widget-container\"><h2 class=\"elementor-heading-title elementor-size-default\"><a href=\"#live\" target=\"_blank\" rel=\"noopener\">LIVE<\/a><\/h2><\/div><\/div><\/div><\/div><\/div><\/div><\/div><\/div><div class=\"elementor-element elementor-element-fa67f0c elementor-widget-tablet__width-initial elementor-widget elementor-widget-text-editor\" data-id=\"fa67f0c\" data-element_type=\"widget\" data-widget_type=\"text-editor.default\"><div class=\"elementor-widget-container\"><h6>1. <a href=\"#vuodentapahtumatiimi\">Event team of the year<\/a>\u00a0<br \/>2. <a href=\"#vuodentapahtumantekija\">Event maker of the year<\/a><br \/>3. <a href=\"#vuodenpromoottori\">Promoter or artistic director of the year<\/a><br \/>4. <a href=\"#vuodenagentuuri\">Agency of the year<\/a><br \/>5. <a href=\"#vuodentapahtumapaikka\">Venue of the year<\/a><br \/>6. <a href=\"#vuodentapahtuma\">Event of the year\u00a0<\/a><br \/>7. <a href=\"#vuodenfestivaali\">Festival of the year<\/a><\/h6><p>\u00a0<\/p><\/div><\/div><\/div><div class=\"elementor-element elementor-element-8d52544 e-con-full e-flex e-con\" data-id=\"8d52544\" data-element_type=\"container\" data-settings=\"{&quot;content_width&quot;:&quot;full&quot;,&quot;background_background&quot;:&quot;classic&quot;}\"><div class=\"elementor-element elementor-element-9c2c1dd e-flex e-con-boxed e-con\" data-id=\"9c2c1dd\" data-element_type=\"container\" data-settings=\"{&quot;content_width&quot;:&quot;boxed&quot;}\"><div class=\"e-con-inner\"><div class=\"elementor-element elementor-element-7463c4c e-flex e-con-boxed e-con\" data-id=\"7463c4c\" data-element_type=\"container\" data-settings=\"{&quot;content_width&quot;:&quot;boxed&quot;}\"><div class=\"e-con-inner\"><div class=\"elementor-element elementor-element-7a64db2 e-con-full e-flex e-con\" data-id=\"7a64db2\" data-element_type=\"container\" data-settings=\"{&quot;content_width&quot;:&quot;full&quot;,&quot;background_background&quot;:&quot;classic&quot;}\"><div class=\"elementor-element elementor-element-4c3e0c8 e-con-full e-flex e-con\" data-id=\"4c3e0c8\" data-element_type=\"container\" data-settings=\"{&quot;content_width&quot;:&quot;full&quot;}\"><div class=\"elementor-element elementor-element-425748e elementor-widget elementor-widget-heading\" data-id=\"425748e\" data-element_type=\"widget\" data-widget_type=\"heading.default\"><div class=\"elementor-widget-container\"><h2 class=\"elementor-heading-title elementor-size-default\"><a href=\"#label\" target=\"_blank\" rel=\"noopener\">LABEL<\/a><\/h2><\/div><\/div><\/div><\/div><\/div><\/div><\/div><\/div><div class=\"elementor-element elementor-element-2fc2e84 elementor-widget elementor-widget-text-editor\" data-id=\"2fc2e84\" data-element_type=\"widget\" data-widget_type=\"text-editor.default\"><div class=\"elementor-widget-container\"><h6>1. <a href=\"#vuodenmajor\">Major label of the year<\/a><br \/>2. <a href=\"#vuodenindie\">Indie label of the year<\/a><br \/>3. <a href=\"#vuodenmusiikkikustantaja\">Music publisher of the year<\/a><br \/>4. <a href=\"#vuodenar\">A&amp;R person of the year<\/a>\u00a0<br \/>5. <a href=\"#vuodenmanageri\">Manager of the year<\/a><\/h6><\/div><\/div><\/div><div class=\"elementor-element elementor-element-2ccf3e8 e-con-full e-flex e-con\" data-id=\"2ccf3e8\" data-element_type=\"container\" data-settings=\"{&quot;content_width&quot;:&quot;full&quot;,&quot;background_background&quot;:&quot;classic&quot;}\"><div class=\"elementor-element elementor-element-3b92207 e-flex e-con-boxed e-con\" data-id=\"3b92207\" data-element_type=\"container\" data-settings=\"{&quot;content_width&quot;:&quot;boxed&quot;}\"><div class=\"e-con-inner\"><div class=\"elementor-element elementor-element-2fccda7 e-flex e-con-boxed e-con\" data-id=\"2fccda7\" data-element_type=\"container\" data-settings=\"{&quot;content_width&quot;:&quot;boxed&quot;}\"><div class=\"e-con-inner\"><div class=\"elementor-element elementor-element-3c0c9a5 e-con-full e-flex e-con\" data-id=\"3c0c9a5\" data-element_type=\"container\" data-settings=\"{&quot;content_width&quot;:&quot;full&quot;,&quot;background_background&quot;:&quot;classic&quot;}\"><div class=\"elementor-element elementor-element-2ef14c7 e-con-full e-flex e-con\" data-id=\"2ef14c7\" data-element_type=\"container\" data-settings=\"{&quot;content_width&quot;:&quot;full&quot;}\"><div class=\"elementor-element elementor-element-684d8ef elementor-widget elementor-widget-heading\" data-id=\"684d8ef\" data-element_type=\"widget\" data-widget_type=\"heading.default\"><div class=\"elementor-widget-container\"><h2 class=\"elementor-heading-title elementor-size-default\"><a href=\"#media\" target=\"_blank\" rel=\"noopener\">MEDIA<\/a><\/h2><\/div><\/div><\/div><\/div><\/div><\/div><\/div><\/div><div class=\"elementor-element elementor-element-2f6436d elementor-widget-tablet__width-initial elementor-widget elementor-widget-text-editor\" data-id=\"2f6436d\" data-element_type=\"widget\" data-widget_type=\"text-editor.default\"><div class=\"elementor-widget-container\"><h6>1. <a href=\"#vuodenmediailmio\">Media phenomenon of the year<\/a><br \/>2. <a href=\"#vuodenmediavaikuttaja\">Media influencer of the year<\/a><br \/>3. <a href=\"#vuodenmedia\">Media of the year<\/a><br \/>4. <a href=\"#vuodenradioammattilainen\">Radio professional of the year<\/a><br \/>5. <a href=\"#yhteistyo\">Brand Production or Collaboration of the Year (in partnership with SPOT)<\/a><\/h6><\/div><\/div><\/div><div class=\"elementor-element elementor-element-975975a e-con-full e-flex e-con\" data-id=\"975975a\" data-element_type=\"container\" data-settings=\"{&quot;content_width&quot;:&quot;full&quot;,&quot;background_background&quot;:&quot;classic&quot;}\"><div class=\"elementor-element elementor-element-c7fcdaf e-flex e-con-boxed e-con\" data-id=\"c7fcdaf\" data-element_type=\"container\" data-settings=\"{&quot;content_width&quot;:&quot;boxed&quot;}\"><div class=\"e-con-inner\"><div class=\"elementor-element elementor-element-3dfa38d e-con-full e-flex e-con\" data-id=\"3dfa38d\" data-element_type=\"container\" data-settings=\"{&quot;content_width&quot;:&quot;full&quot;,&quot;background_background&quot;:&quot;classic&quot;}\"><div class=\"elementor-element elementor-element-ea23a82 e-con-full e-flex e-con\" data-id=\"ea23a82\" data-element_type=\"container\" data-settings=\"{&quot;content_width&quot;:&quot;full&quot;}\"><div class=\"elementor-element elementor-element-2443cde elementor-widget elementor-widget-heading\" data-id=\"2443cde\" data-element_type=\"widget\" data-widget_type=\"heading.default\"><div class=\"elementor-widget-container\"><h2 class=\"elementor-heading-title elementor-size-default\"><a href=\"#yleinen\" target=\"_blank\" rel=\"noopener\">GENERAL<\/a><\/h2><\/div><\/div><\/div><\/div><\/div><\/div><div class=\"elementor-element elementor-element-e6f02ab elementor-widget elementor-widget-text-editor\" data-id=\"e6f02ab\" data-element_type=\"widget\" data-widget_type=\"text-editor.default\"><div class=\"elementor-widget-container\"><h6>1. <a href=\"#vuodentukipilari\">Cornerstone of the year<\/a><br \/>2. <a href=\"#tulevaisuudensuunnannayttaja\">Future visionary of the year<\/a> <br \/>3. <a href=\"#viestintajamarkkinointi\">Communication and marketing person of the year<\/a><br \/>4. <a href=\"#vuodenjarjestovaikuttaja\">Organizational influencer of the year<\/a><br \/>5. <a href=\"#vuodenpalveluntarjoaja\">Service provider of the year<\/a><br \/>6. <a href=\"#vuodenpomo\">Boss of the year<\/a><\/h6><\/div><\/div><\/div><p class=\"x_size-15\" lang=\"x-size-15\">\u00a0<\/p><\/div><\/div><div><div class=\"x_btn x_btn--flat x_fullwidth x_btn--large\">\u00a0<\/div><\/div>\t\t\t\t\t\t\t\t<\/div>\n\t\t\t\t<\/div>\n\t\t\t\t\t<\/div>\n\t\t<\/div>\n\t\t\t\t\t<\/div>\n\t\t<\/section>\n\t\t\t\t<\/div>","protected":false},"excerpt":{"rendered":"<p>Musiikkialan kovimpia tekij\u00f6it\u00e4 palkitaan j\u00e4lleen Industry Awards -palkinnoilla perjantaina 6.10.2023 Industry Awards -gaalassa Tampere-talossa osana Music x Mediaa. Industry Awards -gaalassa summataan kuluneen kauden onnistumisia ja annetaan kunniamaininta niille, joille se kuuluu: vuoden aikana ammattitaidollaan, ratkaisuillaan, johtajuudellaan, eduksi erottuvalla k\u00e4yt\u00f6ksell\u00e4\u00e4n ja saavutuksillaan vakuuttaneille musiikkialan ammattilaisille.\u00a0Industry Awards -palkinto on arvostettu kiitos omalta yhteis\u00f6lt\u00e4, Suomen musiikkialan ammattilaisilta. [&hellip;]<\/p>","protected":false},"author":11,"featured_media":3988,"comment_status":"closed","ping_status":"open","sticky":false,"template":"","format":"standard","meta":{"_acf_changed":false,"inline_featured_image":false,"footnotes":""},"categories":[756],"tags":[],"class_list":["post-5499","post","type-post","status-publish","format-standard","has-post-thumbnail","hentry","category-vain-suomeksi"],"acf":[],"yoast_head":"<!-- This site is optimized with the Yoast SEO plugin v25.7 - https:\/\/yoast.com\/wordpress\/plugins\/seo\/ -->\n<title>Industry Awards -gaalan palkintoehdokkaat on julkistettu! - Music x Media<\/title>\n<meta name=\"robots\" content=\"index, follow, max-snippet:-1, max-image-preview:large, max-video-preview:-1\" \/>\n<link rel=\"canonical\" href=\"https:\/\/musicmedia.fi\/en\/industry-awards-gaalan-palkintoehdokkaat-on-julkistettu\/\" \/>\n<meta property=\"og:locale\" content=\"en_GB\" \/>\n<meta property=\"og:type\" content=\"article\" \/>\n<meta property=\"og:title\" content=\"Industry Awards -gaalan palkintoehdokkaat on julkistettu! - Music x Media\" \/>\n<meta property=\"og:description\" content=\"Musiikkialan kovimpia tekij\u00f6it\u00e4 palkitaan j\u00e4lleen Industry Awards -palkinnoilla perjantaina 6.10.2023 Industry Awards -gaalassa Tampere-talossa osana Music x Mediaa. Industry Awards -gaalassa summataan kuluneen kauden onnistumisia ja annetaan kunniamaininta niille, joille se kuuluu: vuoden aikana ammattitaidollaan, ratkaisuillaan, johtajuudellaan, eduksi erottuvalla k\u00e4yt\u00f6ksell\u00e4\u00e4n ja saavutuksillaan vakuuttaneille musiikkialan ammattilaisille.\u00a0Industry Awards -palkinto on arvostettu kiitos omalta yhteis\u00f6lt\u00e4, Suomen musiikkialan ammattilaisilta. [&hellip;]\" \/>\n<meta property=\"og:url\" content=\"https:\/\/musicmedia.fi\/en\/industry-awards-gaalan-palkintoehdokkaat-on-julkistettu\/\" \/>\n<meta property=\"og:site_name\" content=\"Music x Media\" \/>\n<meta property=\"article:published_time\" content=\"2023-08-31T08:53:40+00:00\" \/>\n<meta property=\"article:modified_time\" content=\"2024-11-04T09:03:05+00:00\" \/>\n<meta property=\"og:image\" content=\"https:\/\/musicmedia.fi\/wp-content\/uploads\/2023\/05\/IA_awards_Miikka_Varila-e1683716276422.jpg\" \/>\n\t<meta property=\"og:image:width\" content=\"1200\" \/>\n\t<meta property=\"og:image:height\" content=\"800\" \/>\n\t<meta property=\"og:image:type\" content=\"image\/jpeg\" \/>\n<meta name=\"author\" content=\"info@musicmedia.fi\" \/>\n<meta name=\"twitter:card\" content=\"summary_large_image\" \/>\n<meta name=\"twitter:label1\" content=\"Written by\" \/>\n\t<meta name=\"twitter:data1\" content=\"info@musicmedia.fi\" \/>\n\t<meta name=\"twitter:label2\" content=\"Estimated reading time\" \/>\n\t<meta name=\"twitter:data2\" content=\"2 minutes\" \/>\n<script type=\"application\/ld+json\" class=\"yoast-schema-graph\">{\"@context\":\"https:\/\/schema.org\",\"@graph\":[{\"@type\":\"Article\",\"@id\":\"https:\/\/musicmedia.fi\/industry-awards-gaalan-palkintoehdokkaat-on-julkistettu\/#article\",\"isPartOf\":{\"@id\":\"https:\/\/musicmedia.fi\/industry-awards-gaalan-palkintoehdokkaat-on-julkistettu\/\"},\"author\":{\"name\":\"info@musicmedia.fi\",\"@id\":\"https:\/\/musicmedia.fi\/#\/schema\/person\/4d79763c56ccb5c8c01ae47497da967d\"},\"headline\":\"Industry Awards -gaalan palkintoehdokkaat on julkistettu!\",\"datePublished\":\"2023-08-31T08:53:40+00:00\",\"dateModified\":\"2024-11-04T09:03:05+00:00\",\"mainEntityOfPage\":{\"@id\":\"https:\/\/musicmedia.fi\/industry-awards-gaalan-palkintoehdokkaat-on-julkistettu\/\"},\"wordCount\":273,\"publisher\":{\"@id\":\"https:\/\/musicmedia.fi\/#organization\"},\"image\":{\"@id\":\"https:\/\/musicmedia.fi\/industry-awards-gaalan-palkintoehdokkaat-on-julkistettu\/#primaryimage\"},\"thumbnailUrl\":\"https:\/\/musicmedia.fi\/wp-content\/uploads\/2023\/05\/IA_awards_Miikka_Varila-e1683716276422.jpg\",\"articleSection\":[\"Vain suomeksi\"],\"inLanguage\":\"en-GB\"},{\"@type\":\"WebPage\",\"@id\":\"https:\/\/musicmedia.fi\/industry-awards-gaalan-palkintoehdokkaat-on-julkistettu\/\",\"url\":\"https:\/\/musicmedia.fi\/industry-awards-gaalan-palkintoehdokkaat-on-julkistettu\/\",\"name\":\"Industry Awards -gaalan palkintoehdokkaat on julkistettu! - Music x Media\",\"isPartOf\":{\"@id\":\"https:\/\/musicmedia.fi\/#website\"},\"primaryImageOfPage\":{\"@id\":\"https:\/\/musicmedia.fi\/industry-awards-gaalan-palkintoehdokkaat-on-julkistettu\/#primaryimage\"},\"image\":{\"@id\":\"https:\/\/musicmedia.fi\/industry-awards-gaalan-palkintoehdokkaat-on-julkistettu\/#primaryimage\"},\"thumbnailUrl\":\"https:\/\/musicmedia.fi\/wp-content\/uploads\/2023\/05\/IA_awards_Miikka_Varila-e1683716276422.jpg\",\"datePublished\":\"2023-08-31T08:53:40+00:00\",\"dateModified\":\"2024-11-04T09:03:05+00:00\",\"breadcrumb\":{\"@id\":\"https:\/\/musicmedia.fi\/industry-awards-gaalan-palkintoehdokkaat-on-julkistettu\/#breadcrumb\"},\"inLanguage\":\"en-GB\",\"potentialAction\":[{\"@type\":\"ReadAction\",\"target\":[\"https:\/\/musicmedia.fi\/industry-awards-gaalan-palkintoehdokkaat-on-julkistettu\/\"]}]},{\"@type\":\"ImageObject\",\"inLanguage\":\"en-GB\",\"@id\":\"https:\/\/musicmedia.fi\/industry-awards-gaalan-palkintoehdokkaat-on-julkistettu\/#primaryimage\",\"url\":\"https:\/\/musicmedia.fi\/wp-content\/uploads\/2023\/05\/IA_awards_Miikka_Varila-e1683716276422.jpg\",\"contentUrl\":\"https:\/\/musicmedia.fi\/wp-content\/uploads\/2023\/05\/IA_awards_Miikka_Varila-e1683716276422.jpg\",\"width\":1200,\"height\":800},{\"@type\":\"BreadcrumbList\",\"@id\":\"https:\/\/musicmedia.fi\/industry-awards-gaalan-palkintoehdokkaat-on-julkistettu\/#breadcrumb\",\"itemListElement\":[{\"@type\":\"ListItem\",\"position\":1,\"name\":\"Home\",\"item\":\"https:\/\/musicmedia.fi\/\"},{\"@type\":\"ListItem\",\"position\":2,\"name\":\"Industry Awards -gaalan palkintoehdokkaat on julkistettu!\"}]},{\"@type\":\"WebSite\",\"@id\":\"https:\/\/musicmedia.fi\/#website\",\"url\":\"https:\/\/musicmedia.fi\/\",\"name\":\"Music x Media\",\"description\":\"Musiikki-, viihde- ja tapahtuma-alojen kohtaamispaikka\",\"publisher\":{\"@id\":\"https:\/\/musicmedia.fi\/#organization\"},\"potentialAction\":[{\"@type\":\"SearchAction\",\"target\":{\"@type\":\"EntryPoint\",\"urlTemplate\":\"https:\/\/musicmedia.fi\/?s={search_term_string}\"},\"query-input\":{\"@type\":\"PropertyValueSpecification\",\"valueRequired\":true,\"valueName\":\"search_term_string\"}}],\"inLanguage\":\"en-GB\"},{\"@type\":\"Organization\",\"@id\":\"https:\/\/musicmedia.fi\/#organization\",\"name\":\"Music x Media\",\"url\":\"https:\/\/musicmedia.fi\/\",\"logo\":{\"@type\":\"ImageObject\",\"inLanguage\":\"en-GB\",\"@id\":\"https:\/\/musicmedia.fi\/#\/schema\/logo\/image\/\",\"url\":\"https:\/\/musicmedia.fi\/wp-content\/uploads\/2022\/05\/logo.png\",\"contentUrl\":\"https:\/\/musicmedia.fi\/wp-content\/uploads\/2022\/05\/logo.png\",\"width\":276,\"height\":147,\"caption\":\"Music x Media\"},\"image\":{\"@id\":\"https:\/\/musicmedia.fi\/#\/schema\/logo\/image\/\"}},{\"@type\":\"Person\",\"@id\":\"https:\/\/musicmedia.fi\/#\/schema\/person\/4d79763c56ccb5c8c01ae47497da967d\",\"name\":\"info@musicmedia.fi\",\"url\":\"https:\/\/musicmedia.fi\/en\/author\/infomusicmedia-fi\/\"}]}<\/script>\n<!-- \/ Yoast SEO plugin. -->","yoast_head_json":{"title":"Industry Awards -gaalan palkintoehdokkaat on julkistettu! - Music x Media","robots":{"index":"index","follow":"follow","max-snippet":"max-snippet:-1","max-image-preview":"max-image-preview:large","max-video-preview":"max-video-preview:-1"},"canonical":"https:\/\/musicmedia.fi\/en\/industry-awards-gaalan-palkintoehdokkaat-on-julkistettu\/","og_locale":"en_GB","og_type":"article","og_title":"Industry Awards -gaalan palkintoehdokkaat on julkistettu! - Music x Media","og_description":"Musiikkialan kovimpia tekij\u00f6it\u00e4 palkitaan j\u00e4lleen Industry Awards -palkinnoilla perjantaina 6.10.2023 Industry Awards -gaalassa Tampere-talossa osana Music x Mediaa. Industry Awards -gaalassa summataan kuluneen kauden onnistumisia ja annetaan kunniamaininta niille, joille se kuuluu: vuoden aikana ammattitaidollaan, ratkaisuillaan, johtajuudellaan, eduksi erottuvalla k\u00e4yt\u00f6ksell\u00e4\u00e4n ja saavutuksillaan vakuuttaneille musiikkialan ammattilaisille.\u00a0Industry Awards -palkinto on arvostettu kiitos omalta yhteis\u00f6lt\u00e4, Suomen musiikkialan ammattilaisilta. [&hellip;]","og_url":"https:\/\/musicmedia.fi\/en\/industry-awards-gaalan-palkintoehdokkaat-on-julkistettu\/","og_site_name":"Music x Media","article_published_time":"2023-08-31T08:53:40+00:00","article_modified_time":"2024-11-04T09:03:05+00:00","og_image":[{"width":1200,"height":800,"url":"https:\/\/musicmedia.fi\/wp-content\/uploads\/2023\/05\/IA_awards_Miikka_Varila-e1683716276422.jpg","type":"image\/jpeg"}],"author":"info@musicmedia.fi","twitter_card":"summary_large_image","twitter_misc":{"Written by":"info@musicmedia.fi","Estimated reading time":"2 minutes"},"schema":{"@context":"https:\/\/schema.org","@graph":[{"@type":"Article","@id":"https:\/\/musicmedia.fi\/industry-awards-gaalan-palkintoehdokkaat-on-julkistettu\/#article","isPartOf":{"@id":"https:\/\/musicmedia.fi\/industry-awards-gaalan-palkintoehdokkaat-on-julkistettu\/"},"author":{"name":"info@musicmedia.fi","@id":"https:\/\/musicmedia.fi\/#\/schema\/person\/4d79763c56ccb5c8c01ae47497da967d"},"headline":"Industry Awards -gaalan palkintoehdokkaat on julkistettu!","datePublished":"2023-08-31T08:53:40+00:00","dateModified":"2024-11-04T09:03:05+00:00","mainEntityOfPage":{"@id":"https:\/\/musicmedia.fi\/industry-awards-gaalan-palkintoehdokkaat-on-julkistettu\/"},"wordCount":273,"publisher":{"@id":"https:\/\/musicmedia.fi\/#organization"},"image":{"@id":"https:\/\/musicmedia.fi\/industry-awards-gaalan-palkintoehdokkaat-on-julkistettu\/#primaryimage"},"thumbnailUrl":"https:\/\/musicmedia.fi\/wp-content\/uploads\/2023\/05\/IA_awards_Miikka_Varila-e1683716276422.jpg","articleSection":["Vain suomeksi"],"inLanguage":"en-GB"},{"@type":"WebPage","@id":"https:\/\/musicmedia.fi\/industry-awards-gaalan-palkintoehdokkaat-on-julkistettu\/","url":"https:\/\/musicmedia.fi\/industry-awards-gaalan-palkintoehdokkaat-on-julkistettu\/","name":"Industry Awards -gaalan palkintoehdokkaat on julkistettu! - Music x Media","isPartOf":{"@id":"https:\/\/musicmedia.fi\/#website"},"primaryImageOfPage":{"@id":"https:\/\/musicmedia.fi\/industry-awards-gaalan-palkintoehdokkaat-on-julkistettu\/#primaryimage"},"image":{"@id":"https:\/\/musicmedia.fi\/industry-awards-gaalan-palkintoehdokkaat-on-julkistettu\/#primaryimage"},"thumbnailUrl":"https:\/\/musicmedia.fi\/wp-content\/uploads\/2023\/05\/IA_awards_Miikka_Varila-e1683716276422.jpg","datePublished":"2023-08-31T08:53:40+00:00","dateModified":"2024-11-04T09:03:05+00:00","breadcrumb":{"@id":"https:\/\/musicmedia.fi\/industry-awards-gaalan-palkintoehdokkaat-on-julkistettu\/#breadcrumb"},"inLanguage":"en-GB","potentialAction":[{"@type":"ReadAction","target":["https:\/\/musicmedia.fi\/industry-awards-gaalan-palkintoehdokkaat-on-julkistettu\/"]}]},{"@type":"ImageObject","inLanguage":"en-GB","@id":"https:\/\/musicmedia.fi\/industry-awards-gaalan-palkintoehdokkaat-on-julkistettu\/#primaryimage","url":"https:\/\/musicmedia.fi\/wp-content\/uploads\/2023\/05\/IA_awards_Miikka_Varila-e1683716276422.jpg","contentUrl":"https:\/\/musicmedia.fi\/wp-content\/uploads\/2023\/05\/IA_awards_Miikka_Varila-e1683716276422.jpg","width":1200,"height":800},{"@type":"BreadcrumbList","@id":"https:\/\/musicmedia.fi\/industry-awards-gaalan-palkintoehdokkaat-on-julkistettu\/#breadcrumb","itemListElement":[{"@type":"ListItem","position":1,"name":"Home","item":"https:\/\/musicmedia.fi\/"},{"@type":"ListItem","position":2,"name":"Industry Awards -gaalan palkintoehdokkaat on julkistettu!"}]},{"@type":"WebSite","@id":"https:\/\/musicmedia.fi\/#website","url":"https:\/\/musicmedia.fi\/","name":"Music x Media","description":"Bridging the worlds of Music, Entertainment, and Event Industries","publisher":{"@id":"https:\/\/musicmedia.fi\/#organization"},"potentialAction":[{"@type":"SearchAction","target":{"@type":"EntryPoint","urlTemplate":"https:\/\/musicmedia.fi\/?s={search_term_string}"},"query-input":{"@type":"PropertyValueSpecification","valueRequired":true,"valueName":"search_term_string"}}],"inLanguage":"en-GB"},{"@type":"Organization","@id":"https:\/\/musicmedia.fi\/#organization","name":"Music x Media","url":"https:\/\/musicmedia.fi\/","logo":{"@type":"ImageObject","inLanguage":"en-GB","@id":"https:\/\/musicmedia.fi\/#\/schema\/logo\/image\/","url":"https:\/\/musicmedia.fi\/wp-content\/uploads\/2022\/05\/logo.png","contentUrl":"https:\/\/musicmedia.fi\/wp-content\/uploads\/2022\/05\/logo.png","width":276,"height":147,"caption":"Music x Media"},"image":{"@id":"https:\/\/musicmedia.fi\/#\/schema\/logo\/image\/"}},{"@type":"Person","@id":"https:\/\/musicmedia.fi\/#\/schema\/person\/4d79763c56ccb5c8c01ae47497da967d","name":"info@musicmedia.fi","url":"https:\/\/musicmedia.fi\/en\/author\/infomusicmedia-fi\/"}]}},"_links":{"self":[{"href":"https:\/\/musicmedia.fi\/en\/wp-json\/wp\/v2\/posts\/5499","targetHints":{"allow":["GET"]}}],"collection":[{"href":"https:\/\/musicmedia.fi\/en\/wp-json\/wp\/v2\/posts"}],"about":[{"href":"https:\/\/musicmedia.fi\/en\/wp-json\/wp\/v2\/types\/post"}],"author":[{"embeddable":true,"href":"https:\/\/musicmedia.fi\/en\/wp-json\/wp\/v2\/users\/11"}],"replies":[{"embeddable":true,"href":"https:\/\/musicmedia.fi\/en\/wp-json\/wp\/v2\/comments?post=5499"}],"version-history":[{"count":0,"href":"https:\/\/musicmedia.fi\/en\/wp-json\/wp\/v2\/posts\/5499\/revisions"}],"wp:featuredmedia":[{"embeddable":true,"href":"https:\/\/musicmedia.fi\/en\/wp-json\/wp\/v2\/media\/3988"}],"wp:attachment":[{"href":"https:\/\/musicmedia.fi\/en\/wp-json\/wp\/v2\/media?parent=5499"}],"wp:term":[{"taxonomy":"category","embeddable":true,"href":"https:\/\/musicmedia.fi\/en\/wp-json\/wp\/v2\/categories?post=5499"},{"taxonomy":"post_tag","embeddable":true,"href":"https:\/\/musicmedia.fi\/en\/wp-json\/wp\/v2\/tags?post=5499"}],"curies":[{"name":"wp","href":"https:\/\/api.w.org\/{rel}","templated":true}]}}