{"id":4965,"date":"2023-07-25T12:50:18","date_gmt":"2023-07-25T09:50:18","guid":{"rendered":"https:\/\/musicmedia.fi\/?p=4965"},"modified":"2024-11-04T11:04:38","modified_gmt":"2024-11-04T09:04:38","slug":"music-x-mediassa-nahdaan-valokuvanayttely-queen-the-last-tour","status":"publish","type":"post","link":"https:\/\/musicmedia.fi\/en\/music-x-mediassa-nahdaan-valokuvanayttely-queen-the-last-tour\/","title":{"rendered":"Music x Mediassa n\u00e4hd\u00e4\u00e4n valokuvan\u00e4yttely Queen \u2013 The Last Tour"},"content":{"rendered":"<p style=\"text-align: right;\">In English <a href=\"https:\/\/musicmedia.fi\/en\/music-x-media-brings-a-must-see-photo-exhibition-queen-the-last-tour\/\">here<\/a>.<\/p>\n<p>&nbsp;<\/p>\n<p><b>Queen \u2013 The Last Tour by Torleif Svensson<br \/>\n<\/b>Valokuvan\u00e4yttely Tampere-talossa<\/p>\n<p>&nbsp;<\/p>\n<p><span style=\"font-weight: 400;\">Ruotsalainen valokuvaajakuuluisuus\u00a0<\/span><b>Torleif Svensson <\/b><span style=\"font-weight: 400;\">dokumentoi Queenin viimeisen kiertueen <\/span><b>Brian Mayn<\/b><span style=\"font-weight: 400;\"> ja manageri <\/span><b>Jim Beachin<\/b><span style=\"font-weight: 400;\"> toimeksiannosta. Nyt n\u00e4m\u00e4 ainutlaatuiset valokuvat ovat esill\u00e4 ensimm\u00e4ist\u00e4 kertaa Suomessa.\u00a0<\/span><\/p>\n<p><span style=\"font-weight: 400;\">Queen on loputtoman inspiraation l\u00e4hde. N\u00e4yttely on upea kunnianosoitus yhtyeelle, joka ylsi aivan omaan luokkaansa, julkaisi yli 40 albumia ja on t\u00e4h\u00e4n p\u00e4iv\u00e4\u00e4n menness\u00e4 myynyt yli 300 miljoonaa levy\u00e4 maailmanlaajuisesti.\u00a0<\/span><\/p>\n<p><span style=\"font-weight: 400;\">Uusi ja vaikuttava Queen \u2013 The Last Tour -n\u00e4yttely koostuu 30 suuresta valokuvataidevedoksesta, jotka esittelev\u00e4t Queenin mieleenpainuvia live-esityksi\u00e4 ymp\u00e4ri Eurooppaa. Kuvia on saatavilla my\u00f6s kirjana, ja kiinnostuneille on tarjolla 100-sivuinen teos.<\/span><\/p>\n<p><span style=\"font-weight: 400;\">N\u00e4yttely on avoinna Music x Media -konferenssien osallistujille 4\u20136. lokakuuta. Yleis\u00f6lle n\u00e4yttely on avoinna lauantaista 7.10. klo 12.00 lokakuun loppuun\u00a0 31.10. asti. Osana Music x Media konferenssia j\u00e4rjestet\u00e4\u00e4n my\u00f6s keskustelu visuaalisen tarinankerronnan elementeist\u00e4 keskiviikkona 4. lokakuuta (lue lis\u00e4\u00e4 <a href=\"https:\/\/musicmedia.fi\/en\/ohjelma\/\">ohjelmasta<\/a>).<\/span><\/p>\n<p><span style=\"font-weight: 400;\">Torleif Svenssonin Queen &#8211; The Last Tour on ollut aiemmin esill\u00e4 Halmstadissa, Tukholmassa, G\u00f6teborgin legendaarisessa Post Hotel -tilassa sek\u00e4 Ruotsin arvostetussa The Photo Galleryssa. Pienempi n\u00e4yttely on vieraillut my\u00f6s Tallinnan Fotografiskassa.<\/span><\/p>\n<p><span style=\"font-weight: 400;\">Valokuvaaja Svenssonin filosofia on hyv\u00e4ntekev\u00e4isyys ja ett\u00e4 n\u00e4yttely on vierailijoille maksuton. Kirjoja ja taidevedoksia on ostettavissa rajoitetusti, ja tuotto lahjoitetaan AIDS-tutkimuksen hyv\u00e4ksi. Torleif Svensson lahjoittaa 1 kuvan huutokauppaan Music x Media-tapahtuman aikana. Tulot lahjoitetaan kokonaisuudessaan hyv\u00e4ntekev\u00e4isyyteen.<\/span><\/p>\n<p><span style=\"font-weight: 400;\">N\u00e4yttelyn mahdollistaa yhteisty\u00f6 Tampere-talon, Visit Tampereen, Ruotsin Suomen Suurl\u00e4hetyst\u00f6n ja Music x Median kanssa.<\/span><\/p>\n<p><span style=\"font-weight: 400;\">T\u00e4m\u00e4 n\u00e4yttely kannattaa n\u00e4hd\u00e4!<\/span><\/p>\n<p><span style=\"font-weight: 400;\">\u00a0<\/span><\/p>\n<p><span style=\"font-weight: 400;\">Kontakti medialle ja kumppanuuksille<\/span><\/p>\n<p><span style=\"font-weight: 400;\">Pekka M\u00e4kinen, Promoottori\u00a0<\/span><\/p>\n<p><span style=\"font-weight: 400;\">+358405706760<\/span><\/p>\n<p><span style=\"font-weight: 400;\">pekka.makinen@airtouch.fi<\/span><\/p>\n<p><span style=\"font-weight: 400;\">\u00a0<\/span><\/p>\n<p><span style=\"font-weight: 400;\">Musiikki &amp; Media <\/span><\/p>\n<p><span style=\"font-weight: 400;\">Toimitusjohtaja Kaisa R\u00f6nkk\u00f6,\u00a0<\/span><\/p>\n<p><span style=\"font-weight: 400;\">+358408674216<\/span><\/p>\n<p><span style=\"font-weight: 400;\">kaisa.ronkko@musicmedia.fi<\/span><\/p>\n<p>&nbsp;<\/p>","protected":false},"excerpt":{"rendered":"<p>In English here. &nbsp; Queen \u2013 The Last Tour by Torleif Svensson Valokuvan\u00e4yttely Tampere-talossa &nbsp; Ruotsalainen valokuvaajakuuluisuus\u00a0Torleif Svensson dokumentoi Queenin viimeisen kiertueen Brian Mayn ja manageri Jim Beachin toimeksiannosta. Nyt n\u00e4m\u00e4 ainutlaatuiset valokuvat ovat esill\u00e4 ensimm\u00e4ist\u00e4 kertaa Suomessa.\u00a0 Queen on loputtoman inspiraation l\u00e4hde. N\u00e4yttely on upea kunnianosoitus yhtyeelle, joka ylsi aivan omaan luokkaansa, julkaisi yli [&hellip;]<\/p>","protected":false},"author":11,"featured_media":4967,"comment_status":"closed","ping_status":"open","sticky":false,"template":"","format":"standard","meta":{"_acf_changed":false,"inline_featured_image":false,"footnotes":""},"categories":[756],"tags":[],"class_list":["post-4965","post","type-post","status-publish","format-standard","has-post-thumbnail","hentry","category-vain-suomeksi"],"acf":[],"yoast_head":"<!-- This site is optimized with the Yoast SEO plugin v25.7 - https:\/\/yoast.com\/wordpress\/plugins\/seo\/ -->\n<title>Music x Mediassa n\u00e4hd\u00e4\u00e4n valokuvan\u00e4yttely Queen \u2013 The Last Tour - Music x Media<\/title>\n<meta name=\"robots\" content=\"index, follow, max-snippet:-1, max-image-preview:large, max-video-preview:-1\" \/>\n<link rel=\"canonical\" href=\"https:\/\/musicmedia.fi\/en\/music-x-mediassa-nahdaan-valokuvanayttely-queen-the-last-tour\/\" \/>\n<meta property=\"og:locale\" content=\"en_GB\" \/>\n<meta property=\"og:type\" content=\"article\" \/>\n<meta property=\"og:title\" content=\"Music x Mediassa n\u00e4hd\u00e4\u00e4n valokuvan\u00e4yttely Queen \u2013 The Last Tour - Music x Media\" \/>\n<meta property=\"og:description\" content=\"In English here. &nbsp; Queen \u2013 The Last Tour by Torleif Svensson Valokuvan\u00e4yttely Tampere-talossa &nbsp; Ruotsalainen valokuvaajakuuluisuus\u00a0Torleif Svensson dokumentoi Queenin viimeisen kiertueen Brian Mayn ja manageri Jim Beachin toimeksiannosta. Nyt n\u00e4m\u00e4 ainutlaatuiset valokuvat ovat esill\u00e4 ensimm\u00e4ist\u00e4 kertaa Suomessa.\u00a0 Queen on loputtoman inspiraation l\u00e4hde. N\u00e4yttely on upea kunnianosoitus yhtyeelle, joka ylsi aivan omaan luokkaansa, julkaisi yli [&hellip;]\" \/>\n<meta property=\"og:url\" content=\"https:\/\/musicmedia.fi\/en\/music-x-mediassa-nahdaan-valokuvanayttely-queen-the-last-tour\/\" \/>\n<meta property=\"og:site_name\" content=\"Music x Media\" \/>\n<meta property=\"article:published_time\" content=\"2023-07-25T09:50:18+00:00\" \/>\n<meta property=\"article:modified_time\" content=\"2024-11-04T09:04:38+00:00\" \/>\n<meta property=\"og:image\" content=\"https:\/\/musicmedia.fi\/wp-content\/uploads\/2023\/07\/Torleif-Svensson-God-Save-The-Queen--scaled.jpg\" \/>\n\t<meta property=\"og:image:width\" content=\"2560\" \/>\n\t<meta property=\"og:image:height\" content=\"1856\" \/>\n\t<meta property=\"og:image:type\" content=\"image\/jpeg\" \/>\n<meta name=\"author\" content=\"info@musicmedia.fi\" \/>\n<meta name=\"twitter:card\" content=\"summary_large_image\" \/>\n<meta name=\"twitter:label1\" content=\"Written by\" \/>\n\t<meta name=\"twitter:data1\" content=\"info@musicmedia.fi\" \/>\n\t<meta name=\"twitter:label2\" content=\"Estimated reading time\" \/>\n\t<meta name=\"twitter:data2\" content=\"2 minutes\" \/>\n<script type=\"application\/ld+json\" class=\"yoast-schema-graph\">{\"@context\":\"https:\/\/schema.org\",\"@graph\":[{\"@type\":\"Article\",\"@id\":\"https:\/\/musicmedia.fi\/music-x-mediassa-nahdaan-valokuvanayttely-queen-the-last-tour\/#article\",\"isPartOf\":{\"@id\":\"https:\/\/musicmedia.fi\/music-x-mediassa-nahdaan-valokuvanayttely-queen-the-last-tour\/\"},\"author\":{\"name\":\"info@musicmedia.fi\",\"@id\":\"https:\/\/musicmedia.fi\/#\/schema\/person\/4d79763c56ccb5c8c01ae47497da967d\"},\"headline\":\"Music x Mediassa n\u00e4hd\u00e4\u00e4n valokuvan\u00e4yttely Queen \u2013 The Last Tour\",\"datePublished\":\"2023-07-25T09:50:18+00:00\",\"dateModified\":\"2024-11-04T09:04:38+00:00\",\"mainEntityOfPage\":{\"@id\":\"https:\/\/musicmedia.fi\/music-x-mediassa-nahdaan-valokuvanayttely-queen-the-last-tour\/\"},\"wordCount\":283,\"publisher\":{\"@id\":\"https:\/\/musicmedia.fi\/#organization\"},\"image\":{\"@id\":\"https:\/\/musicmedia.fi\/music-x-mediassa-nahdaan-valokuvanayttely-queen-the-last-tour\/#primaryimage\"},\"thumbnailUrl\":\"https:\/\/musicmedia.fi\/wp-content\/uploads\/2023\/07\/Torleif-Svensson-God-Save-The-Queen--scaled.jpg\",\"articleSection\":[\"Vain suomeksi\"],\"inLanguage\":\"en-GB\"},{\"@type\":\"WebPage\",\"@id\":\"https:\/\/musicmedia.fi\/music-x-mediassa-nahdaan-valokuvanayttely-queen-the-last-tour\/\",\"url\":\"https:\/\/musicmedia.fi\/music-x-mediassa-nahdaan-valokuvanayttely-queen-the-last-tour\/\",\"name\":\"Music x Mediassa n\u00e4hd\u00e4\u00e4n valokuvan\u00e4yttely Queen \u2013 The Last Tour - Music x Media\",\"isPartOf\":{\"@id\":\"https:\/\/musicmedia.fi\/#website\"},\"primaryImageOfPage\":{\"@id\":\"https:\/\/musicmedia.fi\/music-x-mediassa-nahdaan-valokuvanayttely-queen-the-last-tour\/#primaryimage\"},\"image\":{\"@id\":\"https:\/\/musicmedia.fi\/music-x-mediassa-nahdaan-valokuvanayttely-queen-the-last-tour\/#primaryimage\"},\"thumbnailUrl\":\"https:\/\/musicmedia.fi\/wp-content\/uploads\/2023\/07\/Torleif-Svensson-God-Save-The-Queen--scaled.jpg\",\"datePublished\":\"2023-07-25T09:50:18+00:00\",\"dateModified\":\"2024-11-04T09:04:38+00:00\",\"breadcrumb\":{\"@id\":\"https:\/\/musicmedia.fi\/music-x-mediassa-nahdaan-valokuvanayttely-queen-the-last-tour\/#breadcrumb\"},\"inLanguage\":\"en-GB\",\"potentialAction\":[{\"@type\":\"ReadAction\",\"target\":[\"https:\/\/musicmedia.fi\/music-x-mediassa-nahdaan-valokuvanayttely-queen-the-last-tour\/\"]}]},{\"@type\":\"ImageObject\",\"inLanguage\":\"en-GB\",\"@id\":\"https:\/\/musicmedia.fi\/music-x-mediassa-nahdaan-valokuvanayttely-queen-the-last-tour\/#primaryimage\",\"url\":\"https:\/\/musicmedia.fi\/wp-content\/uploads\/2023\/07\/Torleif-Svensson-God-Save-The-Queen--scaled.jpg\",\"contentUrl\":\"https:\/\/musicmedia.fi\/wp-content\/uploads\/2023\/07\/Torleif-Svensson-God-Save-The-Queen--scaled.jpg\",\"width\":2560,\"height\":1856},{\"@type\":\"BreadcrumbList\",\"@id\":\"https:\/\/musicmedia.fi\/music-x-mediassa-nahdaan-valokuvanayttely-queen-the-last-tour\/#breadcrumb\",\"itemListElement\":[{\"@type\":\"ListItem\",\"position\":1,\"name\":\"Home\",\"item\":\"https:\/\/musicmedia.fi\/\"},{\"@type\":\"ListItem\",\"position\":2,\"name\":\"Music x Mediassa n\u00e4hd\u00e4\u00e4n valokuvan\u00e4yttely Queen \u2013 The Last Tour\"}]},{\"@type\":\"WebSite\",\"@id\":\"https:\/\/musicmedia.fi\/#website\",\"url\":\"https:\/\/musicmedia.fi\/\",\"name\":\"Music x Media\",\"description\":\"Musiikki-, viihde- ja tapahtuma-alojen kohtaamispaikka\",\"publisher\":{\"@id\":\"https:\/\/musicmedia.fi\/#organization\"},\"potentialAction\":[{\"@type\":\"SearchAction\",\"target\":{\"@type\":\"EntryPoint\",\"urlTemplate\":\"https:\/\/musicmedia.fi\/?s={search_term_string}\"},\"query-input\":{\"@type\":\"PropertyValueSpecification\",\"valueRequired\":true,\"valueName\":\"search_term_string\"}}],\"inLanguage\":\"en-GB\"},{\"@type\":\"Organization\",\"@id\":\"https:\/\/musicmedia.fi\/#organization\",\"name\":\"Music x Media\",\"url\":\"https:\/\/musicmedia.fi\/\",\"logo\":{\"@type\":\"ImageObject\",\"inLanguage\":\"en-GB\",\"@id\":\"https:\/\/musicmedia.fi\/#\/schema\/logo\/image\/\",\"url\":\"https:\/\/musicmedia.fi\/wp-content\/uploads\/2022\/05\/logo.png\",\"contentUrl\":\"https:\/\/musicmedia.fi\/wp-content\/uploads\/2022\/05\/logo.png\",\"width\":276,\"height\":147,\"caption\":\"Music x Media\"},\"image\":{\"@id\":\"https:\/\/musicmedia.fi\/#\/schema\/logo\/image\/\"}},{\"@type\":\"Person\",\"@id\":\"https:\/\/musicmedia.fi\/#\/schema\/person\/4d79763c56ccb5c8c01ae47497da967d\",\"name\":\"info@musicmedia.fi\",\"url\":\"https:\/\/musicmedia.fi\/en\/author\/infomusicmedia-fi\/\"}]}<\/script>\n<!-- \/ Yoast SEO plugin. -->","yoast_head_json":{"title":"Music x Mediassa n\u00e4hd\u00e4\u00e4n valokuvan\u00e4yttely Queen \u2013 The Last Tour - Music x Media","robots":{"index":"index","follow":"follow","max-snippet":"max-snippet:-1","max-image-preview":"max-image-preview:large","max-video-preview":"max-video-preview:-1"},"canonical":"https:\/\/musicmedia.fi\/en\/music-x-mediassa-nahdaan-valokuvanayttely-queen-the-last-tour\/","og_locale":"en_GB","og_type":"article","og_title":"Music x Mediassa n\u00e4hd\u00e4\u00e4n valokuvan\u00e4yttely Queen \u2013 The Last Tour - Music x Media","og_description":"In English here. &nbsp; Queen \u2013 The Last Tour by Torleif Svensson Valokuvan\u00e4yttely Tampere-talossa &nbsp; Ruotsalainen valokuvaajakuuluisuus\u00a0Torleif Svensson dokumentoi Queenin viimeisen kiertueen Brian Mayn ja manageri Jim Beachin toimeksiannosta. Nyt n\u00e4m\u00e4 ainutlaatuiset valokuvat ovat esill\u00e4 ensimm\u00e4ist\u00e4 kertaa Suomessa.\u00a0 Queen on loputtoman inspiraation l\u00e4hde. N\u00e4yttely on upea kunnianosoitus yhtyeelle, joka ylsi aivan omaan luokkaansa, julkaisi yli [&hellip;]","og_url":"https:\/\/musicmedia.fi\/en\/music-x-mediassa-nahdaan-valokuvanayttely-queen-the-last-tour\/","og_site_name":"Music x Media","article_published_time":"2023-07-25T09:50:18+00:00","article_modified_time":"2024-11-04T09:04:38+00:00","og_image":[{"width":2560,"height":1856,"url":"https:\/\/musicmedia.fi\/wp-content\/uploads\/2023\/07\/Torleif-Svensson-God-Save-The-Queen--scaled.jpg","type":"image\/jpeg"}],"author":"info@musicmedia.fi","twitter_card":"summary_large_image","twitter_misc":{"Written by":"info@musicmedia.fi","Estimated reading time":"2 minutes"},"schema":{"@context":"https:\/\/schema.org","@graph":[{"@type":"Article","@id":"https:\/\/musicmedia.fi\/music-x-mediassa-nahdaan-valokuvanayttely-queen-the-last-tour\/#article","isPartOf":{"@id":"https:\/\/musicmedia.fi\/music-x-mediassa-nahdaan-valokuvanayttely-queen-the-last-tour\/"},"author":{"name":"info@musicmedia.fi","@id":"https:\/\/musicmedia.fi\/#\/schema\/person\/4d79763c56ccb5c8c01ae47497da967d"},"headline":"Music x Mediassa n\u00e4hd\u00e4\u00e4n valokuvan\u00e4yttely Queen \u2013 The Last Tour","datePublished":"2023-07-25T09:50:18+00:00","dateModified":"2024-11-04T09:04:38+00:00","mainEntityOfPage":{"@id":"https:\/\/musicmedia.fi\/music-x-mediassa-nahdaan-valokuvanayttely-queen-the-last-tour\/"},"wordCount":283,"publisher":{"@id":"https:\/\/musicmedia.fi\/#organization"},"image":{"@id":"https:\/\/musicmedia.fi\/music-x-mediassa-nahdaan-valokuvanayttely-queen-the-last-tour\/#primaryimage"},"thumbnailUrl":"https:\/\/musicmedia.fi\/wp-content\/uploads\/2023\/07\/Torleif-Svensson-God-Save-The-Queen--scaled.jpg","articleSection":["Vain suomeksi"],"inLanguage":"en-GB"},{"@type":"WebPage","@id":"https:\/\/musicmedia.fi\/music-x-mediassa-nahdaan-valokuvanayttely-queen-the-last-tour\/","url":"https:\/\/musicmedia.fi\/music-x-mediassa-nahdaan-valokuvanayttely-queen-the-last-tour\/","name":"Music x Mediassa n\u00e4hd\u00e4\u00e4n valokuvan\u00e4yttely Queen \u2013 The Last Tour - Music x Media","isPartOf":{"@id":"https:\/\/musicmedia.fi\/#website"},"primaryImageOfPage":{"@id":"https:\/\/musicmedia.fi\/music-x-mediassa-nahdaan-valokuvanayttely-queen-the-last-tour\/#primaryimage"},"image":{"@id":"https:\/\/musicmedia.fi\/music-x-mediassa-nahdaan-valokuvanayttely-queen-the-last-tour\/#primaryimage"},"thumbnailUrl":"https:\/\/musicmedia.fi\/wp-content\/uploads\/2023\/07\/Torleif-Svensson-God-Save-The-Queen--scaled.jpg","datePublished":"2023-07-25T09:50:18+00:00","dateModified":"2024-11-04T09:04:38+00:00","breadcrumb":{"@id":"https:\/\/musicmedia.fi\/music-x-mediassa-nahdaan-valokuvanayttely-queen-the-last-tour\/#breadcrumb"},"inLanguage":"en-GB","potentialAction":[{"@type":"ReadAction","target":["https:\/\/musicmedia.fi\/music-x-mediassa-nahdaan-valokuvanayttely-queen-the-last-tour\/"]}]},{"@type":"ImageObject","inLanguage":"en-GB","@id":"https:\/\/musicmedia.fi\/music-x-mediassa-nahdaan-valokuvanayttely-queen-the-last-tour\/#primaryimage","url":"https:\/\/musicmedia.fi\/wp-content\/uploads\/2023\/07\/Torleif-Svensson-God-Save-The-Queen--scaled.jpg","contentUrl":"https:\/\/musicmedia.fi\/wp-content\/uploads\/2023\/07\/Torleif-Svensson-God-Save-The-Queen--scaled.jpg","width":2560,"height":1856},{"@type":"BreadcrumbList","@id":"https:\/\/musicmedia.fi\/music-x-mediassa-nahdaan-valokuvanayttely-queen-the-last-tour\/#breadcrumb","itemListElement":[{"@type":"ListItem","position":1,"name":"Home","item":"https:\/\/musicmedia.fi\/"},{"@type":"ListItem","position":2,"name":"Music x Mediassa n\u00e4hd\u00e4\u00e4n valokuvan\u00e4yttely Queen \u2013 The Last Tour"}]},{"@type":"WebSite","@id":"https:\/\/musicmedia.fi\/#website","url":"https:\/\/musicmedia.fi\/","name":"Music x Media","description":"Bridging the worlds of Music, Entertainment, and Event Industries","publisher":{"@id":"https:\/\/musicmedia.fi\/#organization"},"potentialAction":[{"@type":"SearchAction","target":{"@type":"EntryPoint","urlTemplate":"https:\/\/musicmedia.fi\/?s={search_term_string}"},"query-input":{"@type":"PropertyValueSpecification","valueRequired":true,"valueName":"search_term_string"}}],"inLanguage":"en-GB"},{"@type":"Organization","@id":"https:\/\/musicmedia.fi\/#organization","name":"Music x Media","url":"https:\/\/musicmedia.fi\/","logo":{"@type":"ImageObject","inLanguage":"en-GB","@id":"https:\/\/musicmedia.fi\/#\/schema\/logo\/image\/","url":"https:\/\/musicmedia.fi\/wp-content\/uploads\/2022\/05\/logo.png","contentUrl":"https:\/\/musicmedia.fi\/wp-content\/uploads\/2022\/05\/logo.png","width":276,"height":147,"caption":"Music x Media"},"image":{"@id":"https:\/\/musicmedia.fi\/#\/schema\/logo\/image\/"}},{"@type":"Person","@id":"https:\/\/musicmedia.fi\/#\/schema\/person\/4d79763c56ccb5c8c01ae47497da967d","name":"info@musicmedia.fi","url":"https:\/\/musicmedia.fi\/en\/author\/infomusicmedia-fi\/"}]}},"_links":{"self":[{"href":"https:\/\/musicmedia.fi\/en\/wp-json\/wp\/v2\/posts\/4965","targetHints":{"allow":["GET"]}}],"collection":[{"href":"https:\/\/musicmedia.fi\/en\/wp-json\/wp\/v2\/posts"}],"about":[{"href":"https:\/\/musicmedia.fi\/en\/wp-json\/wp\/v2\/types\/post"}],"author":[{"embeddable":true,"href":"https:\/\/musicmedia.fi\/en\/wp-json\/wp\/v2\/users\/11"}],"replies":[{"embeddable":true,"href":"https:\/\/musicmedia.fi\/en\/wp-json\/wp\/v2\/comments?post=4965"}],"version-history":[{"count":0,"href":"https:\/\/musicmedia.fi\/en\/wp-json\/wp\/v2\/posts\/4965\/revisions"}],"wp:featuredmedia":[{"embeddable":true,"href":"https:\/\/musicmedia.fi\/en\/wp-json\/wp\/v2\/media\/4967"}],"wp:attachment":[{"href":"https:\/\/musicmedia.fi\/en\/wp-json\/wp\/v2\/media?parent=4965"}],"wp:term":[{"taxonomy":"category","embeddable":true,"href":"https:\/\/musicmedia.fi\/en\/wp-json\/wp\/v2\/categories?post=4965"},{"taxonomy":"post_tag","embeddable":true,"href":"https:\/\/musicmedia.fi\/en\/wp-json\/wp\/v2\/tags?post=4965"}],"curies":[{"name":"wp","href":"https:\/\/api.w.org\/{rel}","templated":true}]}}