{"id":4569,"date":"2023-06-19T12:50:11","date_gmt":"2023-06-19T09:50:11","guid":{"rendered":"https:\/\/musicmedia.fi\/?p=4569"},"modified":"2024-11-04T11:04:39","modified_gmt":"2024-11-04T09:04:39","slug":"4569-2","status":"publish","type":"post","link":"https:\/\/musicmedia.fi\/en\/4569-2\/","title":{"rendered":"Avate Audiovisuaalisen alan tekij\u00e4t mukana Music x Mediassa"},"content":{"rendered":"<p><b>Music x Median cross sector -ohjelma vahvistuu yhteisty\u00f6ss\u00e4 tuoreimman audiovisuaalisen alan tekij\u00e4noikeusj\u00e4rjest\u00f6n kanssa. Yhteisi\u00e4 ratkaisuja haetaan muun muassa keskusteluilla ty\u00f6kulttuurista, jaksamisesta sek\u00e4 yhteisty\u00f6st\u00e4 suoratoistopalveluiden kanssa.\u00a0<\/b><\/p>\n<p><span style=\"font-weight: 400;\">N\u00e4yttelij\u00e4liiton, Suomen elokuvaohjaajaliiton (SELO) sek\u00e4 Suomen N\u00e4ytelm\u00e4kirjailijat ja K\u00e4sikirjoittajat ry:n (SUNKLO) yhteinen tekij\u00e4noikeusj\u00e4rjest\u00f6 Avate Audiovisuaalisen alan tekij\u00e4t ry on mukana vuoden 2023 Music x Mediassa. Avaten kumppanuus vahvistaa tapahtuman ja sen taustayrityksen kunnianhimoista kehitysstrategiaa luovien alojen yhteiseksi tulevaisuusfoorumiksi.<\/span><span style=\"font-weight: 400;\">\u00a0<\/span><\/p>\n<p><span style=\"font-weight: 400;\">&#8221;<\/span><span style=\"font-weight: 400;\">Avaten mukana olo edist\u00e4\u00e4 monella tapaa visiotamme yhdist\u00e4\u00e4 luovia aloja ja vahvistaa eri toimijoiden dialogia. Se tukee kasvua paremman yhteisty\u00f6n kautta&#8221;, iloitsee Music x Median toimitusjohtaja <strong>Kaisa R\u00f6nkk\u00f6<\/strong>.<\/span><\/p>\n<p><span style=\"font-weight: 400;\">Avate kutsuu tapahtumaan kolme kansainv\u00e4list\u00e4 puhujaa ja tuottaa tapahtumaan ohjelmasis\u00e4lt\u00f6j\u00e4 perjantaina 6.10. ja lauantaina 7.10. Puhujavieraiksi saapuvat\u00a0 <\/span><span style=\"font-weight: 400;\">Society of Audiovisual Authorsin p\u00e4\u00e4sihteeri <\/span><b>C\u00e9cile Despringre<\/b><span style=\"font-weight: 400;\">, tanskalainen ohjaaja <\/span><b>Rasmus Kloster Bro<\/b><span style=\"font-weight: 400;\"> sek\u00e4 tutkija <\/span><b>Jose Can\u0303as-Bajo<\/b><span style=\"font-weight: 400;\">. Yhteisty\u00f6ss\u00e4 Muusikkojen liiton kanssa puhujaksi musiikin esitt\u00e4jien n\u00e4k\u00f6kulmaa valottamaan on kutsuttu Kansainv\u00e4lisen muusikkojen liiton (FIM) puheenjohtajiston brittij\u00e4sen <\/span><b>Horace Trubridge<\/b><span style=\"font-weight: 400;\">.<\/span><\/p>\n<p><span style=\"font-weight: 400;\">Despingren puheenvuoro keskittyy asianmukasia ja oikeasuhtaisia tekij\u00e4noikeuskorvausia s\u00e4\u00e4televien eurooppalaisten mekanismien kuvaamiseen. Kloster Bro avaa tanskalaisten neuvottelupolkua kansainv\u00e4lisen suoratoistopalvelun kanssa saavutettuun sopimukseen tekij\u00f6ille maksettavista korvauksista. Muusikkotaustaisella Trubridgell\u00e4 on puolestaan\u00a0 laaja kokemus sopimuskent\u00e4st\u00e4, suoratoiston vaikutuksista ja erilaisista eurooppalaisista malleista kohtuullisen korvauksen toteuttamisessa. Lis\u00e4ksi liitot j\u00e4rjest\u00e4v\u00e4t puheenvuorojen teemoja k\u00e4sittelev\u00e4n yhteisen paneelin.\u00a0<\/span><\/p>\n<p><span style=\"font-weight: 400;\">&#8221;Music x Median Play Your Future on meid\u00e4n tavoitteellemme hyvin keskeinen teema. Kasvun turvaamiseen tarvitaan yh\u00e4 enemm\u00e4n ymm\u00e4rryst\u00e4 koko toimialan rakenteesta ja cross sector -yhteisty\u00f6n mahdollisuuksista. Haluamme osaltamme rakentaa kest\u00e4v\u00e4\u00e4 tulevaisuutta, jossa ratkaisuja haetaan arvoketjujen kaikkia osasia kunnioittaen&#8221;, toteaa Avaten toiminnanjohtaja <strong>Matti Numminen<\/strong>.<\/span><\/p>\n<p><span style=\"font-weight: 400;\">Jyv\u00e4skyl\u00e4n yliopistossa post doc -tutkijana ty\u00f6skentelev\u00e4 Jose Can\u0303as-Bajo on tutkinut\u00a0 AV-alan ty\u00f6olosuhteista Suomen elokuvaohjaajaliiton toimeksiannosta. Can\u0303as-Bajon tutkimus on keskittynyt ohjaajien, k\u00e4sikirjoittajien ja n\u00e4yttelij\u00f6iden kokemuksiin ty\u00f6skentelyolosuhteiden muutoksista AV-alan voimakkaan kasvun ja kansainv\u00e4listymisen aikana. Tutkimuksen on rahoittanut Avate. Lis\u00e4ksi Avate j\u00e4rjest\u00e4\u00e4 Music x Media -tapahtumassa Tietoiskun k\u00e4sikirjoittajien, n\u00e4yttelij\u00f6iden ja ohjaajien kreditointiohjeesta.<\/span><\/p>","protected":false},"excerpt":{"rendered":"<p>Music x Median cross sector -ohjelma vahvistuu yhteisty\u00f6ss\u00e4 tuoreimman audiovisuaalisen alan tekij\u00e4noikeusj\u00e4rjest\u00f6n kanssa. Yhteisi\u00e4 ratkaisuja haetaan muun muassa keskusteluilla ty\u00f6kulttuurista, jaksamisesta sek\u00e4 yhteisty\u00f6st\u00e4 suoratoistopalveluiden kanssa.\u00a0 N\u00e4yttelij\u00e4liiton, Suomen elokuvaohjaajaliiton (SELO) sek\u00e4 Suomen N\u00e4ytelm\u00e4kirjailijat ja K\u00e4sikirjoittajat ry:n (SUNKLO) yhteinen tekij\u00e4noikeusj\u00e4rjest\u00f6 Avate Audiovisuaalisen alan tekij\u00e4t ry on mukana vuoden 2023 Music x Mediassa. Avaten kumppanuus vahvistaa tapahtuman ja [&hellip;]<\/p>","protected":false},"author":11,"featured_media":4570,"comment_status":"closed","ping_status":"open","sticky":false,"template":"","format":"standard","meta":{"_acf_changed":false,"inline_featured_image":false,"footnotes":""},"categories":[756],"tags":[],"class_list":["post-4569","post","type-post","status-publish","format-standard","has-post-thumbnail","hentry","category-vain-suomeksi"],"acf":[],"yoast_head":"<!-- This site is optimized with the Yoast SEO plugin v25.7 - https:\/\/yoast.com\/wordpress\/plugins\/seo\/ -->\n<title>Avate Audiovisuaalisen alan tekij\u00e4t mukana Music x Mediassa - Music x Media<\/title>\n<meta name=\"robots\" content=\"index, follow, max-snippet:-1, max-image-preview:large, max-video-preview:-1\" \/>\n<link rel=\"canonical\" href=\"https:\/\/musicmedia.fi\/en\/4569-2\/\" \/>\n<meta property=\"og:locale\" content=\"en_GB\" \/>\n<meta property=\"og:type\" content=\"article\" \/>\n<meta property=\"og:title\" content=\"Avate Audiovisuaalisen alan tekij\u00e4t mukana Music x Mediassa - Music x Media\" \/>\n<meta property=\"og:description\" content=\"Music x Median cross sector -ohjelma vahvistuu yhteisty\u00f6ss\u00e4 tuoreimman audiovisuaalisen alan tekij\u00e4noikeusj\u00e4rjest\u00f6n kanssa. Yhteisi\u00e4 ratkaisuja haetaan muun muassa keskusteluilla ty\u00f6kulttuurista, jaksamisesta sek\u00e4 yhteisty\u00f6st\u00e4 suoratoistopalveluiden kanssa.\u00a0 N\u00e4yttelij\u00e4liiton, Suomen elokuvaohjaajaliiton (SELO) sek\u00e4 Suomen N\u00e4ytelm\u00e4kirjailijat ja K\u00e4sikirjoittajat ry:n (SUNKLO) yhteinen tekij\u00e4noikeusj\u00e4rjest\u00f6 Avate Audiovisuaalisen alan tekij\u00e4t ry on mukana vuoden 2023 Music x Mediassa. Avaten kumppanuus vahvistaa tapahtuman ja [&hellip;]\" \/>\n<meta property=\"og:url\" content=\"https:\/\/musicmedia.fi\/en\/4569-2\/\" \/>\n<meta property=\"og:site_name\" content=\"Music x Media\" \/>\n<meta property=\"article:published_time\" content=\"2023-06-19T09:50:11+00:00\" \/>\n<meta property=\"article:modified_time\" content=\"2024-11-04T09:04:39+00:00\" \/>\n<meta property=\"og:image\" content=\"https:\/\/musicmedia.fi\/wp-content\/uploads\/2023\/06\/instories_B03B14DF-FCAE-45CB-B701-32C057095862-1024x1024.png\" \/>\n\t<meta property=\"og:image:width\" content=\"1024\" \/>\n\t<meta property=\"og:image:height\" content=\"1024\" \/>\n\t<meta property=\"og:image:type\" content=\"image\/png\" \/>\n<meta name=\"author\" content=\"info@musicmedia.fi\" \/>\n<meta name=\"twitter:card\" content=\"summary_large_image\" \/>\n<meta name=\"twitter:label1\" content=\"Written by\" \/>\n\t<meta name=\"twitter:data1\" content=\"info@musicmedia.fi\" \/>\n\t<meta name=\"twitter:label2\" content=\"Estimated reading time\" \/>\n\t<meta name=\"twitter:data2\" content=\"2 minutes\" \/>\n<script type=\"application\/ld+json\" class=\"yoast-schema-graph\">{\"@context\":\"https:\/\/schema.org\",\"@graph\":[{\"@type\":\"Article\",\"@id\":\"https:\/\/musicmedia.fi\/4569-2\/#article\",\"isPartOf\":{\"@id\":\"https:\/\/musicmedia.fi\/4569-2\/\"},\"author\":{\"name\":\"info@musicmedia.fi\",\"@id\":\"https:\/\/musicmedia.fi\/#\/schema\/person\/4d79763c56ccb5c8c01ae47497da967d\"},\"headline\":\"Avate Audiovisuaalisen alan tekij\u00e4t mukana Music x Mediassa\",\"datePublished\":\"2023-06-19T09:50:11+00:00\",\"dateModified\":\"2024-11-04T09:04:39+00:00\",\"mainEntityOfPage\":{\"@id\":\"https:\/\/musicmedia.fi\/4569-2\/\"},\"wordCount\":350,\"publisher\":{\"@id\":\"https:\/\/musicmedia.fi\/#organization\"},\"image\":{\"@id\":\"https:\/\/musicmedia.fi\/4569-2\/#primaryimage\"},\"thumbnailUrl\":\"https:\/\/musicmedia.fi\/wp-content\/uploads\/2023\/06\/instories_B03B14DF-FCAE-45CB-B701-32C057095862.png\",\"articleSection\":[\"Vain suomeksi\"],\"inLanguage\":\"en-GB\"},{\"@type\":\"WebPage\",\"@id\":\"https:\/\/musicmedia.fi\/4569-2\/\",\"url\":\"https:\/\/musicmedia.fi\/4569-2\/\",\"name\":\"Avate Audiovisuaalisen alan tekij\u00e4t mukana Music x Mediassa - Music x Media\",\"isPartOf\":{\"@id\":\"https:\/\/musicmedia.fi\/#website\"},\"primaryImageOfPage\":{\"@id\":\"https:\/\/musicmedia.fi\/4569-2\/#primaryimage\"},\"image\":{\"@id\":\"https:\/\/musicmedia.fi\/4569-2\/#primaryimage\"},\"thumbnailUrl\":\"https:\/\/musicmedia.fi\/wp-content\/uploads\/2023\/06\/instories_B03B14DF-FCAE-45CB-B701-32C057095862.png\",\"datePublished\":\"2023-06-19T09:50:11+00:00\",\"dateModified\":\"2024-11-04T09:04:39+00:00\",\"breadcrumb\":{\"@id\":\"https:\/\/musicmedia.fi\/4569-2\/#breadcrumb\"},\"inLanguage\":\"en-GB\",\"potentialAction\":[{\"@type\":\"ReadAction\",\"target\":[\"https:\/\/musicmedia.fi\/4569-2\/\"]}]},{\"@type\":\"ImageObject\",\"inLanguage\":\"en-GB\",\"@id\":\"https:\/\/musicmedia.fi\/4569-2\/#primaryimage\",\"url\":\"https:\/\/musicmedia.fi\/wp-content\/uploads\/2023\/06\/instories_B03B14DF-FCAE-45CB-B701-32C057095862.png\",\"contentUrl\":\"https:\/\/musicmedia.fi\/wp-content\/uploads\/2023\/06\/instories_B03B14DF-FCAE-45CB-B701-32C057095862.png\",\"width\":1080,\"height\":1080},{\"@type\":\"BreadcrumbList\",\"@id\":\"https:\/\/musicmedia.fi\/4569-2\/#breadcrumb\",\"itemListElement\":[{\"@type\":\"ListItem\",\"position\":1,\"name\":\"Home\",\"item\":\"https:\/\/musicmedia.fi\/\"},{\"@type\":\"ListItem\",\"position\":2,\"name\":\"Avate Audiovisuaalisen alan tekij\u00e4t mukana Music x Mediassa\"}]},{\"@type\":\"WebSite\",\"@id\":\"https:\/\/musicmedia.fi\/#website\",\"url\":\"https:\/\/musicmedia.fi\/\",\"name\":\"Music x Media\",\"description\":\"Musiikki-, viihde- ja tapahtuma-alojen kohtaamispaikka\",\"publisher\":{\"@id\":\"https:\/\/musicmedia.fi\/#organization\"},\"potentialAction\":[{\"@type\":\"SearchAction\",\"target\":{\"@type\":\"EntryPoint\",\"urlTemplate\":\"https:\/\/musicmedia.fi\/?s={search_term_string}\"},\"query-input\":{\"@type\":\"PropertyValueSpecification\",\"valueRequired\":true,\"valueName\":\"search_term_string\"}}],\"inLanguage\":\"en-GB\"},{\"@type\":\"Organization\",\"@id\":\"https:\/\/musicmedia.fi\/#organization\",\"name\":\"Music x Media\",\"url\":\"https:\/\/musicmedia.fi\/\",\"logo\":{\"@type\":\"ImageObject\",\"inLanguage\":\"en-GB\",\"@id\":\"https:\/\/musicmedia.fi\/#\/schema\/logo\/image\/\",\"url\":\"https:\/\/musicmedia.fi\/wp-content\/uploads\/2022\/05\/logo.png\",\"contentUrl\":\"https:\/\/musicmedia.fi\/wp-content\/uploads\/2022\/05\/logo.png\",\"width\":276,\"height\":147,\"caption\":\"Music x Media\"},\"image\":{\"@id\":\"https:\/\/musicmedia.fi\/#\/schema\/logo\/image\/\"}},{\"@type\":\"Person\",\"@id\":\"https:\/\/musicmedia.fi\/#\/schema\/person\/4d79763c56ccb5c8c01ae47497da967d\",\"name\":\"info@musicmedia.fi\",\"url\":\"https:\/\/musicmedia.fi\/en\/author\/infomusicmedia-fi\/\"}]}<\/script>\n<!-- \/ Yoast SEO plugin. -->","yoast_head_json":{"title":"Avate Audiovisuaalisen alan tekij\u00e4t mukana Music x Mediassa - Music x Media","robots":{"index":"index","follow":"follow","max-snippet":"max-snippet:-1","max-image-preview":"max-image-preview:large","max-video-preview":"max-video-preview:-1"},"canonical":"https:\/\/musicmedia.fi\/en\/4569-2\/","og_locale":"en_GB","og_type":"article","og_title":"Avate Audiovisuaalisen alan tekij\u00e4t mukana Music x Mediassa - Music x Media","og_description":"Music x Median cross sector -ohjelma vahvistuu yhteisty\u00f6ss\u00e4 tuoreimman audiovisuaalisen alan tekij\u00e4noikeusj\u00e4rjest\u00f6n kanssa. Yhteisi\u00e4 ratkaisuja haetaan muun muassa keskusteluilla ty\u00f6kulttuurista, jaksamisesta sek\u00e4 yhteisty\u00f6st\u00e4 suoratoistopalveluiden kanssa.\u00a0 N\u00e4yttelij\u00e4liiton, Suomen elokuvaohjaajaliiton (SELO) sek\u00e4 Suomen N\u00e4ytelm\u00e4kirjailijat ja K\u00e4sikirjoittajat ry:n (SUNKLO) yhteinen tekij\u00e4noikeusj\u00e4rjest\u00f6 Avate Audiovisuaalisen alan tekij\u00e4t ry on mukana vuoden 2023 Music x Mediassa. Avaten kumppanuus vahvistaa tapahtuman ja [&hellip;]","og_url":"https:\/\/musicmedia.fi\/en\/4569-2\/","og_site_name":"Music x Media","article_published_time":"2023-06-19T09:50:11+00:00","article_modified_time":"2024-11-04T09:04:39+00:00","og_image":[{"width":1024,"height":1024,"url":"https:\/\/musicmedia.fi\/wp-content\/uploads\/2023\/06\/instories_B03B14DF-FCAE-45CB-B701-32C057095862-1024x1024.png","type":"image\/png"}],"author":"info@musicmedia.fi","twitter_card":"summary_large_image","twitter_misc":{"Written by":"info@musicmedia.fi","Estimated reading time":"2 minutes"},"schema":{"@context":"https:\/\/schema.org","@graph":[{"@type":"Article","@id":"https:\/\/musicmedia.fi\/4569-2\/#article","isPartOf":{"@id":"https:\/\/musicmedia.fi\/4569-2\/"},"author":{"name":"info@musicmedia.fi","@id":"https:\/\/musicmedia.fi\/#\/schema\/person\/4d79763c56ccb5c8c01ae47497da967d"},"headline":"Avate Audiovisuaalisen alan tekij\u00e4t mukana Music x Mediassa","datePublished":"2023-06-19T09:50:11+00:00","dateModified":"2024-11-04T09:04:39+00:00","mainEntityOfPage":{"@id":"https:\/\/musicmedia.fi\/4569-2\/"},"wordCount":350,"publisher":{"@id":"https:\/\/musicmedia.fi\/#organization"},"image":{"@id":"https:\/\/musicmedia.fi\/4569-2\/#primaryimage"},"thumbnailUrl":"https:\/\/musicmedia.fi\/wp-content\/uploads\/2023\/06\/instories_B03B14DF-FCAE-45CB-B701-32C057095862.png","articleSection":["Vain suomeksi"],"inLanguage":"en-GB"},{"@type":"WebPage","@id":"https:\/\/musicmedia.fi\/4569-2\/","url":"https:\/\/musicmedia.fi\/4569-2\/","name":"Avate Audiovisuaalisen alan tekij\u00e4t mukana Music x Mediassa - Music x Media","isPartOf":{"@id":"https:\/\/musicmedia.fi\/#website"},"primaryImageOfPage":{"@id":"https:\/\/musicmedia.fi\/4569-2\/#primaryimage"},"image":{"@id":"https:\/\/musicmedia.fi\/4569-2\/#primaryimage"},"thumbnailUrl":"https:\/\/musicmedia.fi\/wp-content\/uploads\/2023\/06\/instories_B03B14DF-FCAE-45CB-B701-32C057095862.png","datePublished":"2023-06-19T09:50:11+00:00","dateModified":"2024-11-04T09:04:39+00:00","breadcrumb":{"@id":"https:\/\/musicmedia.fi\/4569-2\/#breadcrumb"},"inLanguage":"en-GB","potentialAction":[{"@type":"ReadAction","target":["https:\/\/musicmedia.fi\/4569-2\/"]}]},{"@type":"ImageObject","inLanguage":"en-GB","@id":"https:\/\/musicmedia.fi\/4569-2\/#primaryimage","url":"https:\/\/musicmedia.fi\/wp-content\/uploads\/2023\/06\/instories_B03B14DF-FCAE-45CB-B701-32C057095862.png","contentUrl":"https:\/\/musicmedia.fi\/wp-content\/uploads\/2023\/06\/instories_B03B14DF-FCAE-45CB-B701-32C057095862.png","width":1080,"height":1080},{"@type":"BreadcrumbList","@id":"https:\/\/musicmedia.fi\/4569-2\/#breadcrumb","itemListElement":[{"@type":"ListItem","position":1,"name":"Home","item":"https:\/\/musicmedia.fi\/"},{"@type":"ListItem","position":2,"name":"Avate Audiovisuaalisen alan tekij\u00e4t mukana Music x Mediassa"}]},{"@type":"WebSite","@id":"https:\/\/musicmedia.fi\/#website","url":"https:\/\/musicmedia.fi\/","name":"Music x Media","description":"Bridging the worlds of Music, Entertainment, and Event Industries","publisher":{"@id":"https:\/\/musicmedia.fi\/#organization"},"potentialAction":[{"@type":"SearchAction","target":{"@type":"EntryPoint","urlTemplate":"https:\/\/musicmedia.fi\/?s={search_term_string}"},"query-input":{"@type":"PropertyValueSpecification","valueRequired":true,"valueName":"search_term_string"}}],"inLanguage":"en-GB"},{"@type":"Organization","@id":"https:\/\/musicmedia.fi\/#organization","name":"Music x Media","url":"https:\/\/musicmedia.fi\/","logo":{"@type":"ImageObject","inLanguage":"en-GB","@id":"https:\/\/musicmedia.fi\/#\/schema\/logo\/image\/","url":"https:\/\/musicmedia.fi\/wp-content\/uploads\/2022\/05\/logo.png","contentUrl":"https:\/\/musicmedia.fi\/wp-content\/uploads\/2022\/05\/logo.png","width":276,"height":147,"caption":"Music x Media"},"image":{"@id":"https:\/\/musicmedia.fi\/#\/schema\/logo\/image\/"}},{"@type":"Person","@id":"https:\/\/musicmedia.fi\/#\/schema\/person\/4d79763c56ccb5c8c01ae47497da967d","name":"info@musicmedia.fi","url":"https:\/\/musicmedia.fi\/en\/author\/infomusicmedia-fi\/"}]}},"_links":{"self":[{"href":"https:\/\/musicmedia.fi\/en\/wp-json\/wp\/v2\/posts\/4569","targetHints":{"allow":["GET"]}}],"collection":[{"href":"https:\/\/musicmedia.fi\/en\/wp-json\/wp\/v2\/posts"}],"about":[{"href":"https:\/\/musicmedia.fi\/en\/wp-json\/wp\/v2\/types\/post"}],"author":[{"embeddable":true,"href":"https:\/\/musicmedia.fi\/en\/wp-json\/wp\/v2\/users\/11"}],"replies":[{"embeddable":true,"href":"https:\/\/musicmedia.fi\/en\/wp-json\/wp\/v2\/comments?post=4569"}],"version-history":[{"count":0,"href":"https:\/\/musicmedia.fi\/en\/wp-json\/wp\/v2\/posts\/4569\/revisions"}],"wp:featuredmedia":[{"embeddable":true,"href":"https:\/\/musicmedia.fi\/en\/wp-json\/wp\/v2\/media\/4570"}],"wp:attachment":[{"href":"https:\/\/musicmedia.fi\/en\/wp-json\/wp\/v2\/media?parent=4569"}],"wp:term":[{"taxonomy":"category","embeddable":true,"href":"https:\/\/musicmedia.fi\/en\/wp-json\/wp\/v2\/categories?post=4569"},{"taxonomy":"post_tag","embeddable":true,"href":"https:\/\/musicmedia.fi\/en\/wp-json\/wp\/v2\/tags?post=4569"}],"curies":[{"name":"wp","href":"https:\/\/api.w.org\/{rel}","templated":true}]}}