{"id":4391,"date":"2023-06-01T14:27:32","date_gmt":"2023-06-01T11:27:32","guid":{"rendered":"https:\/\/musicmedia.fi\/?p=4391"},"modified":"2024-11-04T11:04:40","modified_gmt":"2024-11-04T09:04:40","slug":"lost-in-musicin-artistikattaus-kasvaa-vahvistuksissa-mukana-mm-abreu-iisa-lake-jons-ja-yrjana","status":"publish","type":"post","link":"https:\/\/musicmedia.fi\/en\/lost-in-musicin-artistikattaus-kasvaa-vahvistuksissa-mukana-mm-abreu-iisa-lake-jons-ja-yrjana\/","title":{"rendered":"Lost In Musicin artistikattaus kasvaa \u2013 vahvistuksissa mukana mm. ABREU, Iisa, Lake Jons ja Yrj\u00e4n\u00e4"},"content":{"rendered":"<p><span style=\"font-weight: 400;\">Lokakuussa Tampereen livemusiikilla t\u00e4ytt\u00e4v\u00e4, suomen suurin kaupunki- ja showcase-festivaali Lost In Music t\u00e4ydent\u00e4\u00e4 artistikattaustaan monipuolisella tyylilajien tarjonnalla. Festivaali paljastaa my\u00f6s t\u00e4h\u00e4n saakka julkaistujen artistien p\u00e4iv\u00e4kohtaisen jaon \u2013 kaksi- ja kolmip\u00e4iv\u00e4iset festivaalirannekkeet sek\u00e4 ensimm\u00e4iset yksitt\u00e4isten tapahtumien p\u00e4\u00e4syliput tulevat myyntiin perjantaina 2.6. klo 10:00!<\/span><\/p>\n<p><span style=\"font-weight: 400;\">Nyt kasvavaan line-upiin saadaan suomalaisen pop-musiikin kovimmassa kastissa operoiva <\/span><b>ABREU<\/b><span style=\"font-weight: 400;\">, Suomi-indien kruununjalokivi <\/span><b>Iisa<\/b><span style=\"font-weight: 400;\">, odotetun uuden pitk\u00e4soittonsa hiljattain julkaissut <\/span><b>Lake Jons<\/b><span style=\"font-weight: 400;\"> sek\u00e4 tuoreet artistilupaukset <\/span><b>Bee <\/b><span style=\"font-weight: 400;\">and <\/span><b>Yrj\u00e4n\u00e4<\/b><span style=\"font-weight: 400;\">. Maailmanluokan pop-t\u00e4hdille kappaleita kirjoittanut, ruotsinsuomalainen laulaja-lauluntekij\u00e4 <\/span><b>Markus Kruneg\u00e5rd<\/b><span style=\"font-weight: 400;\"> saapuu Tampereelle tulevan suomenkielisen albuminsa tiimoilta. Lost In Musicin raskaamman musiikin vahvuutta t\u00e4ydent\u00e4v\u00e4t melodeath-yhtye<\/span><b> Bloodred Hourglass<\/b><span style=\"font-weight: 400;\">, festarilavojen konkarib\u00e4ndi <\/span><b>Nicole<\/b><span style=\"font-weight: 400;\">, elektroa ja hiphopia raskaisiin riffeihin yhdistelev\u00e4 <\/span><b>Khroma <\/b><span style=\"font-weight: 400;\">sek\u00e4 kasarista inspiroitunutta discodoomia soittava <\/span><b>One Morning Left.<\/b><span style=\"font-weight: 400;\">\u00a0\u00a0<\/span><\/p>\n<p><span style=\"font-weight: 400;\">Lost In Musicin tapahtumapaikkoina n\u00e4hd\u00e4\u00e4n tulevana syksyn\u00e4 niin vanhoja tuttuja kuin aivan uusiakin keikkapaikkoja \u2013 er\u00e4\u00e4n\u00e4 esimerkkin\u00e4 Tavara-asema, joka avattiin kuluvan vuoden alussa uudelleen kulttuurik\u00e4ytt\u00f6\u00f6n. Sen uudenkarhealla lavalla n\u00e4hd\u00e4\u00e4n The Holy, Iisa ja Lake Jons torstaina 5.10. Olympia-salissa kuullaan raskaampaa soundia Bloodred Hourglassin ja One Morning Leftin johdolla. Lost In Musicin kantapaikassa Tullikamarilla n\u00e4hd\u00e4\u00e4n keikat mm. ABREUlta ja Beelt\u00e4 perjantaina 6.10., sek\u00e4 Gettomasalta lauantaina 7.10. Samana iltana niin ik\u00e4\u00e4n vakiintuneeksi LIM-venueksi muodostuneella Yo-Talolla p\u00e4\u00e4st\u00e4\u00e4n live-tunnelmaan, kun Nicole ja Khroma astuvat puikkoihin.\u00a0<\/span><\/p>\n<p><span style=\"font-weight: 400;\">Liput tapahtumiin tulevat myyntiin perjantaina 2.6. klo 10:00. Samalla aukeaa my\u00f6s mahdollisuus hankkia itselleen kahden tai kolmen p\u00e4iv\u00e4n ranneke Lost In Musicin keikoille, tutun nelip\u00e4iv\u00e4isen rannekkeen rinnalle.\u00a0<\/span><\/p>\n<p>&nbsp;<\/p>\n<h2><b>Lost In Music 4.-7.10.2023, Tampere<\/b><\/h2>\n<p><span style=\"font-weight: 400;\">\u00a0\u00a0<\/span><\/p>\n<p><b>Ke 4.10.\u00a0<\/b><\/p>\n<p><b>MARKUS KRUNEG\u00c5RD + lis\u00e4yksi\u00e4 tulossa<\/b><\/p>\n<p>&nbsp;<\/p>\n<p><b>To 5.10.<\/b><\/p>\n<p><b>THE HOLY, JOALIN, IISA, LAKE JONS, YRJ\u00c4N\u00c4, BLOODRED HOURGLASS, ONE MORNING LEFT\u00a0 + lis\u00e4yksi\u00e4 tulossa<\/b><\/p>\n<p>&nbsp;<\/p>\n<p><b>Pe 6.10.\u00a0<\/b><\/p>\n<p><b>ABREU, BEE + lis\u00e4yksi\u00e4 tulossa<\/b><\/p>\n<p>&nbsp;<\/p>\n<p><b>La 7.10.\u00a0<\/b><\/p>\n<p><b>GETTOMASA, NICOLE, KHROMA\u00a0 + lis\u00e4yksi\u00e4 tulossa\u00a0<\/b><\/p>\n<p>&nbsp;<\/p>\n<p><a href=\"http:\/\/www.lostinmusic.fi\">www.lostinmusic.fi\u00a0<\/a><\/p>","protected":false},"excerpt":{"rendered":"<p>Lokakuussa Tampereen livemusiikilla t\u00e4ytt\u00e4v\u00e4, suomen suurin kaupunki- ja showcase-festivaali Lost In Music t\u00e4ydent\u00e4\u00e4 artistikattaustaan monipuolisella tyylilajien tarjonnalla. Festivaali paljastaa my\u00f6s t\u00e4h\u00e4n saakka julkaistujen artistien p\u00e4iv\u00e4kohtaisen jaon \u2013 kaksi- ja kolmip\u00e4iv\u00e4iset festivaalirannekkeet sek\u00e4 ensimm\u00e4iset yksitt\u00e4isten tapahtumien p\u00e4\u00e4syliput tulevat myyntiin perjantaina 2.6. klo 10:00! Nyt kasvavaan line-upiin saadaan suomalaisen pop-musiikin kovimmassa kastissa operoiva ABREU, Suomi-indien kruununjalokivi Iisa, [&hellip;]<\/p>","protected":false},"author":11,"featured_media":4433,"comment_status":"closed","ping_status":"open","sticky":false,"template":"","format":"standard","meta":{"_acf_changed":false,"inline_featured_image":false,"footnotes":""},"categories":[756],"tags":[],"class_list":["post-4391","post","type-post","status-publish","format-standard","has-post-thumbnail","hentry","category-vain-suomeksi"],"acf":[],"yoast_head":"<!-- This site is optimized with the Yoast SEO plugin v25.7 - https:\/\/yoast.com\/wordpress\/plugins\/seo\/ -->\n<title>Lost In Musicin artistikattaus kasvaa \u2013 vahvistuksissa mukana mm. ABREU, Iisa, Lake Jons ja Yrj\u00e4n\u00e4 - Music x Media<\/title>\n<meta name=\"robots\" content=\"index, follow, max-snippet:-1, max-image-preview:large, max-video-preview:-1\" \/>\n<link rel=\"canonical\" href=\"https:\/\/musicmedia.fi\/en\/lost-in-musicin-artistikattaus-kasvaa-vahvistuksissa-mukana-mm-abreu-iisa-lake-jons-ja-yrjana\/\" \/>\n<meta property=\"og:locale\" content=\"en_GB\" \/>\n<meta property=\"og:type\" content=\"article\" \/>\n<meta property=\"og:title\" content=\"Lost In Musicin artistikattaus kasvaa \u2013 vahvistuksissa mukana mm. ABREU, Iisa, Lake Jons ja Yrj\u00e4n\u00e4 - Music x Media\" \/>\n<meta property=\"og:description\" content=\"Lokakuussa Tampereen livemusiikilla t\u00e4ytt\u00e4v\u00e4, suomen suurin kaupunki- ja showcase-festivaali Lost In Music t\u00e4ydent\u00e4\u00e4 artistikattaustaan monipuolisella tyylilajien tarjonnalla. Festivaali paljastaa my\u00f6s t\u00e4h\u00e4n saakka julkaistujen artistien p\u00e4iv\u00e4kohtaisen jaon \u2013 kaksi- ja kolmip\u00e4iv\u00e4iset festivaalirannekkeet sek\u00e4 ensimm\u00e4iset yksitt\u00e4isten tapahtumien p\u00e4\u00e4syliput tulevat myyntiin perjantaina 2.6. klo 10:00! Nyt kasvavaan line-upiin saadaan suomalaisen pop-musiikin kovimmassa kastissa operoiva ABREU, Suomi-indien kruununjalokivi Iisa, [&hellip;]\" \/>\n<meta property=\"og:url\" content=\"https:\/\/musicmedia.fi\/en\/lost-in-musicin-artistikattaus-kasvaa-vahvistuksissa-mukana-mm-abreu-iisa-lake-jons-ja-yrjana\/\" \/>\n<meta property=\"og:site_name\" content=\"Music x Media\" \/>\n<meta property=\"article:published_time\" content=\"2023-06-01T11:27:32+00:00\" \/>\n<meta property=\"article:modified_time\" content=\"2024-11-04T09:04:40+00:00\" \/>\n<meta property=\"og:image\" content=\"https:\/\/musicmedia.fi\/wp-content\/uploads\/2023\/06\/abreu-5239-3x2-kuva-tero-ahonen-01-scaled.jpg\" \/>\n\t<meta property=\"og:image:width\" content=\"2560\" \/>\n\t<meta property=\"og:image:height\" content=\"1707\" \/>\n\t<meta property=\"og:image:type\" content=\"image\/jpeg\" \/>\n<meta name=\"author\" content=\"info@musicmedia.fi\" \/>\n<meta name=\"twitter:card\" content=\"summary_large_image\" \/>\n<meta name=\"twitter:label1\" content=\"Written by\" \/>\n\t<meta name=\"twitter:data1\" content=\"info@musicmedia.fi\" \/>\n\t<meta name=\"twitter:label2\" content=\"Estimated reading time\" \/>\n\t<meta name=\"twitter:data2\" content=\"2 minutes\" \/>\n<script type=\"application\/ld+json\" class=\"yoast-schema-graph\">{\"@context\":\"https:\/\/schema.org\",\"@graph\":[{\"@type\":\"Article\",\"@id\":\"https:\/\/musicmedia.fi\/lost-in-musicin-artistikattaus-kasvaa-vahvistuksissa-mukana-mm-abreu-iisa-lake-jons-ja-yrjana\/#article\",\"isPartOf\":{\"@id\":\"https:\/\/musicmedia.fi\/lost-in-musicin-artistikattaus-kasvaa-vahvistuksissa-mukana-mm-abreu-iisa-lake-jons-ja-yrjana\/\"},\"author\":{\"name\":\"info@musicmedia.fi\",\"@id\":\"https:\/\/musicmedia.fi\/#\/schema\/person\/4d79763c56ccb5c8c01ae47497da967d\"},\"headline\":\"Lost In Musicin artistikattaus kasvaa \u2013 vahvistuksissa mukana mm. ABREU, Iisa, Lake Jons ja Yrj\u00e4n\u00e4\",\"datePublished\":\"2023-06-01T11:27:32+00:00\",\"dateModified\":\"2024-11-04T09:04:40+00:00\",\"mainEntityOfPage\":{\"@id\":\"https:\/\/musicmedia.fi\/lost-in-musicin-artistikattaus-kasvaa-vahvistuksissa-mukana-mm-abreu-iisa-lake-jons-ja-yrjana\/\"},\"wordCount\":312,\"publisher\":{\"@id\":\"https:\/\/musicmedia.fi\/#organization\"},\"image\":{\"@id\":\"https:\/\/musicmedia.fi\/lost-in-musicin-artistikattaus-kasvaa-vahvistuksissa-mukana-mm-abreu-iisa-lake-jons-ja-yrjana\/#primaryimage\"},\"thumbnailUrl\":\"https:\/\/musicmedia.fi\/wp-content\/uploads\/2023\/06\/abreu-5239-3x2-kuva-tero-ahonen-01-scaled.jpg\",\"articleSection\":[\"Vain suomeksi\"],\"inLanguage\":\"en-GB\"},{\"@type\":\"WebPage\",\"@id\":\"https:\/\/musicmedia.fi\/lost-in-musicin-artistikattaus-kasvaa-vahvistuksissa-mukana-mm-abreu-iisa-lake-jons-ja-yrjana\/\",\"url\":\"https:\/\/musicmedia.fi\/lost-in-musicin-artistikattaus-kasvaa-vahvistuksissa-mukana-mm-abreu-iisa-lake-jons-ja-yrjana\/\",\"name\":\"Lost In Musicin artistikattaus kasvaa \u2013 vahvistuksissa mukana mm. ABREU, Iisa, Lake Jons ja Yrj\u00e4n\u00e4 - Music x Media\",\"isPartOf\":{\"@id\":\"https:\/\/musicmedia.fi\/#website\"},\"primaryImageOfPage\":{\"@id\":\"https:\/\/musicmedia.fi\/lost-in-musicin-artistikattaus-kasvaa-vahvistuksissa-mukana-mm-abreu-iisa-lake-jons-ja-yrjana\/#primaryimage\"},\"image\":{\"@id\":\"https:\/\/musicmedia.fi\/lost-in-musicin-artistikattaus-kasvaa-vahvistuksissa-mukana-mm-abreu-iisa-lake-jons-ja-yrjana\/#primaryimage\"},\"thumbnailUrl\":\"https:\/\/musicmedia.fi\/wp-content\/uploads\/2023\/06\/abreu-5239-3x2-kuva-tero-ahonen-01-scaled.jpg\",\"datePublished\":\"2023-06-01T11:27:32+00:00\",\"dateModified\":\"2024-11-04T09:04:40+00:00\",\"breadcrumb\":{\"@id\":\"https:\/\/musicmedia.fi\/lost-in-musicin-artistikattaus-kasvaa-vahvistuksissa-mukana-mm-abreu-iisa-lake-jons-ja-yrjana\/#breadcrumb\"},\"inLanguage\":\"en-GB\",\"potentialAction\":[{\"@type\":\"ReadAction\",\"target\":[\"https:\/\/musicmedia.fi\/lost-in-musicin-artistikattaus-kasvaa-vahvistuksissa-mukana-mm-abreu-iisa-lake-jons-ja-yrjana\/\"]}]},{\"@type\":\"ImageObject\",\"inLanguage\":\"en-GB\",\"@id\":\"https:\/\/musicmedia.fi\/lost-in-musicin-artistikattaus-kasvaa-vahvistuksissa-mukana-mm-abreu-iisa-lake-jons-ja-yrjana\/#primaryimage\",\"url\":\"https:\/\/musicmedia.fi\/wp-content\/uploads\/2023\/06\/abreu-5239-3x2-kuva-tero-ahonen-01-scaled.jpg\",\"contentUrl\":\"https:\/\/musicmedia.fi\/wp-content\/uploads\/2023\/06\/abreu-5239-3x2-kuva-tero-ahonen-01-scaled.jpg\",\"width\":2560,\"height\":1707},{\"@type\":\"BreadcrumbList\",\"@id\":\"https:\/\/musicmedia.fi\/lost-in-musicin-artistikattaus-kasvaa-vahvistuksissa-mukana-mm-abreu-iisa-lake-jons-ja-yrjana\/#breadcrumb\",\"itemListElement\":[{\"@type\":\"ListItem\",\"position\":1,\"name\":\"Home\",\"item\":\"https:\/\/musicmedia.fi\/\"},{\"@type\":\"ListItem\",\"position\":2,\"name\":\"Lost In Musicin artistikattaus kasvaa \u2013 vahvistuksissa mukana mm. ABREU, Iisa, Lake Jons ja Yrj\u00e4n\u00e4\"}]},{\"@type\":\"WebSite\",\"@id\":\"https:\/\/musicmedia.fi\/#website\",\"url\":\"https:\/\/musicmedia.fi\/\",\"name\":\"Music x Media\",\"description\":\"Musiikki-, viihde- ja tapahtuma-alojen kohtaamispaikka\",\"publisher\":{\"@id\":\"https:\/\/musicmedia.fi\/#organization\"},\"potentialAction\":[{\"@type\":\"SearchAction\",\"target\":{\"@type\":\"EntryPoint\",\"urlTemplate\":\"https:\/\/musicmedia.fi\/?s={search_term_string}\"},\"query-input\":{\"@type\":\"PropertyValueSpecification\",\"valueRequired\":true,\"valueName\":\"search_term_string\"}}],\"inLanguage\":\"en-GB\"},{\"@type\":\"Organization\",\"@id\":\"https:\/\/musicmedia.fi\/#organization\",\"name\":\"Music x Media\",\"url\":\"https:\/\/musicmedia.fi\/\",\"logo\":{\"@type\":\"ImageObject\",\"inLanguage\":\"en-GB\",\"@id\":\"https:\/\/musicmedia.fi\/#\/schema\/logo\/image\/\",\"url\":\"https:\/\/musicmedia.fi\/wp-content\/uploads\/2022\/05\/logo.png\",\"contentUrl\":\"https:\/\/musicmedia.fi\/wp-content\/uploads\/2022\/05\/logo.png\",\"width\":276,\"height\":147,\"caption\":\"Music x Media\"},\"image\":{\"@id\":\"https:\/\/musicmedia.fi\/#\/schema\/logo\/image\/\"}},{\"@type\":\"Person\",\"@id\":\"https:\/\/musicmedia.fi\/#\/schema\/person\/4d79763c56ccb5c8c01ae47497da967d\",\"name\":\"info@musicmedia.fi\",\"url\":\"https:\/\/musicmedia.fi\/en\/author\/infomusicmedia-fi\/\"}]}<\/script>\n<!-- \/ Yoast SEO plugin. -->","yoast_head_json":{"title":"Lost In Musicin artistikattaus kasvaa \u2013 vahvistuksissa mukana mm. ABREU, Iisa, Lake Jons ja Yrj\u00e4n\u00e4 - Music x Media","robots":{"index":"index","follow":"follow","max-snippet":"max-snippet:-1","max-image-preview":"max-image-preview:large","max-video-preview":"max-video-preview:-1"},"canonical":"https:\/\/musicmedia.fi\/en\/lost-in-musicin-artistikattaus-kasvaa-vahvistuksissa-mukana-mm-abreu-iisa-lake-jons-ja-yrjana\/","og_locale":"en_GB","og_type":"article","og_title":"Lost In Musicin artistikattaus kasvaa \u2013 vahvistuksissa mukana mm. ABREU, Iisa, Lake Jons ja Yrj\u00e4n\u00e4 - Music x Media","og_description":"Lokakuussa Tampereen livemusiikilla t\u00e4ytt\u00e4v\u00e4, suomen suurin kaupunki- ja showcase-festivaali Lost In Music t\u00e4ydent\u00e4\u00e4 artistikattaustaan monipuolisella tyylilajien tarjonnalla. Festivaali paljastaa my\u00f6s t\u00e4h\u00e4n saakka julkaistujen artistien p\u00e4iv\u00e4kohtaisen jaon \u2013 kaksi- ja kolmip\u00e4iv\u00e4iset festivaalirannekkeet sek\u00e4 ensimm\u00e4iset yksitt\u00e4isten tapahtumien p\u00e4\u00e4syliput tulevat myyntiin perjantaina 2.6. klo 10:00! Nyt kasvavaan line-upiin saadaan suomalaisen pop-musiikin kovimmassa kastissa operoiva ABREU, Suomi-indien kruununjalokivi Iisa, [&hellip;]","og_url":"https:\/\/musicmedia.fi\/en\/lost-in-musicin-artistikattaus-kasvaa-vahvistuksissa-mukana-mm-abreu-iisa-lake-jons-ja-yrjana\/","og_site_name":"Music x Media","article_published_time":"2023-06-01T11:27:32+00:00","article_modified_time":"2024-11-04T09:04:40+00:00","og_image":[{"width":2560,"height":1707,"url":"https:\/\/musicmedia.fi\/wp-content\/uploads\/2023\/06\/abreu-5239-3x2-kuva-tero-ahonen-01-scaled.jpg","type":"image\/jpeg"}],"author":"info@musicmedia.fi","twitter_card":"summary_large_image","twitter_misc":{"Written by":"info@musicmedia.fi","Estimated reading time":"2 minutes"},"schema":{"@context":"https:\/\/schema.org","@graph":[{"@type":"Article","@id":"https:\/\/musicmedia.fi\/lost-in-musicin-artistikattaus-kasvaa-vahvistuksissa-mukana-mm-abreu-iisa-lake-jons-ja-yrjana\/#article","isPartOf":{"@id":"https:\/\/musicmedia.fi\/lost-in-musicin-artistikattaus-kasvaa-vahvistuksissa-mukana-mm-abreu-iisa-lake-jons-ja-yrjana\/"},"author":{"name":"info@musicmedia.fi","@id":"https:\/\/musicmedia.fi\/#\/schema\/person\/4d79763c56ccb5c8c01ae47497da967d"},"headline":"Lost In Musicin artistikattaus kasvaa \u2013 vahvistuksissa mukana mm. ABREU, Iisa, Lake Jons ja Yrj\u00e4n\u00e4","datePublished":"2023-06-01T11:27:32+00:00","dateModified":"2024-11-04T09:04:40+00:00","mainEntityOfPage":{"@id":"https:\/\/musicmedia.fi\/lost-in-musicin-artistikattaus-kasvaa-vahvistuksissa-mukana-mm-abreu-iisa-lake-jons-ja-yrjana\/"},"wordCount":312,"publisher":{"@id":"https:\/\/musicmedia.fi\/#organization"},"image":{"@id":"https:\/\/musicmedia.fi\/lost-in-musicin-artistikattaus-kasvaa-vahvistuksissa-mukana-mm-abreu-iisa-lake-jons-ja-yrjana\/#primaryimage"},"thumbnailUrl":"https:\/\/musicmedia.fi\/wp-content\/uploads\/2023\/06\/abreu-5239-3x2-kuva-tero-ahonen-01-scaled.jpg","articleSection":["Vain suomeksi"],"inLanguage":"en-GB"},{"@type":"WebPage","@id":"https:\/\/musicmedia.fi\/lost-in-musicin-artistikattaus-kasvaa-vahvistuksissa-mukana-mm-abreu-iisa-lake-jons-ja-yrjana\/","url":"https:\/\/musicmedia.fi\/lost-in-musicin-artistikattaus-kasvaa-vahvistuksissa-mukana-mm-abreu-iisa-lake-jons-ja-yrjana\/","name":"Lost In Musicin artistikattaus kasvaa \u2013 vahvistuksissa mukana mm. ABREU, Iisa, Lake Jons ja Yrj\u00e4n\u00e4 - Music x Media","isPartOf":{"@id":"https:\/\/musicmedia.fi\/#website"},"primaryImageOfPage":{"@id":"https:\/\/musicmedia.fi\/lost-in-musicin-artistikattaus-kasvaa-vahvistuksissa-mukana-mm-abreu-iisa-lake-jons-ja-yrjana\/#primaryimage"},"image":{"@id":"https:\/\/musicmedia.fi\/lost-in-musicin-artistikattaus-kasvaa-vahvistuksissa-mukana-mm-abreu-iisa-lake-jons-ja-yrjana\/#primaryimage"},"thumbnailUrl":"https:\/\/musicmedia.fi\/wp-content\/uploads\/2023\/06\/abreu-5239-3x2-kuva-tero-ahonen-01-scaled.jpg","datePublished":"2023-06-01T11:27:32+00:00","dateModified":"2024-11-04T09:04:40+00:00","breadcrumb":{"@id":"https:\/\/musicmedia.fi\/lost-in-musicin-artistikattaus-kasvaa-vahvistuksissa-mukana-mm-abreu-iisa-lake-jons-ja-yrjana\/#breadcrumb"},"inLanguage":"en-GB","potentialAction":[{"@type":"ReadAction","target":["https:\/\/musicmedia.fi\/lost-in-musicin-artistikattaus-kasvaa-vahvistuksissa-mukana-mm-abreu-iisa-lake-jons-ja-yrjana\/"]}]},{"@type":"ImageObject","inLanguage":"en-GB","@id":"https:\/\/musicmedia.fi\/lost-in-musicin-artistikattaus-kasvaa-vahvistuksissa-mukana-mm-abreu-iisa-lake-jons-ja-yrjana\/#primaryimage","url":"https:\/\/musicmedia.fi\/wp-content\/uploads\/2023\/06\/abreu-5239-3x2-kuva-tero-ahonen-01-scaled.jpg","contentUrl":"https:\/\/musicmedia.fi\/wp-content\/uploads\/2023\/06\/abreu-5239-3x2-kuva-tero-ahonen-01-scaled.jpg","width":2560,"height":1707},{"@type":"BreadcrumbList","@id":"https:\/\/musicmedia.fi\/lost-in-musicin-artistikattaus-kasvaa-vahvistuksissa-mukana-mm-abreu-iisa-lake-jons-ja-yrjana\/#breadcrumb","itemListElement":[{"@type":"ListItem","position":1,"name":"Home","item":"https:\/\/musicmedia.fi\/"},{"@type":"ListItem","position":2,"name":"Lost In Musicin artistikattaus kasvaa \u2013 vahvistuksissa mukana mm. ABREU, Iisa, Lake Jons ja Yrj\u00e4n\u00e4"}]},{"@type":"WebSite","@id":"https:\/\/musicmedia.fi\/#website","url":"https:\/\/musicmedia.fi\/","name":"Music x Media","description":"Bridging the worlds of Music, Entertainment, and Event Industries","publisher":{"@id":"https:\/\/musicmedia.fi\/#organization"},"potentialAction":[{"@type":"SearchAction","target":{"@type":"EntryPoint","urlTemplate":"https:\/\/musicmedia.fi\/?s={search_term_string}"},"query-input":{"@type":"PropertyValueSpecification","valueRequired":true,"valueName":"search_term_string"}}],"inLanguage":"en-GB"},{"@type":"Organization","@id":"https:\/\/musicmedia.fi\/#organization","name":"Music x Media","url":"https:\/\/musicmedia.fi\/","logo":{"@type":"ImageObject","inLanguage":"en-GB","@id":"https:\/\/musicmedia.fi\/#\/schema\/logo\/image\/","url":"https:\/\/musicmedia.fi\/wp-content\/uploads\/2022\/05\/logo.png","contentUrl":"https:\/\/musicmedia.fi\/wp-content\/uploads\/2022\/05\/logo.png","width":276,"height":147,"caption":"Music x Media"},"image":{"@id":"https:\/\/musicmedia.fi\/#\/schema\/logo\/image\/"}},{"@type":"Person","@id":"https:\/\/musicmedia.fi\/#\/schema\/person\/4d79763c56ccb5c8c01ae47497da967d","name":"info@musicmedia.fi","url":"https:\/\/musicmedia.fi\/en\/author\/infomusicmedia-fi\/"}]}},"_links":{"self":[{"href":"https:\/\/musicmedia.fi\/en\/wp-json\/wp\/v2\/posts\/4391","targetHints":{"allow":["GET"]}}],"collection":[{"href":"https:\/\/musicmedia.fi\/en\/wp-json\/wp\/v2\/posts"}],"about":[{"href":"https:\/\/musicmedia.fi\/en\/wp-json\/wp\/v2\/types\/post"}],"author":[{"embeddable":true,"href":"https:\/\/musicmedia.fi\/en\/wp-json\/wp\/v2\/users\/11"}],"replies":[{"embeddable":true,"href":"https:\/\/musicmedia.fi\/en\/wp-json\/wp\/v2\/comments?post=4391"}],"version-history":[{"count":0,"href":"https:\/\/musicmedia.fi\/en\/wp-json\/wp\/v2\/posts\/4391\/revisions"}],"wp:featuredmedia":[{"embeddable":true,"href":"https:\/\/musicmedia.fi\/en\/wp-json\/wp\/v2\/media\/4433"}],"wp:attachment":[{"href":"https:\/\/musicmedia.fi\/en\/wp-json\/wp\/v2\/media?parent=4391"}],"wp:term":[{"taxonomy":"category","embeddable":true,"href":"https:\/\/musicmedia.fi\/en\/wp-json\/wp\/v2\/categories?post=4391"},{"taxonomy":"post_tag","embeddable":true,"href":"https:\/\/musicmedia.fi\/en\/wp-json\/wp\/v2\/tags?post=4391"}],"curies":[{"name":"wp","href":"https:\/\/api.w.org\/{rel}","templated":true}]}}