{"id":4095,"date":"2023-05-08T20:31:53","date_gmt":"2023-05-08T17:31:53","guid":{"rendered":"https:\/\/musamedia.fi\/?p=4095"},"modified":"2023-06-01T14:29:01","modified_gmt":"2023-06-01T11:29:01","slug":"kuka-musiikkialalta-olisi-sinun-suosikkisi-tahtikadun-tahden-saajaksi","status":"publish","type":"post","link":"https:\/\/musicmedia.fi\/en\/kuka-musiikkialalta-olisi-sinun-suosikkisi-tahtikadun-tahden-saajaksi\/","title":{"rendered":"Kuka musiikkialalta olisi sinun suosikkisi T\u00e4htikadun t\u00e4hden saajaksi?"},"content":{"rendered":"<div class=\"\">\n<p>Tampereella \u00c5kerlundinkadulla sijaitseva T\u00e4htikatu on musiikkia, artisteja, musiikintekij\u00f6it\u00e4 ja musiikkialan vaikuttajia kunnioittava katu Hollywoodin jalanj\u00e4ljiss\u00e4 \u2013 ensimm\u00e4inen valtakunnallinen ja kansainv\u00e4linen T\u00e4htikatu Suomessa. Nyt on aika ehdottaa vuoden 2023 t\u00e4htien saajat T\u00e4htikadulle.<\/p>\n<p>T\u00e4htikatu perustettiin Tampereelle vuonna 2019 ja se on t\u00e4ydentynyt joka vuosi uusilla t\u00e4hdill\u00e4. T\u00e4ll\u00e4 hetkell\u00e4 kadulla loistaa 23 musiikkialan t\u00e4hte\u00e4. Vuosittain kadulle lis\u00e4t\u00e4\u00e4n 5-8 uutta t\u00e4hte\u00e4 yleis\u00f6lt\u00e4 saatujen ehdotusten pohjalta.<\/p>\n<p>Nyt on j\u00e4lleen mahdollisuus vaikuttaa siihen, kenen musiikkialan nimen haluaisit itse n\u00e4hd\u00e4 ikuistettuna T\u00e4htikadun laattaan. Ehdotuksia t\u00e4htilaattoihin ikuistettavista nimist\u00e4 voi j\u00e4tt\u00e4\u00e4 verkkolomakkeella 14.5.2023 asti.<\/p>\n<p>Yleis\u00f6n ehdotusten perusteella aiempina vuosina omat t\u00e4htens\u00e4 kadulle ovat saaneet Jean Sibelius, Kaija Saariaho, Juice Leskinen, Popeda, Cheek, Katri Helena, Epe Helenius, Tapio Korjus, Eppu Normaali, Nightwish, Karita Mattila, Ismo Alanko, Paula Koivuniemi, Mikko Alatalo, Y\u00f6, V\u00e4rttin\u00e4, Kaija Koo, Esa-Pekka Salonen, Jaakko Kuusisto, Hanoi Rocks, Erja Lyytinen, Heikki Salo ja Marion Rung.<\/p>\n<p>T\u00e4htikadulle nimetyt t\u00e4hdet edustavat monipuolisesti eri sektoreita ja genrej\u00e4. T\u00e4htien saajia valittaessa otetaan huomioon monimuotoisuus, valtakunnallisuus sek\u00e4 tasa-arvo esimerkiksi sukupuolten ja i\u00e4n n\u00e4k\u00f6kulmasta. T\u00e4rke\u00e4t\u00e4 on my\u00f6s Tampereen musiikkiperinn\u00f6n merkitys.<\/p>\n<p>Yleis\u00f6 voi ehdottaa keit\u00e4 tahansa alalla vaikuttavia tai vaikuttaneita henkil\u00f6it\u00e4 tai tahoja: artisteja, yhtyeit\u00e4, musiikintekij\u00f6it\u00e4, sanoittajia, s\u00e4velt\u00e4ji\u00e4 ja musiikintuottajia sek\u00e4 organisaatioiden tai instituutioiden edustajia.\u00a0Yleis\u00f6lt\u00e4 tulleiden ehdotusten pohjalta Music x Media -tapahtuman hallitus tekee esitykset t\u00e4htiin ikuistettavista henkil\u00f6ist\u00e4 perusteluineen. Hallitus koostuu musiikkialan kokeneista ammattilaisista. Lopullisen p\u00e4\u00e4t\u00f6ksen yleis\u00f6t\u00e4hdist\u00e4 tekee Tampereen kaupungin kulttuuri- ja vapaa-aikalautakunta. Vuoden 2023 t\u00e4htien saajat julkistetaan perinteiseen tapaan osana Tampereen p\u00e4iv\u00e4n ohjelmaa syksyll\u00e4 2023.<\/p>\n<p>Tampereen T\u00e4htikatu sijaitsee Tampere-talolta Tullin alueelle kulkevalla \u00c5kerlundinkadulla.\u00a0 T\u00e4htikatu on toteutettu Tampereen kaupungin, Tampere-talon ja luovien alojen ammattilaistapahtuman Music x Median yhteisty\u00f6n\u00e4.<\/p>\n<\/div>\n<div><\/div>\n<div class=\"\">Ehdotuksia t\u00e4htilaattoihin ikuistettavista nimist\u00e4 voi j\u00e4tt\u00e4\u00e4 verkkolomakkeella 14.5.2023 asti:<\/div>\n<div class=\"\"><\/div>\n<div class=\"\"><a href=\"https:\/\/elomake.tampere.fi\/lomakkeet\/27791\/lomakkeet.html\">Ehdota T\u00e4htikadulle uutta t\u00e4hte\u00e4<\/a><\/div>","protected":false},"excerpt":{"rendered":"<p>Tampereella \u00c5kerlundinkadulla sijaitseva T\u00e4htikatu on musiikkia, artisteja, musiikintekij\u00f6it\u00e4 ja musiikkialan vaikuttajia kunnioittava katu Hollywoodin jalanj\u00e4ljiss\u00e4 \u2013 ensimm\u00e4inen valtakunnallinen ja kansainv\u00e4linen T\u00e4htikatu Suomessa. Nyt on aika ehdottaa vuoden 2023 t\u00e4htien saajat T\u00e4htikadulle. T\u00e4htikatu perustettiin Tampereelle vuonna 2019 ja se on t\u00e4ydentynyt joka vuosi uusilla t\u00e4hdill\u00e4. T\u00e4ll\u00e4 hetkell\u00e4 kadulla loistaa 23 musiikkialan t\u00e4hte\u00e4. Vuosittain kadulle lis\u00e4t\u00e4\u00e4n 5-8 [&hellip;]<\/p>","protected":false},"author":10,"featured_media":4096,"comment_status":"closed","ping_status":"open","sticky":false,"template":"","format":"standard","meta":{"_acf_changed":false,"inline_featured_image":false,"footnotes":""},"categories":[756],"tags":[],"class_list":["post-4095","post","type-post","status-publish","format-standard","has-post-thumbnail","hentry","category-vain-suomeksi"],"acf":[],"yoast_head":"<!-- This site is optimized with the Yoast SEO plugin v25.7 - https:\/\/yoast.com\/wordpress\/plugins\/seo\/ -->\n<title>Kuka musiikkialalta olisi sinun suosikkisi T\u00e4htikadun t\u00e4hden saajaksi? - Music x Media<\/title>\n<meta name=\"robots\" content=\"index, follow, max-snippet:-1, max-image-preview:large, max-video-preview:-1\" \/>\n<link rel=\"canonical\" href=\"https:\/\/musicmedia.fi\/en\/kuka-musiikkialalta-olisi-sinun-suosikkisi-tahtikadun-tahden-saajaksi\/\" \/>\n<meta property=\"og:locale\" content=\"en_GB\" \/>\n<meta property=\"og:type\" content=\"article\" \/>\n<meta property=\"og:title\" content=\"Kuka musiikkialalta olisi sinun suosikkisi T\u00e4htikadun t\u00e4hden saajaksi? - Music x Media\" \/>\n<meta property=\"og:description\" content=\"Tampereella \u00c5kerlundinkadulla sijaitseva T\u00e4htikatu on musiikkia, artisteja, musiikintekij\u00f6it\u00e4 ja musiikkialan vaikuttajia kunnioittava katu Hollywoodin jalanj\u00e4ljiss\u00e4 \u2013 ensimm\u00e4inen valtakunnallinen ja kansainv\u00e4linen T\u00e4htikatu Suomessa. Nyt on aika ehdottaa vuoden 2023 t\u00e4htien saajat T\u00e4htikadulle. T\u00e4htikatu perustettiin Tampereelle vuonna 2019 ja se on t\u00e4ydentynyt joka vuosi uusilla t\u00e4hdill\u00e4. T\u00e4ll\u00e4 hetkell\u00e4 kadulla loistaa 23 musiikkialan t\u00e4hte\u00e4. Vuosittain kadulle lis\u00e4t\u00e4\u00e4n 5-8 [&hellip;]\" \/>\n<meta property=\"og:url\" content=\"https:\/\/musicmedia.fi\/en\/kuka-musiikkialalta-olisi-sinun-suosikkisi-tahtikadun-tahden-saajaksi\/\" \/>\n<meta property=\"og:site_name\" content=\"Music x Media\" \/>\n<meta property=\"article:published_time\" content=\"2023-05-08T17:31:53+00:00\" \/>\n<meta property=\"article:modified_time\" content=\"2023-06-01T11:29:01+00:00\" \/>\n<meta property=\"og:image\" content=\"https:\/\/musicmedia.fi\/wp-content\/uploads\/2023\/05\/20220922_Tahtikadun_tahdet2022_00101.jpg\" \/>\n\t<meta property=\"og:image:width\" content=\"1024\" \/>\n\t<meta property=\"og:image:height\" content=\"683\" \/>\n\t<meta property=\"og:image:type\" content=\"image\/jpeg\" \/>\n<meta name=\"author\" content=\"Yleinen K\u00e4ytt\u00e4j\u00e4\" \/>\n<meta name=\"twitter:card\" content=\"summary_large_image\" \/>\n<meta name=\"twitter:label1\" content=\"Written by\" \/>\n\t<meta name=\"twitter:data1\" content=\"Yleinen K\u00e4ytt\u00e4j\u00e4\" \/>\n\t<meta name=\"twitter:label2\" content=\"Estimated reading time\" \/>\n\t<meta name=\"twitter:data2\" content=\"2 minutes\" \/>\n<script type=\"application\/ld+json\" class=\"yoast-schema-graph\">{\"@context\":\"https:\/\/schema.org\",\"@graph\":[{\"@type\":\"Article\",\"@id\":\"https:\/\/musicmedia.fi\/kuka-musiikkialalta-olisi-sinun-suosikkisi-tahtikadun-tahden-saajaksi\/#article\",\"isPartOf\":{\"@id\":\"https:\/\/musicmedia.fi\/kuka-musiikkialalta-olisi-sinun-suosikkisi-tahtikadun-tahden-saajaksi\/\"},\"author\":{\"name\":\"Yleinen K\u00e4ytt\u00e4j\u00e4\",\"@id\":\"https:\/\/musicmedia.fi\/#\/schema\/person\/6dfb6fad0c166bc34e6122eba28eb0ca\"},\"headline\":\"Kuka musiikkialalta olisi sinun suosikkisi T\u00e4htikadun t\u00e4hden saajaksi?\",\"datePublished\":\"2023-05-08T17:31:53+00:00\",\"dateModified\":\"2023-06-01T11:29:01+00:00\",\"mainEntityOfPage\":{\"@id\":\"https:\/\/musicmedia.fi\/kuka-musiikkialalta-olisi-sinun-suosikkisi-tahtikadun-tahden-saajaksi\/\"},\"wordCount\":325,\"publisher\":{\"@id\":\"https:\/\/musicmedia.fi\/#organization\"},\"image\":{\"@id\":\"https:\/\/musicmedia.fi\/kuka-musiikkialalta-olisi-sinun-suosikkisi-tahtikadun-tahden-saajaksi\/#primaryimage\"},\"thumbnailUrl\":\"https:\/\/musicmedia.fi\/wp-content\/uploads\/2023\/05\/20220922_Tahtikadun_tahdet2022_00101.jpg\",\"articleSection\":[\"Vain suomeksi\"],\"inLanguage\":\"en-GB\"},{\"@type\":\"WebPage\",\"@id\":\"https:\/\/musicmedia.fi\/kuka-musiikkialalta-olisi-sinun-suosikkisi-tahtikadun-tahden-saajaksi\/\",\"url\":\"https:\/\/musicmedia.fi\/kuka-musiikkialalta-olisi-sinun-suosikkisi-tahtikadun-tahden-saajaksi\/\",\"name\":\"Kuka musiikkialalta olisi sinun suosikkisi T\u00e4htikadun t\u00e4hden saajaksi? - Music x Media\",\"isPartOf\":{\"@id\":\"https:\/\/musicmedia.fi\/#website\"},\"primaryImageOfPage\":{\"@id\":\"https:\/\/musicmedia.fi\/kuka-musiikkialalta-olisi-sinun-suosikkisi-tahtikadun-tahden-saajaksi\/#primaryimage\"},\"image\":{\"@id\":\"https:\/\/musicmedia.fi\/kuka-musiikkialalta-olisi-sinun-suosikkisi-tahtikadun-tahden-saajaksi\/#primaryimage\"},\"thumbnailUrl\":\"https:\/\/musicmedia.fi\/wp-content\/uploads\/2023\/05\/20220922_Tahtikadun_tahdet2022_00101.jpg\",\"datePublished\":\"2023-05-08T17:31:53+00:00\",\"dateModified\":\"2023-06-01T11:29:01+00:00\",\"breadcrumb\":{\"@id\":\"https:\/\/musicmedia.fi\/kuka-musiikkialalta-olisi-sinun-suosikkisi-tahtikadun-tahden-saajaksi\/#breadcrumb\"},\"inLanguage\":\"en-GB\",\"potentialAction\":[{\"@type\":\"ReadAction\",\"target\":[\"https:\/\/musicmedia.fi\/kuka-musiikkialalta-olisi-sinun-suosikkisi-tahtikadun-tahden-saajaksi\/\"]}]},{\"@type\":\"ImageObject\",\"inLanguage\":\"en-GB\",\"@id\":\"https:\/\/musicmedia.fi\/kuka-musiikkialalta-olisi-sinun-suosikkisi-tahtikadun-tahden-saajaksi\/#primaryimage\",\"url\":\"https:\/\/musicmedia.fi\/wp-content\/uploads\/2023\/05\/20220922_Tahtikadun_tahdet2022_00101.jpg\",\"contentUrl\":\"https:\/\/musicmedia.fi\/wp-content\/uploads\/2023\/05\/20220922_Tahtikadun_tahdet2022_00101.jpg\",\"width\":1024,\"height\":683},{\"@type\":\"BreadcrumbList\",\"@id\":\"https:\/\/musicmedia.fi\/kuka-musiikkialalta-olisi-sinun-suosikkisi-tahtikadun-tahden-saajaksi\/#breadcrumb\",\"itemListElement\":[{\"@type\":\"ListItem\",\"position\":1,\"name\":\"Home\",\"item\":\"https:\/\/musicmedia.fi\/\"},{\"@type\":\"ListItem\",\"position\":2,\"name\":\"Kuka musiikkialalta olisi sinun suosikkisi T\u00e4htikadun t\u00e4hden saajaksi?\"}]},{\"@type\":\"WebSite\",\"@id\":\"https:\/\/musicmedia.fi\/#website\",\"url\":\"https:\/\/musicmedia.fi\/\",\"name\":\"Music x Media\",\"description\":\"Musiikki-, viihde- ja tapahtuma-alojen kohtaamispaikka\",\"publisher\":{\"@id\":\"https:\/\/musicmedia.fi\/#organization\"},\"potentialAction\":[{\"@type\":\"SearchAction\",\"target\":{\"@type\":\"EntryPoint\",\"urlTemplate\":\"https:\/\/musicmedia.fi\/?s={search_term_string}\"},\"query-input\":{\"@type\":\"PropertyValueSpecification\",\"valueRequired\":true,\"valueName\":\"search_term_string\"}}],\"inLanguage\":\"en-GB\"},{\"@type\":\"Organization\",\"@id\":\"https:\/\/musicmedia.fi\/#organization\",\"name\":\"Music x Media\",\"url\":\"https:\/\/musicmedia.fi\/\",\"logo\":{\"@type\":\"ImageObject\",\"inLanguage\":\"en-GB\",\"@id\":\"https:\/\/musicmedia.fi\/#\/schema\/logo\/image\/\",\"url\":\"https:\/\/musicmedia.fi\/wp-content\/uploads\/2022\/05\/logo.png\",\"contentUrl\":\"https:\/\/musicmedia.fi\/wp-content\/uploads\/2022\/05\/logo.png\",\"width\":276,\"height\":147,\"caption\":\"Music x Media\"},\"image\":{\"@id\":\"https:\/\/musicmedia.fi\/#\/schema\/logo\/image\/\"}},{\"@type\":\"Person\",\"@id\":\"https:\/\/musicmedia.fi\/#\/schema\/person\/6dfb6fad0c166bc34e6122eba28eb0ca\",\"name\":\"Yleinen K\u00e4ytt\u00e4j\u00e4\",\"url\":\"https:\/\/musicmedia.fi\/en\/author\/moromusicmedia-fi\/\"}]}<\/script>\n<!-- \/ Yoast SEO plugin. -->","yoast_head_json":{"title":"Kuka musiikkialalta olisi sinun suosikkisi T\u00e4htikadun t\u00e4hden saajaksi? - Music x Media","robots":{"index":"index","follow":"follow","max-snippet":"max-snippet:-1","max-image-preview":"max-image-preview:large","max-video-preview":"max-video-preview:-1"},"canonical":"https:\/\/musicmedia.fi\/en\/kuka-musiikkialalta-olisi-sinun-suosikkisi-tahtikadun-tahden-saajaksi\/","og_locale":"en_GB","og_type":"article","og_title":"Kuka musiikkialalta olisi sinun suosikkisi T\u00e4htikadun t\u00e4hden saajaksi? - Music x Media","og_description":"Tampereella \u00c5kerlundinkadulla sijaitseva T\u00e4htikatu on musiikkia, artisteja, musiikintekij\u00f6it\u00e4 ja musiikkialan vaikuttajia kunnioittava katu Hollywoodin jalanj\u00e4ljiss\u00e4 \u2013 ensimm\u00e4inen valtakunnallinen ja kansainv\u00e4linen T\u00e4htikatu Suomessa. Nyt on aika ehdottaa vuoden 2023 t\u00e4htien saajat T\u00e4htikadulle. T\u00e4htikatu perustettiin Tampereelle vuonna 2019 ja se on t\u00e4ydentynyt joka vuosi uusilla t\u00e4hdill\u00e4. T\u00e4ll\u00e4 hetkell\u00e4 kadulla loistaa 23 musiikkialan t\u00e4hte\u00e4. Vuosittain kadulle lis\u00e4t\u00e4\u00e4n 5-8 [&hellip;]","og_url":"https:\/\/musicmedia.fi\/en\/kuka-musiikkialalta-olisi-sinun-suosikkisi-tahtikadun-tahden-saajaksi\/","og_site_name":"Music x Media","article_published_time":"2023-05-08T17:31:53+00:00","article_modified_time":"2023-06-01T11:29:01+00:00","og_image":[{"width":1024,"height":683,"url":"https:\/\/musicmedia.fi\/wp-content\/uploads\/2023\/05\/20220922_Tahtikadun_tahdet2022_00101.jpg","type":"image\/jpeg"}],"author":"Yleinen K\u00e4ytt\u00e4j\u00e4","twitter_card":"summary_large_image","twitter_misc":{"Written by":"Yleinen K\u00e4ytt\u00e4j\u00e4","Estimated reading time":"2 minutes"},"schema":{"@context":"https:\/\/schema.org","@graph":[{"@type":"Article","@id":"https:\/\/musicmedia.fi\/kuka-musiikkialalta-olisi-sinun-suosikkisi-tahtikadun-tahden-saajaksi\/#article","isPartOf":{"@id":"https:\/\/musicmedia.fi\/kuka-musiikkialalta-olisi-sinun-suosikkisi-tahtikadun-tahden-saajaksi\/"},"author":{"name":"Yleinen K\u00e4ytt\u00e4j\u00e4","@id":"https:\/\/musicmedia.fi\/#\/schema\/person\/6dfb6fad0c166bc34e6122eba28eb0ca"},"headline":"Kuka musiikkialalta olisi sinun suosikkisi T\u00e4htikadun t\u00e4hden saajaksi?","datePublished":"2023-05-08T17:31:53+00:00","dateModified":"2023-06-01T11:29:01+00:00","mainEntityOfPage":{"@id":"https:\/\/musicmedia.fi\/kuka-musiikkialalta-olisi-sinun-suosikkisi-tahtikadun-tahden-saajaksi\/"},"wordCount":325,"publisher":{"@id":"https:\/\/musicmedia.fi\/#organization"},"image":{"@id":"https:\/\/musicmedia.fi\/kuka-musiikkialalta-olisi-sinun-suosikkisi-tahtikadun-tahden-saajaksi\/#primaryimage"},"thumbnailUrl":"https:\/\/musicmedia.fi\/wp-content\/uploads\/2023\/05\/20220922_Tahtikadun_tahdet2022_00101.jpg","articleSection":["Vain suomeksi"],"inLanguage":"en-GB"},{"@type":"WebPage","@id":"https:\/\/musicmedia.fi\/kuka-musiikkialalta-olisi-sinun-suosikkisi-tahtikadun-tahden-saajaksi\/","url":"https:\/\/musicmedia.fi\/kuka-musiikkialalta-olisi-sinun-suosikkisi-tahtikadun-tahden-saajaksi\/","name":"Kuka musiikkialalta olisi sinun suosikkisi T\u00e4htikadun t\u00e4hden saajaksi? - Music x Media","isPartOf":{"@id":"https:\/\/musicmedia.fi\/#website"},"primaryImageOfPage":{"@id":"https:\/\/musicmedia.fi\/kuka-musiikkialalta-olisi-sinun-suosikkisi-tahtikadun-tahden-saajaksi\/#primaryimage"},"image":{"@id":"https:\/\/musicmedia.fi\/kuka-musiikkialalta-olisi-sinun-suosikkisi-tahtikadun-tahden-saajaksi\/#primaryimage"},"thumbnailUrl":"https:\/\/musicmedia.fi\/wp-content\/uploads\/2023\/05\/20220922_Tahtikadun_tahdet2022_00101.jpg","datePublished":"2023-05-08T17:31:53+00:00","dateModified":"2023-06-01T11:29:01+00:00","breadcrumb":{"@id":"https:\/\/musicmedia.fi\/kuka-musiikkialalta-olisi-sinun-suosikkisi-tahtikadun-tahden-saajaksi\/#breadcrumb"},"inLanguage":"en-GB","potentialAction":[{"@type":"ReadAction","target":["https:\/\/musicmedia.fi\/kuka-musiikkialalta-olisi-sinun-suosikkisi-tahtikadun-tahden-saajaksi\/"]}]},{"@type":"ImageObject","inLanguage":"en-GB","@id":"https:\/\/musicmedia.fi\/kuka-musiikkialalta-olisi-sinun-suosikkisi-tahtikadun-tahden-saajaksi\/#primaryimage","url":"https:\/\/musicmedia.fi\/wp-content\/uploads\/2023\/05\/20220922_Tahtikadun_tahdet2022_00101.jpg","contentUrl":"https:\/\/musicmedia.fi\/wp-content\/uploads\/2023\/05\/20220922_Tahtikadun_tahdet2022_00101.jpg","width":1024,"height":683},{"@type":"BreadcrumbList","@id":"https:\/\/musicmedia.fi\/kuka-musiikkialalta-olisi-sinun-suosikkisi-tahtikadun-tahden-saajaksi\/#breadcrumb","itemListElement":[{"@type":"ListItem","position":1,"name":"Home","item":"https:\/\/musicmedia.fi\/"},{"@type":"ListItem","position":2,"name":"Kuka musiikkialalta olisi sinun suosikkisi T\u00e4htikadun t\u00e4hden saajaksi?"}]},{"@type":"WebSite","@id":"https:\/\/musicmedia.fi\/#website","url":"https:\/\/musicmedia.fi\/","name":"Music x Media","description":"Bridging the worlds of Music, Entertainment, and Event Industries","publisher":{"@id":"https:\/\/musicmedia.fi\/#organization"},"potentialAction":[{"@type":"SearchAction","target":{"@type":"EntryPoint","urlTemplate":"https:\/\/musicmedia.fi\/?s={search_term_string}"},"query-input":{"@type":"PropertyValueSpecification","valueRequired":true,"valueName":"search_term_string"}}],"inLanguage":"en-GB"},{"@type":"Organization","@id":"https:\/\/musicmedia.fi\/#organization","name":"Music x Media","url":"https:\/\/musicmedia.fi\/","logo":{"@type":"ImageObject","inLanguage":"en-GB","@id":"https:\/\/musicmedia.fi\/#\/schema\/logo\/image\/","url":"https:\/\/musicmedia.fi\/wp-content\/uploads\/2022\/05\/logo.png","contentUrl":"https:\/\/musicmedia.fi\/wp-content\/uploads\/2022\/05\/logo.png","width":276,"height":147,"caption":"Music x Media"},"image":{"@id":"https:\/\/musicmedia.fi\/#\/schema\/logo\/image\/"}},{"@type":"Person","@id":"https:\/\/musicmedia.fi\/#\/schema\/person\/6dfb6fad0c166bc34e6122eba28eb0ca","name":"Yleinen K\u00e4ytt\u00e4j\u00e4","url":"https:\/\/musicmedia.fi\/en\/author\/moromusicmedia-fi\/"}]}},"_links":{"self":[{"href":"https:\/\/musicmedia.fi\/en\/wp-json\/wp\/v2\/posts\/4095","targetHints":{"allow":["GET"]}}],"collection":[{"href":"https:\/\/musicmedia.fi\/en\/wp-json\/wp\/v2\/posts"}],"about":[{"href":"https:\/\/musicmedia.fi\/en\/wp-json\/wp\/v2\/types\/post"}],"author":[{"embeddable":true,"href":"https:\/\/musicmedia.fi\/en\/wp-json\/wp\/v2\/users\/10"}],"replies":[{"embeddable":true,"href":"https:\/\/musicmedia.fi\/en\/wp-json\/wp\/v2\/comments?post=4095"}],"version-history":[{"count":0,"href":"https:\/\/musicmedia.fi\/en\/wp-json\/wp\/v2\/posts\/4095\/revisions"}],"wp:featuredmedia":[{"embeddable":true,"href":"https:\/\/musicmedia.fi\/en\/wp-json\/wp\/v2\/media\/4096"}],"wp:attachment":[{"href":"https:\/\/musicmedia.fi\/en\/wp-json\/wp\/v2\/media?parent=4095"}],"wp:term":[{"taxonomy":"category","embeddable":true,"href":"https:\/\/musicmedia.fi\/en\/wp-json\/wp\/v2\/categories?post=4095"},{"taxonomy":"post_tag","embeddable":true,"href":"https:\/\/musicmedia.fi\/en\/wp-json\/wp\/v2\/tags?post=4095"}],"curies":[{"name":"wp","href":"https:\/\/api.w.org\/{rel}","templated":true}]}}